{"id":37259,"date":"2020-10-18T20:43:34","date_gmt":"2020-10-18T20:43:34","guid":{"rendered":"https:\/\/jorgezanoni.com.br\/2019\/?p=37259"},"modified":"2020-10-18T20:43:34","modified_gmt":"2020-10-18T20:43:34","slug":"delegado-valdir-tramontini-titular-da-dig-de-marilia-morre-apos-infarto","status":"publish","type":"post","link":"https:\/\/jorgezanoni.com.br\/2019\/delegado-valdir-tramontini-titular-da-dig-de-marilia-morre-apos-infarto\/","title":{"rendered":"Delegado Valdir Tramontini, titular da DIG de Mar\u00edlia, morre ap\u00f3s infarto"},"content":{"rendered":"<p style=\"text-align: justify;\">Morreu na noite deste s\u00e1bado (17), v\u00edtima de um mal s\u00fabito, aos 56 anos, o delegado titular da Delegacia de Investiga\u00e7\u00f5es Gerais (DIG) de Mar\u00edlia, Valdir Tramontini.<\/p>\n<p style=\"text-align: justify;\">O delegado passou mal na casa onde morava, em Gar\u00e7a (distante 37 quil\u00f4metros de Mar\u00edlia), e chegou a ser levado para a Unidade de Pronto Atendimento (UPA) local, mas n\u00e3o resistiu.<\/p>\n<p style=\"text-align: justify;\">A informa\u00e7\u00e3o foi confirmada por colegas de trabalho e tamb\u00e9m pela institui\u00e7\u00e3o de sa\u00fade. Policiais da regi\u00e3o, incluindo o delegado seccional Wilson Carlos Fraz\u00e3o, j\u00e1 se mobilizam para apoiar a fam\u00edlia e realizar as homenagens ao delegado.<\/p>\n<p style=\"text-align: justify;\">Em entrevista ao rep\u00f3rter Francisco Neto, amigo de Tramontini e redator do site Gar\u00e7a em Foco, a m\u00e9dica Helena Baracat informou que o delegado chegou na UPA ainda recebendo massagem card\u00edaca.<\/p>\n<p style=\"text-align: justify;\">\u201cEle passou mal, familiares perceberam e acionaram o socorro. Ele chegou aqui na unidade em parada e estava praticamente sem vida\u201d, disse a m\u00e9dica.<\/p>\n<p style=\"text-align: justify;\">Tramontini havia sa\u00eddo de f\u00e9rias na quinta-feira (15). Em uma declara\u00e7\u00e3o recente em rede social, ele escreveu: \u201cser policial \u00e9 uma carreira dif\u00edcil, bastante cobrada e as vezes injusti\u00e7ada, mas que por outro lado nos permite de alguma forma minorar a dor daqueles que nos procuram em momento de dificuldades\u201d.<\/p>\n<p style=\"text-align: justify;\">Tramontini, que foi delegado respons\u00e1vel no munic\u00edpio de Gar\u00e7a, chefiava a DIG de Mar\u00edlia.<\/p>\n<p style=\"text-align: justify;\">Ele deixa a esposa Lilian e os filhos Michel e Thais. O hor\u00e1rio de vel\u00f3rio e sepultamento do delegado ainda n\u00e3o est\u00e1 definido.<\/p>\n<p style=\"text-align: justify;\">Fonte: marilianoticia.com.br\/<\/p>\n","protected":false},"excerpt":{"rendered":"<p>Morreu na noite deste s\u00e1bado (17), v\u00edtima de um mal s\u00fabito, aos 56 anos, o delegado titular da Delegacia de Investiga\u00e7\u00f5es Gerais (DIG) de Mar\u00edlia, Valdir Tramontini. O delegado passou mal na casa onde morava, em Gar\u00e7a (distante 37 quil\u00f4metros de Mar\u00edlia), e chegou a ser levado para a Unidade de Pronto Atendimento (UPA) local, [&hellip;]<\/p>\n","protected":false},"author":1,"featured_media":37260,"comment_status":"closed","ping_status":"open","sticky":false,"template":"","format":"standard","meta":{"footnotes":""},"categories":[178,110],"tags":[],"class_list":["post-37259","post","type-post","status-publish","format-standard","has-post-thumbnail","hentry","category-notadefalecimento","category-noticiasdestaque"],"_links":{"self":[{"href":"https:\/\/jorgezanoni.com.br\/2019\/wp-json\/wp\/v2\/posts\/37259","targetHints":{"allow":["GET"]}}],"collection":[{"href":"https:\/\/jorgezanoni.com.br\/2019\/wp-json\/wp\/v2\/posts"}],"about":[{"href":"https:\/\/jorgezanoni.com.br\/2019\/wp-json\/wp\/v2\/types\/post"}],"author":[{"embeddable":true,"href":"https:\/\/jorgezanoni.com.br\/2019\/wp-json\/wp\/v2\/users\/1"}],"replies":[{"embeddable":true,"href":"https:\/\/jorgezanoni.com.br\/2019\/wp-json\/wp\/v2\/comments?post=37259"}],"version-history":[{"count":0,"href":"https:\/\/jorgezanoni.com.br\/2019\/wp-json\/wp\/v2\/posts\/37259\/revisions"}],"wp:featuredmedia":[{"embeddable":true,"href":"https:\/\/jorgezanoni.com.br\/2019\/wp-json\/wp\/v2\/media\/37260"}],"wp:attachment":[{"href":"https:\/\/jorgezanoni.com.br\/2019\/wp-json\/wp\/v2\/media?parent=37259"}],"wp:term":[{"taxonomy":"category","embeddable":true,"href":"https:\/\/jorgezanoni.com.br\/2019\/wp-json\/wp\/v2\/categories?post=37259"},{"taxonomy":"post_tag","embeddable":true,"href":"https:\/\/jorgezanoni.com.br\/2019\/wp-json\/wp\/v2\/tags?post=37259"}],"curies":[{"name":"wp","href":"https:\/\/api.w.org\/{rel}","templated":true}]}}