{"id":37256,"date":"2020-10-18T20:22:33","date_gmt":"2020-10-18T20:22:33","guid":{"rendered":"https:\/\/jorgezanoni.com.br\/2019\/?p=37256"},"modified":"2020-10-18T20:22:33","modified_gmt":"2020-10-18T20:22:33","slug":"aviao-bate-em-vaca-durante-decolagem-no-ac-e-parte-ao-meio-piloto-e-passageiros-sobrevivem","status":"publish","type":"post","link":"https:\/\/jorgezanoni.com.br\/2019\/aviao-bate-em-vaca-durante-decolagem-no-ac-e-parte-ao-meio-piloto-e-passageiros-sobrevivem\/","title":{"rendered":"Avi\u00e3o bate em vaca durante decolagem no AC e parte ao meio; piloto e passageiros sobrevivem"},"content":{"rendered":"<h2 class=\"content-head__subtitle\" style=\"text-align: justify;\"><strong>Animal atravessou a pista no momento da decolagem e atingiu o trem de pouso. V\u00eddeo feito por passageiro mostra estragos logo ap\u00f3s o acidente, que ocorreu na zona rural do munic\u00edpio de Jord\u00e3o.<\/strong><\/h2>\n<div class=\"mc-column content-text active-extra-styles \" data-block-type=\"unstyled\" data-block-weight=\"44\" data-block-id=\"2\">\n<p class=\"content-text__container \" style=\"text-align: justify;\" data-track-category=\"Link no Texto\" data-track-links=\"\">Uma aeronave de pequeno porte ficou partida ao meio depois de bater contra uma vaca enquanto decolava. O acidente ocorreu na sexta-feira (17), em uma pista na comunidade Novo Porto, na zona rural do munic\u00edpio de Jord\u00e3o, uma dos munic\u00edpios isolados do Acre.<\/p>\n<\/div>\n<div class=\"wall protected-content\">\n<div class=\"mc-column content-text active-extra-styles \" style=\"text-align: justify;\" data-block-type=\"unstyled\" data-block-weight=\"43\" data-block-id=\"3\">\n<p class=\"content-text__container \" data-track-category=\"Link no Texto\" data-track-links=\"\">A comunidade fica a cerca de 45 quil\u00f4metros da cidade. Ainda impressionado, um dos passageiros da aeronave, Manoel Herles, de 32 anos, contou ao\u00a0<strong>G1\u00a0<\/strong>como tudo aconteceu. Al\u00e9m dele e do piloto, estava um outro passageiro. Ningu\u00e9m ficou com ferimentos graves.<\/p>\n<\/div>\n<div class=\"mc-column content-text active-extra-styles \" style=\"text-align: justify;\" data-block-type=\"unstyled\" data-block-weight=\"48\" data-block-id=\"4\">\n<p class=\"content-text__container \" data-track-category=\"Link no Texto\" data-track-links=\"\">A reportagem entrou em contato com a Ag\u00eancia Nacional de Avia\u00e7\u00e3o Civil (Anac) pelo telefone disponibilizado \u00e0 imprensa na internet e tamb\u00e9m mandou um e-mail para saber se a aeronave envolvida no acidente est\u00e1 regularizada junto ao \u00f3rg\u00e3o, mas at\u00e9 \u00faltima atualiza\u00e7\u00e3o desta mat\u00e9ria n\u00e3o obteve resposta.<\/p>\n<\/div>\n<div class=\"mc-column content-text active-extra-styles \" style=\"text-align: justify;\" data-block-type=\"unstyled\" data-block-weight=\"41\" data-block-id=\"5\">\n<p class=\"content-text__container \" data-track-category=\"Link no Texto\" data-track-links=\"\">Por\u00e9m, no site do \u00f3rg\u00e3o consta que o certificado de aeronavegabilidade est\u00e1 suspenso e a aeronave n\u00e3o tem autoriza\u00e7\u00e3o para fazer o servi\u00e7o de t\u00e1xi a\u00e9reo. O\u00a0<strong>G1<\/strong>\u00a0n\u00e3o conseguiu contato com o piloto e nem com o dono do avi\u00e3o.<\/p>\n<\/div>\n<div class=\"mc-column content-text active-extra-styles \" data-block-type=\"unstyled\" data-block-weight=\"48\" data-block-id=\"6\">\n<p class=\"content-text__container \" style=\"text-align: justify;\" data-track-category=\"Link no Texto\" data-track-links=\"\">O passageiro disse que a aeronave estava em velocidade j\u00e1 para decolar quando ao menos 15 vacas e bois surgiram na pista. Para evitar um acidente ainda pior, o piloto tentou decolar de forma mais r\u00e1pida, mas o trem de pouso ainda bateu em um dos animais.<\/p>\n<div class=\"mc-column content-text active-extra-styles \" style=\"text-align: justify;\" data-block-type=\"unstyled\" data-block-weight=\"36\" data-block-id=\"9\">\n<p class=\"content-text__container \" data-track-category=\"Link no Texto\" data-track-links=\"\">O avi\u00e3o ainda subiu cerca de cinco metros, mas, como o piloto percebeu o impacto, resolveu desligar o motor enquanto ainda n\u00e3o estava em uma altura t\u00e3o elevada. Foi quando a aeronave caiu ao solo.<\/p>\n<\/div>\n<div class=\"mc-column content-text active-extra-styles\" style=\"text-align: justify;\" data-block-type=\"raw\" data-block-weight=\"75\" data-block-id=\"10\">\n<blockquote class=\"content-blockquote theme-border-color-primary-before\"><p>\u201cA pista estava livre, mas a\u00ed do nada apareceram os animais. O piloto levantou a frente do avi\u00e3o justamente para a gente n\u00e3o bater em todos, talvez o acidente teria sido ainda maior. Batemos no ch\u00e3o tr\u00eas vezes, rodamos e no terceiro impacto o avi\u00e3o partiu ao meio e s\u00f3 parou quando encostou em uma \u00e1rvore. Eu estava na parte de tr\u00e1s e quebrou bem nos meus p\u00e9s. Foi tudo muito r\u00e1pido\u201d, contou o passageiro.<\/p><\/blockquote>\n<\/div>\n<div class=\"mc-column content-text active-extra-styles \" style=\"text-align: justify;\" data-block-type=\"unstyled\" data-block-weight=\"32\" data-block-id=\"11\">\n<p class=\"content-text__container \" data-track-category=\"Link no Texto\" data-track-links=\"\">Depois de cair, o avi\u00e3o ficou distante cerca de 15 metros do local do impacto com o animal. A vaca tamb\u00e9m foi arremessada a uma dist\u00e2ncia de cinco metros e morreu.<\/p>\n<\/div>\n<div class=\"mc-column content-text active-extra-styles \" data-block-type=\"unstyled\" data-block-weight=\"38\" data-block-id=\"12\">\n<p class=\"content-text__container \" style=\"text-align: justify;\" data-track-category=\"Link no Texto\" data-track-links=\"\">&#8220;Foi um susto muito grande, n\u00e3o consigo nem explicar. Fiquei s\u00f3 com alguns arranh\u00f5es na perna, mas tem o trauma psicol\u00f3gico que fica, com certeza. A vida passa em segundos pela nossa cabe\u00e7a numa hora dessa&#8221;, disse Herles.<\/p>\n<p style=\"text-align: justify;\" data-track-category=\"Link no Texto\" data-track-links=\"\">Fonte: https:\/\/g1.globo.com\/ac\/acre\/noticia\/2020\/10\/18\/aviao-bate-em-vaca-durante-decolagem-no-ac-e-parte-ao-meio-piloto-e-passageiros-sobrevivem.ghtml<\/p>\n<\/div>\n<\/div>\n<\/div>\n","protected":false},"excerpt":{"rendered":"<p>Animal atravessou a pista no momento da decolagem e atingiu o trem de pouso. V\u00eddeo feito por passageiro mostra estragos logo ap\u00f3s o acidente, que ocorreu na zona rural do munic\u00edpio de Jord\u00e3o. Uma aeronave de pequeno porte ficou partida ao meio depois de bater contra uma vaca enquanto decolava. O acidente ocorreu na sexta-feira [&hellip;]<\/p>\n","protected":false},"author":1,"featured_media":37257,"comment_status":"closed","ping_status":"open","sticky":false,"template":"","format":"standard","meta":{"footnotes":""},"categories":[170,110],"tags":[],"class_list":["post-37256","post","type-post","status-publish","format-standard","has-post-thumbnail","hentry","category-acidentes","category-noticiasdestaque"],"_links":{"self":[{"href":"https:\/\/jorgezanoni.com.br\/2019\/wp-json\/wp\/v2\/posts\/37256","targetHints":{"allow":["GET"]}}],"collection":[{"href":"https:\/\/jorgezanoni.com.br\/2019\/wp-json\/wp\/v2\/posts"}],"about":[{"href":"https:\/\/jorgezanoni.com.br\/2019\/wp-json\/wp\/v2\/types\/post"}],"author":[{"embeddable":true,"href":"https:\/\/jorgezanoni.com.br\/2019\/wp-json\/wp\/v2\/users\/1"}],"replies":[{"embeddable":true,"href":"https:\/\/jorgezanoni.com.br\/2019\/wp-json\/wp\/v2\/comments?post=37256"}],"version-history":[{"count":0,"href":"https:\/\/jorgezanoni.com.br\/2019\/wp-json\/wp\/v2\/posts\/37256\/revisions"}],"wp:featuredmedia":[{"embeddable":true,"href":"https:\/\/jorgezanoni.com.br\/2019\/wp-json\/wp\/v2\/media\/37257"}],"wp:attachment":[{"href":"https:\/\/jorgezanoni.com.br\/2019\/wp-json\/wp\/v2\/media?parent=37256"}],"wp:term":[{"taxonomy":"category","embeddable":true,"href":"https:\/\/jorgezanoni.com.br\/2019\/wp-json\/wp\/v2\/categories?post=37256"},{"taxonomy":"post_tag","embeddable":true,"href":"https:\/\/jorgezanoni.com.br\/2019\/wp-json\/wp\/v2\/tags?post=37256"}],"curies":[{"name":"wp","href":"https:\/\/api.w.org\/{rel}","templated":true}]}}