{"id":37246,"date":"2020-10-18T13:10:37","date_gmt":"2020-10-18T13:10:37","guid":{"rendered":"https:\/\/jorgezanoni.com.br\/2019\/?p=37246"},"modified":"2020-10-18T13:10:37","modified_gmt":"2020-10-18T13:10:37","slug":"18-de-outubro-dia-do-medico-saiba-como-essa-data-foi-escolhida","status":"publish","type":"post","link":"https:\/\/jorgezanoni.com.br\/2019\/18-de-outubro-dia-do-medico-saiba-como-essa-data-foi-escolhida\/","title":{"rendered":"18 De Outubro, Dia Do M\u00e9dico: Saiba Como Essa Data Foi Escolhida"},"content":{"rendered":"<p style=\"text-align: justify;\">O papel do m\u00e9dico, como profissional respons\u00e1vel pela promo\u00e7\u00e3o da sa\u00fade da popula\u00e7\u00e3o, incentivo a uma vida saud\u00e1vel e preven\u00e7\u00e3o, diagn\u00f3stico e tratamento de doen\u00e7as, \u00e9 imprescind\u00edvel em nossa sociedade, por isso, nada mais justo do que dedicarmos um dia em sua homenagem. O Brasil comemora o Dia do M\u00e9dico em 18 de outubro, data em que tamb\u00e9m \u00e9 celebrado o Dia de S\u00e3o Lucas, o santo protetor dos m\u00e9dicos, mas a data pode variar ao redor do mundo.<\/p>\n<h2 style=\"text-align: justify;\">A origem do Dia do M\u00e9dico no Brasil<\/h2>\n<p style=\"text-align: justify;\">A escolha do dia 18 de outubro para homenagear os m\u00e9dicos no Brasil tem origem crist\u00e3. Nessa data, a Igreja Cat\u00f3lica comemora o Dia de S\u00e3o Lucas, um santo que em vida foi m\u00e9dico e, por isso, \u00e9 considerado o protetor dos m\u00e9dicos pelos cat\u00f3licos.<\/p>\n<p style=\"text-align: justify;\">O estabelecimento do Dia do M\u00e9dico no Brasil \u00e9 atribu\u00eddo a Eurico Branco Ribeiro, um conhecido m\u00e9dico paranaense. Entretanto, n\u00e3o existem informa\u00e7\u00f5es exatas sobre quando a data foi estabelecida no pa\u00eds.<\/p>\n<p style=\"text-align: justify;\">O idealizador do Dia do M\u00e9dico no Brasil nasceu em Guarapuava, em 1902, se formou em Medicina pela Faculdade de Medicina de S\u00e3o Paulo, em 1927, foi professor de cirurgia e fundou o Sanat\u00f3rio S\u00e3o Lucas, em S\u00e3o Paulo. Al\u00e9m de m\u00e9dico, ele foi escritor e filantropo e tamb\u00e9m era um crist\u00e3o devotado. Assim, surgiu seu interesse pela vida de S\u00e3o Lucas, levando-o a pesquisar sobre essa figura crist\u00e3, o que resultou em alguns livros a respeito do santo.<\/p>\n<p style=\"text-align: justify;\">O primeiro foi lan\u00e7ado em 1969. \u201cM\u00e9dico, Pintor e Santo\u201d \u00e9 uma obra de quatro volumes com mais de 600 p\u00e1ginas. Nela, Ribeiro cita que a Universidade de P\u00e1dua, na It\u00e1lia, come\u00e7ou o seu ano letivo de 1463 em um dia 18 de outubro para homenagear S\u00e3o Lucas, que foi anunciado patrono do \u201cCol\u00e9gio dos Fil\u00f3sofos e M\u00e9dicos\u201d.<\/p>\n<p style=\"text-align: justify;\">O m\u00e9dico paranaense ainda lan\u00e7ou mais duas obras sobre S\u00e3o Lucas: \u201cO Livro que Lucas n\u00e3o Escreveu\u201d, em 1969, e \u201cLucas, o M\u00e9dico Escravo\u201d, em 1974. Seus estudos e publica\u00e7\u00f5es fizeram com que fosse considerado um dos maiores entendedores de S\u00e3o Lucas em todo o mundo.<\/p>\n<h2 style=\"text-align: justify;\">Dia do M\u00e9dico e S\u00e3o Lucas<\/h2>\n<p style=\"text-align: justify;\">S\u00e3o Lucas, padroeiro dos m\u00e9dicos na religi\u00e3o cat\u00f3lica, foi um dos quatro evangelistas do Novo Testamento. Em ordem cronol\u00f3gica, seu evangelho \u00e9 o terceiro, ap\u00f3s os evangelhos de Mateus e Marcos. Ele tamb\u00e9m escreveu o \u201cAto dos Ap\u00f3stolos\u201d, que serve como complemento do evangelho. Embora Lucas n\u00e3o tenha convivido pessoalmente com Jesus, seus textos s\u00e3o baseados nos depoimentos de pessoas que foram testemunhas da vida e da morte do Messias crist\u00e3o.<\/p>\n<p style=\"text-align: justify;\">Al\u00e9m de m\u00e9dico, acredita-se que S\u00e3o Lucas tamb\u00e9m era pintor, historiador e m\u00fasico. Considerado patrono dos m\u00e9dicos desde o s\u00e9culo XV, ele teria estudado Medicina na Antioquia, cidade onde tamb\u00e9m teria nascido. A Antioquia era uma cidade que hoje est\u00e1 localizada em um territ\u00f3rio s\u00edrio. Na \u00e9poca de Lucas, a cidade foi um dos centros mais importantes da civiliza\u00e7\u00e3o hel\u00eanica na \u00c1sia Menor. O m\u00e9dico n\u00e3o era hebreu e sim gentio, denomina\u00e7\u00e3o dada a todo aquele que n\u00e3o seguia a f\u00e9 judaica, tendo posteriormente se convertido ao cristianismo. Ele teria vivido no s\u00e9culo I d.C., mas n\u00e3o se sabe com exatid\u00e3o a data de seu nascimento, bem como a data de sua morte.<\/p>\n<p style=\"text-align: justify;\">Na verdade, n\u00e3o h\u00e1 informa\u00e7\u00f5es precisas sobre a vida de S\u00e3o Lucas, mas acredita-se que ele morreu aos 84 anos. N\u00e3o se sabe com clareza se a data 18 de outubro se refere ao seu nascimento ou \u00e0 sua morte.<\/p>\n<p style=\"text-align: justify;\">Mesmo sem provas documentadas, para a Igreja, existem provas indiretas de que ele foi m\u00e9dico, sendo poss\u00edvel encontrar as principais delas na pr\u00f3pria B\u00edblia. A primeira est\u00e1 na ep\u00edstola aos colossenses, quando S\u00e3o Paulo se refere a ele como \u201cLucas, o amado m\u00e9dico\u201d. Lucas e Paulo teriam sido grandes amigos. Refer\u00eancias hist\u00f3ricas tamb\u00e9m dizem que Lucas foi um m\u00e9dico bondoso, abnegado e que se dedicava aos seus pacientes.<\/p>\n<p style=\"text-align: justify;\">Outro ind\u00edcio de sua profiss\u00e3o est\u00e1 na terminologia usada por ele mesmo em seus escritos. Em algumas passagens, Lucas usa termos e palavras que mostram certa familiaridade com a linguagem m\u00e9dica da \u00e9poca. Esse ind\u00edcio se tornou objeto de estudos cr\u00edticos comparativos entre os textos dos evangelhos de Marcos, Mateus e Lucas, sendo indicado pela Igreja Cat\u00f3lica como relevante na comprova\u00e7\u00e3o de que S\u00e3o Lucas foi mesmo m\u00e9dico.<\/p>\n<h2 style=\"text-align: justify;\">O Dia do M\u00e9dico pelo mundo<\/h2>\n<p style=\"text-align: justify;\">A escolha do dia 18 de outubro como Dia do M\u00e9dico \u2013 e de S\u00e3o Lucas como patrono desses profissionais \u2013 \u00e9 comum em v\u00e1rios pa\u00edses de base crist\u00e3, entre eles: It\u00e1lia, Portugal, Fran\u00e7a, Espanha, B\u00e9lgica e Pol\u00f4nia, al\u00e9m do pr\u00f3prio Brasil.<\/p>\n<p style=\"text-align: justify;\">Embora existam relatos de que a Inglaterra tamb\u00e9m comemore essa data em 18 de outubro, ela ainda n\u00e3o foi reconhecida oficialmente no Reino Unido, j\u00e1 que existe uma peti\u00e7\u00e3o no site do parlamento brit\u00e2nico pedindo a institui\u00e7\u00e3o de uma data para celebrar esses profissionais e o trabalho que desenvolvem junto \u00e0 comunidade.<\/p>\n<p style=\"text-align: justify;\">Mas existem diversas na\u00e7\u00f5es ao redor do mundo que homenageiam seus m\u00e9dicos em datas diferentes.<\/p>\n<p style=\"text-align: justify;\">Os Estados Unidos comemoram o Dia do M\u00e9dico (Doctor\u2019s Day) em 30 de mar\u00e7o, data em que a anestesia foi administrada pela primeira vez em um paciente em 1842, pelo Dr. Crawford W. Long, no estado da Georgia. Existem registros de que os americanos comemoram essa data desde 1930, quando foi criada pela esposa de um m\u00e9dico na Georgia, a sra. Eudora Brown Almond. A primeira comemora\u00e7\u00e3o do Dia do M\u00e9dico no pa\u00eds teria sido realizada pelas esposas de alguns m\u00e9dicos em Winder Georgia, no nordeste de Atlanta, capital da Georgia. Entretanto, o dia s\u00f3 foi oficializado em 1990 pelo ent\u00e3o presidente George W. Bush, atrav\u00e9s de uma lei.<\/p>\n<p style=\"text-align: justify;\">No Canad\u00e1 tamb\u00e9m se comemora o Doctors\u2019 Day, mas no dia 1\u00ba de mar\u00e7o, data que marca o nascimento da Dra. Emily Stowe, primeira mulher a ser m\u00e9dica no pa\u00eds. A data \u00e9 oficial desde o ano de 2011.<\/p>\n<p style=\"text-align: justify;\">O dia 1\u00b0 de julho foi escolhido para a comemora\u00e7\u00e3o do Dia do M\u00e9dico na \u00cdndia, em homenagem ao Dr. Bidhan Chandra Roy, um grande m\u00e9dico indiano, que cursou medicina no Medical College Calcutta, na University of Calcutta. Ele tamb\u00e9m foi Ministro-chefe de Bengal Ocidental durante 14 anos \u2013 de 1948 at\u00e9 morrer aos 80 anos, em 1962. Foi um m\u00e9dico respeitado e fundou cinco cidades: Bidhannagar, Durgapur, Kalyani, Habra e Ashokenagar. Ele recebeu a mais alta condecora\u00e7\u00e3o civil do pa\u00eds. Nasceu e morreu no dia 1\u00b0 de julho, por isso a escolha da data.<\/p>\n<p style=\"text-align: justify;\">No Ir\u00e3, o Dia do M\u00e9dico Nacional \u00e9 comemorado no anivers\u00e1rio de Avicena. Esse pa\u00eds usa um calend\u00e1rio diferente, sendo que o dia Shahrivar iraniano corresponde ao nosso dia 23 de agosto. Avicena escreveu aproximadamente 450 tratados sobre variados assuntos. Apenas 240 deles sobreviveram, sendo 150 sobre filosofia e 40 sobre medicina. \u201cThe Book of Healing\u201d, uma grande enciclop\u00e9dia filos\u00f3fica e cient\u00edfica, \u00e9 sua obra mais famosa, juntamente com \u201cThe Canon of<\/p>\n<p style=\"text-align: justify;\">Medicine\u201d, texto m\u00e9dico padr\u00e3o utilizado em diversas universidades medievais.<\/p>\n<p style=\"text-align: justify;\">Diversos pa\u00edses da Am\u00e9rica Latina, como Argentina, Uruguai, Cuba e Paraguai, celebram o Dia Internacional del M\u00e9dico em 3 de dezembro, em homenagem ao m\u00e9dico de origem cubana Dr. Carlos Finlay, respons\u00e1vel por comprovar a teoria de que a febre amarela se propaga atrav\u00e9s do mosquito Aedes aegypti, salvando milhares de vidas no continente e impulsionando as pesquisas m\u00e9dicas na Am\u00e9rica tropical. A data foi estabelecida pelo Pan American Medical Congress, em 1933, em Dallas, nos Estados Unidos. O evento coincidiu com o centen\u00e1rio do nascimento do m\u00e9dico (03 de dezembro de 1833).<\/p>\n<p style=\"text-align: justify;\">A Venezuela celebra el Dia del M\u00e9dico Venezolano desde 1955 no dia 10 de mar\u00e7o, data de nascimento de Jos\u00e9 Mar\u00eda Vargas, que, al\u00e9m de m\u00e9dico, foi presidente da Rep\u00fablica, inovador da medicina no pa\u00eds e<\/p>\n<p style=\"text-align: justify;\">o primeiro reitor da Universidade Central da Venezuela.<\/p>\n<p style=\"text-align: justify;\">J\u00e1 o M\u00e9xico comemora em 23 de outubro el Dia del M\u00e9dico. A data foi escolhida como forma de celebrar a inaugura\u00e7\u00e3o do Establecimiento de Ciencias Medicas, em 1833, uma institui\u00e7\u00e3o de ensino superior respons\u00e1vel por desenvolver a medicina nacional.<\/p>\n<p style=\"text-align: justify;\">Podemos ver que o Dia do M\u00e9dico \u00e9 celebrado em todo o mundo, geralmente em datas que comemoram os avan\u00e7os da medicina ou que celebram grandes nomes da \u00e1rea, reconhecendo a import\u00e2ncia global dessa profiss\u00e3o para a coletividade.<\/p>\n<h2 style=\"text-align: justify;\">Import\u00e2ncia do Dia do M\u00e9dico<\/h2>\n<p style=\"text-align: justify;\">A comemora\u00e7\u00e3o do Dia do M\u00e9dico \u00e9 uma forma da sociedade como um todo reconhecer e homenagear o trabalho desse profissional, que dedica a sua vida ao bem-estar e \u00e0 minimiza\u00e7\u00e3o dos sofrimentos<\/p>\n<p style=\"text-align: justify;\">da popula\u00e7\u00e3o. \u00c9 uma data simb\u00f3lica, que nos permite agradecer os sacrif\u00edcios e a dedica\u00e7\u00e3o de cada m\u00e9dico que j\u00e1 cuidou de n\u00f3s.<\/p>\n<p style=\"text-align: justify;\">Al\u00e9m da grande responsabilidade que essa profiss\u00e3o exige, muitos m\u00e9dicos enfrentam muitas dificuldades todos os dias, como a falta de recursos e de estrutura em muitos hospitais do Brasil. Mais do que um reconhecimento da import\u00e2ncia dessa classe, o Dia do M\u00e9dico \u00e9 tamb\u00e9m uma data para se pedir mais investimentos na \u00e1rea da sa\u00fade e por condi\u00e7\u00f5es de trabalho adequadas.<\/p>\n<p style=\"text-align: justify;\">Fonte: https:\/\/blog.imedicina.com.br\/18-de-outubro-e-dia-do-medico-saiba-um-pouco-sobre-como-essa-data-foi-escolhida\/<\/p>\n","protected":false},"excerpt":{"rendered":"<p>O papel do m\u00e9dico, como profissional respons\u00e1vel pela promo\u00e7\u00e3o da sa\u00fade da popula\u00e7\u00e3o, incentivo a uma vida saud\u00e1vel e preven\u00e7\u00e3o, diagn\u00f3stico e tratamento de doen\u00e7as, \u00e9 imprescind\u00edvel em nossa sociedade, por isso, nada mais justo do que dedicarmos um dia em sua homenagem. O Brasil comemora o Dia do M\u00e9dico em 18 de outubro, data [&hellip;]<\/p>\n","protected":false},"author":1,"featured_media":37247,"comment_status":"closed","ping_status":"open","sticky":false,"template":"","format":"standard","meta":{"footnotes":""},"categories":[110,122],"tags":[],"class_list":["post-37246","post","type-post","status-publish","format-standard","has-post-thumbnail","hentry","category-noticiasdestaque","category-saudeeducacaoeconcurso"],"_links":{"self":[{"href":"https:\/\/jorgezanoni.com.br\/2019\/wp-json\/wp\/v2\/posts\/37246","targetHints":{"allow":["GET"]}}],"collection":[{"href":"https:\/\/jorgezanoni.com.br\/2019\/wp-json\/wp\/v2\/posts"}],"about":[{"href":"https:\/\/jorgezanoni.com.br\/2019\/wp-json\/wp\/v2\/types\/post"}],"author":[{"embeddable":true,"href":"https:\/\/jorgezanoni.com.br\/2019\/wp-json\/wp\/v2\/users\/1"}],"replies":[{"embeddable":true,"href":"https:\/\/jorgezanoni.com.br\/2019\/wp-json\/wp\/v2\/comments?post=37246"}],"version-history":[{"count":0,"href":"https:\/\/jorgezanoni.com.br\/2019\/wp-json\/wp\/v2\/posts\/37246\/revisions"}],"wp:featuredmedia":[{"embeddable":true,"href":"https:\/\/jorgezanoni.com.br\/2019\/wp-json\/wp\/v2\/media\/37247"}],"wp:attachment":[{"href":"https:\/\/jorgezanoni.com.br\/2019\/wp-json\/wp\/v2\/media?parent=37246"}],"wp:term":[{"taxonomy":"category","embeddable":true,"href":"https:\/\/jorgezanoni.com.br\/2019\/wp-json\/wp\/v2\/categories?post=37246"},{"taxonomy":"post_tag","embeddable":true,"href":"https:\/\/jorgezanoni.com.br\/2019\/wp-json\/wp\/v2\/tags?post=37246"}],"curies":[{"name":"wp","href":"https:\/\/api.w.org\/{rel}","templated":true}]}}