{"id":37171,"date":"2020-10-17T01:06:55","date_gmt":"2020-10-17T01:06:55","guid":{"rendered":"https:\/\/jorgezanoni.com.br\/2019\/?p=37171"},"modified":"2020-10-17T01:16:53","modified_gmt":"2020-10-17T01:16:53","slug":"animais-continuam-soltos-pelas-ruas-sem-providencia-pelos-setores-competentes","status":"publish","type":"post","link":"https:\/\/jorgezanoni.com.br\/2019\/animais-continuam-soltos-pelas-ruas-sem-providencia-pelos-setores-competentes\/","title":{"rendered":"Animais continuam soltos pelas ruas sem provid\u00eancia pelos setores competentes"},"content":{"rendered":"<p style=\"text-align: justify;\">Essa semana j\u00e1 foi motivo de mat\u00e9ria equinos na vicinal Jo\u00e3o Ara\u00fajo e as reclama\u00e7\u00f5es de mun\u00edcipes continuam,<\/p>\n<p style=\"text-align: justify;\">Desta vez na Rua Alcides Violin no Jardim Nova Dracena outro animal foi visto na manh\u00e3 de hoje percorrendo as ruas do bairro.<\/p>\n<p style=\"text-align: justify;\">A fiscaliza\u00e7\u00e3o tem que ser feita, \u00e9 obriga\u00e7\u00e3o da administra\u00e7\u00e3o, e os respons\u00e1veis pelos animais tem que serem punidos com pesadas multas.<\/p>\n<p>Nas imagens d\u00e1 para observar que est\u00e1 atrapalhando tr\u00e2nsito e pode causar acidentes, e ainda que aparentemente o animal est\u00e1 mal tratado.<\/p>\n<p>Est\u00e3o esperando acontecer algum acidente grave para tomar provid\u00eancia?<\/p>\n<p style=\"text-align: justify;\"><img loading=\"lazy\" decoding=\"async\" class=\"alignnone size-full wp-image-37172\" src=\"https:\/\/jorgezanoni.com.br\/2019\/wp-content\/uploads\/2020\/10\/animal-2.jpg\" alt=\"\" width=\"664\" height=\"892\" srcset=\"https:\/\/jorgezanoni.com.br\/2019\/wp-content\/uploads\/2020\/10\/animal-2.jpg 664w, https:\/\/jorgezanoni.com.br\/2019\/wp-content\/uploads\/2020\/10\/animal-2-223x300.jpg 223w, https:\/\/jorgezanoni.com.br\/2019\/wp-content\/uploads\/2020\/10\/animal-2-313x420.jpg 313w\" sizes=\"auto, (max-width: 664px) 100vw, 664px\" \/> <img loading=\"lazy\" decoding=\"async\" class=\"alignnone size-full wp-image-37173\" src=\"https:\/\/jorgezanoni.com.br\/2019\/wp-content\/uploads\/2020\/10\/animal1-2.jpg\" alt=\"\" width=\"556\" height=\"971\" srcset=\"https:\/\/jorgezanoni.com.br\/2019\/wp-content\/uploads\/2020\/10\/animal1-2.jpg 556w, https:\/\/jorgezanoni.com.br\/2019\/wp-content\/uploads\/2020\/10\/animal1-2-172x300.jpg 172w, https:\/\/jorgezanoni.com.br\/2019\/wp-content\/uploads\/2020\/10\/animal1-2-240x420.jpg 240w\" sizes=\"auto, (max-width: 556px) 100vw, 556px\" \/> <img loading=\"lazy\" decoding=\"async\" class=\"alignnone size-full wp-image-37174\" src=\"https:\/\/jorgezanoni.com.br\/2019\/wp-content\/uploads\/2020\/10\/animal2-2.jpg\" alt=\"\" width=\"687\" height=\"863\" srcset=\"https:\/\/jorgezanoni.com.br\/2019\/wp-content\/uploads\/2020\/10\/animal2-2.jpg 687w, https:\/\/jorgezanoni.com.br\/2019\/wp-content\/uploads\/2020\/10\/animal2-2-239x300.jpg 239w, https:\/\/jorgezanoni.com.br\/2019\/wp-content\/uploads\/2020\/10\/animal2-2-334x420.jpg 334w\" sizes=\"auto, (max-width: 687px) 100vw, 687px\" \/> <img loading=\"lazy\" decoding=\"async\" class=\"alignnone size-full wp-image-37175\" src=\"https:\/\/jorgezanoni.com.br\/2019\/wp-content\/uploads\/2020\/10\/animal3-2.jpg\" alt=\"\" width=\"679\" height=\"984\" srcset=\"https:\/\/jorgezanoni.com.br\/2019\/wp-content\/uploads\/2020\/10\/animal3-2.jpg 679w, https:\/\/jorgezanoni.com.br\/2019\/wp-content\/uploads\/2020\/10\/animal3-2-207x300.jpg 207w, https:\/\/jorgezanoni.com.br\/2019\/wp-content\/uploads\/2020\/10\/animal3-2-290x420.jpg 290w\" sizes=\"auto, (max-width: 679px) 100vw, 679px\" \/><\/p>\n<p>Fotos de Internauta.<\/p>\n","protected":false},"excerpt":{"rendered":"<p>Essa semana j\u00e1 foi motivo de mat\u00e9ria equinos na vicinal Jo\u00e3o Ara\u00fajo e as reclama\u00e7\u00f5es de mun\u00edcipes continuam, Desta vez na Rua Alcides Violin no Jardim Nova Dracena outro animal foi visto na manh\u00e3 de hoje percorrendo as ruas do bairro. A fiscaliza\u00e7\u00e3o tem que ser feita, \u00e9 obriga\u00e7\u00e3o da administra\u00e7\u00e3o, e os respons\u00e1veis pelos [&hellip;]<\/p>\n","protected":false},"author":1,"featured_media":37172,"comment_status":"closed","ping_status":"open","sticky":false,"template":"","format":"standard","meta":{"footnotes":""},"categories":[179,184,110],"tags":[],"class_list":["post-37171","post","type-post","status-publish","format-standard","has-post-thumbnail","hentry","category-cidadeseregiao","category-dracena","category-noticiasdestaque"],"_links":{"self":[{"href":"https:\/\/jorgezanoni.com.br\/2019\/wp-json\/wp\/v2\/posts\/37171","targetHints":{"allow":["GET"]}}],"collection":[{"href":"https:\/\/jorgezanoni.com.br\/2019\/wp-json\/wp\/v2\/posts"}],"about":[{"href":"https:\/\/jorgezanoni.com.br\/2019\/wp-json\/wp\/v2\/types\/post"}],"author":[{"embeddable":true,"href":"https:\/\/jorgezanoni.com.br\/2019\/wp-json\/wp\/v2\/users\/1"}],"replies":[{"embeddable":true,"href":"https:\/\/jorgezanoni.com.br\/2019\/wp-json\/wp\/v2\/comments?post=37171"}],"version-history":[{"count":0,"href":"https:\/\/jorgezanoni.com.br\/2019\/wp-json\/wp\/v2\/posts\/37171\/revisions"}],"wp:featuredmedia":[{"embeddable":true,"href":"https:\/\/jorgezanoni.com.br\/2019\/wp-json\/wp\/v2\/media\/37172"}],"wp:attachment":[{"href":"https:\/\/jorgezanoni.com.br\/2019\/wp-json\/wp\/v2\/media?parent=37171"}],"wp:term":[{"taxonomy":"category","embeddable":true,"href":"https:\/\/jorgezanoni.com.br\/2019\/wp-json\/wp\/v2\/categories?post=37171"},{"taxonomy":"post_tag","embeddable":true,"href":"https:\/\/jorgezanoni.com.br\/2019\/wp-json\/wp\/v2\/tags?post=37171"}],"curies":[{"name":"wp","href":"https:\/\/api.w.org\/{rel}","templated":true}]}}