{"id":3703,"date":"2019-08-12T22:32:59","date_gmt":"2019-08-12T22:32:59","guid":{"rendered":"https:\/\/jorgezanoni.com.br\/2019\/?p=3703"},"modified":"2019-08-14T22:17:46","modified_gmt":"2019-08-14T22:17:46","slug":"morre-juvenal-pezolato-terceiro-prefeito-municipal-de-dracena","status":"publish","type":"post","link":"https:\/\/jorgezanoni.com.br\/2019\/morre-juvenal-pezolato-terceiro-prefeito-municipal-de-dracena\/","title":{"rendered":"Morre Juvenal Pezolato, terceiro Prefeito Municipal de Dracena"},"content":{"rendered":"<p style=\"text-align: justify;\"><strong>Faleceu no final desta tarde em Santa B\u00e1rbara do Oeste, o terceiro Prefeito de Dracena, Sr. Juvenal Pezolato aos 93 anos.<\/strong><\/p>\n<p style=\"text-align: justify;\"><strong><img loading=\"lazy\" decoding=\"async\" class=\"alignnone size-full wp-image-3704\" src=\"https:\/\/jorgezanoni.com.br\/2019\/wp-content\/uploads\/2019\/08\/Pezolato.jpg\" alt=\"\" width=\"733\" height=\"960\" srcset=\"https:\/\/jorgezanoni.com.br\/2019\/wp-content\/uploads\/2019\/08\/Pezolato.jpg 733w, https:\/\/jorgezanoni.com.br\/2019\/wp-content\/uploads\/2019\/08\/Pezolato-229x300.jpg 229w, https:\/\/jorgezanoni.com.br\/2019\/wp-content\/uploads\/2019\/08\/Pezolato-696x912.jpg 696w, https:\/\/jorgezanoni.com.br\/2019\/wp-content\/uploads\/2019\/08\/Pezolato-321x420.jpg 321w\" sizes=\"auto, (max-width: 733px) 100vw, 733px\" \/><\/strong><\/p>\n<p style=\"text-align: justify;\">Juvenal Pezolato nasceu em Lins no dia 30 de mar\u00e7o de 1926. Era considerado um poeta e pol\u00edtico brasileiro. Foi prefeito da &#8220;Cidade Milagre entre 1957 a 1961<sup id=\"cite_ref-1\" class=\"reference\"><\/sup>, tendo implantado toda a infra-estrutura na cidade. Com educa\u00e7\u00e3o prim\u00e1ria, contador pr\u00e1tico, foi eleito pelo Correio Paulistano um dos dez melhores prefeitos do estado de S\u00e3o Paulo em 1959. Al\u00e9m de ter realizado carreira pol\u00edtica, foi l\u00edder de empres\u00e1rios na abertura de \u00e1reas de terras no estado de Mato Grosso. Era casado com a senhora Emilia Scheleger Pezolato. Tamb\u00e9m foi Vereador de 1961 a 1965 ap\u00f3s ter sido Prefeito.<\/p>\n<p><img loading=\"lazy\" decoding=\"async\" class=\"alignnone size-full wp-image-3876\" src=\"https:\/\/jorgezanoni.com.br\/2019\/wp-content\/uploads\/2019\/08\/Rua-Santa-B\u00e1rbara.jpg\" alt=\"\" width=\"555\" height=\"640\" srcset=\"https:\/\/jorgezanoni.com.br\/2019\/wp-content\/uploads\/2019\/08\/Rua-Santa-B\u00e1rbara.jpg 555w, https:\/\/jorgezanoni.com.br\/2019\/wp-content\/uploads\/2019\/08\/Rua-Santa-B\u00e1rbara-260x300.jpg 260w, https:\/\/jorgezanoni.com.br\/2019\/wp-content\/uploads\/2019\/08\/Rua-Santa-B\u00e1rbara-364x420.jpg 364w\" sizes=\"auto, (max-width: 555px) 100vw, 555px\" \/><\/p>\n<p style=\"text-align: justify;\">Em Santa B\u00e1rbara, cidade onde viveu os \u00faltimos anos ap\u00f3s ter se mudado de Dracena, foi homenageado como nome de rua &#8220;Juvenal Pizzolato&#8221; no jardim Frezzarin2.<\/p>\n<p>&nbsp;<\/p>\n<p><img loading=\"lazy\" decoding=\"async\" class=\"alignnone size-full wp-image-3770\" src=\"https:\/\/jorgezanoni.com.br\/2019\/wp-content\/uploads\/2019\/08\/Juvenal.jpg\" alt=\"\" width=\"561\" height=\"960\" srcset=\"https:\/\/jorgezanoni.com.br\/2019\/wp-content\/uploads\/2019\/08\/Juvenal.jpg 561w, https:\/\/jorgezanoni.com.br\/2019\/wp-content\/uploads\/2019\/08\/Juvenal-175x300.jpg 175w, https:\/\/jorgezanoni.com.br\/2019\/wp-content\/uploads\/2019\/08\/Juvenal-245x420.jpg 245w\" sizes=\"auto, (max-width: 561px) 100vw, 561px\" \/><\/p>\n<p>Os sentimentos do Site JZ a todos os familiares e grande legi\u00e3o de amigos.<\/p>\n<p>Jorge Zanoni<\/p>\n<p>Foto Cl\u00e1udio Jos\u00e9<\/p>\n<p>&nbsp;<\/p>\n<p>&nbsp;<\/p>\n","protected":false},"excerpt":{"rendered":"<p>Faleceu no final desta tarde em Santa B\u00e1rbara do Oeste, o terceiro Prefeito de Dracena, Sr. Juvenal Pezolato aos 93 anos. Juvenal Pezolato nasceu em Lins no dia 30 de mar\u00e7o de 1926. Era considerado um poeta e pol\u00edtico brasileiro. Foi prefeito da &#8220;Cidade Milagre entre 1957 a 1961, tendo implantado toda a infra-estrutura na [&hellip;]<\/p>\n","protected":false},"author":1,"featured_media":3705,"comment_status":"closed","ping_status":"open","sticky":false,"template":"","format":"standard","meta":{"footnotes":""},"categories":[178,110],"tags":[],"class_list":["post-3703","post","type-post","status-publish","format-standard","has-post-thumbnail","hentry","category-notadefalecimento","category-noticiasdestaque"],"_links":{"self":[{"href":"https:\/\/jorgezanoni.com.br\/2019\/wp-json\/wp\/v2\/posts\/3703","targetHints":{"allow":["GET"]}}],"collection":[{"href":"https:\/\/jorgezanoni.com.br\/2019\/wp-json\/wp\/v2\/posts"}],"about":[{"href":"https:\/\/jorgezanoni.com.br\/2019\/wp-json\/wp\/v2\/types\/post"}],"author":[{"embeddable":true,"href":"https:\/\/jorgezanoni.com.br\/2019\/wp-json\/wp\/v2\/users\/1"}],"replies":[{"embeddable":true,"href":"https:\/\/jorgezanoni.com.br\/2019\/wp-json\/wp\/v2\/comments?post=3703"}],"version-history":[{"count":0,"href":"https:\/\/jorgezanoni.com.br\/2019\/wp-json\/wp\/v2\/posts\/3703\/revisions"}],"wp:featuredmedia":[{"embeddable":true,"href":"https:\/\/jorgezanoni.com.br\/2019\/wp-json\/wp\/v2\/media\/3705"}],"wp:attachment":[{"href":"https:\/\/jorgezanoni.com.br\/2019\/wp-json\/wp\/v2\/media?parent=3703"}],"wp:term":[{"taxonomy":"category","embeddable":true,"href":"https:\/\/jorgezanoni.com.br\/2019\/wp-json\/wp\/v2\/categories?post=3703"},{"taxonomy":"post_tag","embeddable":true,"href":"https:\/\/jorgezanoni.com.br\/2019\/wp-json\/wp\/v2\/tags?post=3703"}],"curies":[{"name":"wp","href":"https:\/\/api.w.org\/{rel}","templated":true}]}}