{"id":37022,"date":"2020-10-15T14:30:04","date_gmt":"2020-10-15T14:30:04","guid":{"rendered":"https:\/\/jorgezanoni.com.br\/2019\/?p=37022"},"modified":"2020-10-15T14:30:04","modified_gmt":"2020-10-15T14:30:04","slug":"acidente-entre-moto-e-veiculo-na-presidente-vargas-em-dracena","status":"publish","type":"post","link":"https:\/\/jorgezanoni.com.br\/2019\/acidente-entre-moto-e-veiculo-na-presidente-vargas-em-dracena\/","title":{"rendered":"Acidente entre moto e ve\u00edculo na Presidente Vargas em Dracena"},"content":{"rendered":"<p style=\"text-align: justify;\"><strong>Motociclista foi socorrido com escoria\u00e7\u00f5es aparentemente leves, ao PAM.<\/strong><\/p>\n<p style=\"text-align: justify;\">Um acidente foi registrado no per\u00edodo da manh\u00e3 desta quinta-feira na esquina da Avenida Presidente Roosevelt com a Rua Gast\u00e3o Vidigal, centro de Dracena.<\/p>\n<p style=\"text-align: justify;\">Segundo informa\u00e7\u00f5es obtidas no local pela reportagem do Site Jorge Zanoni, uma motocicleta placa de Dracena, fazia o sentido \u00fanico da Avenida centro-bairro e um ve\u00edculo Fiat Toro placas de Dracena seguia pela Rua Gast\u00e3o Vidigal sentido Bairro S\u00e3o Francisco a Vila Luc\u00e9lia quando houve a colis\u00e3o.<\/p>\n<p style=\"text-align: justify;\">O condutor da moto foi socorrido pela Unidade de Resgate do Corpo de Bombeiros ao Pronto Atendimento Municipal, a condutora do ve\u00edculo nada sofreu.<\/p>\n<p style=\"text-align: justify;\">A Pol\u00edcia Militar e Per\u00edcia T\u00e9cnica, compareceram ao local para as provid\u00eancias.<\/p>\n<p><img loading=\"lazy\" decoding=\"async\" class=\"alignnone size-full wp-image-37023\" src=\"https:\/\/jorgezanoni.com.br\/2019\/wp-content\/uploads\/2020\/10\/IMG_7398.jpg\" alt=\"\" width=\"800\" height=\"600\" srcset=\"https:\/\/jorgezanoni.com.br\/2019\/wp-content\/uploads\/2020\/10\/IMG_7398.jpg 800w, https:\/\/jorgezanoni.com.br\/2019\/wp-content\/uploads\/2020\/10\/IMG_7398-300x225.jpg 300w, https:\/\/jorgezanoni.com.br\/2019\/wp-content\/uploads\/2020\/10\/IMG_7398-768x576.jpg 768w, https:\/\/jorgezanoni.com.br\/2019\/wp-content\/uploads\/2020\/10\/IMG_7398-80x60.jpg 80w, https:\/\/jorgezanoni.com.br\/2019\/wp-content\/uploads\/2020\/10\/IMG_7398-265x198.jpg 265w, https:\/\/jorgezanoni.com.br\/2019\/wp-content\/uploads\/2020\/10\/IMG_7398-696x522.jpg 696w, https:\/\/jorgezanoni.com.br\/2019\/wp-content\/uploads\/2020\/10\/IMG_7398-560x420.jpg 560w\" sizes=\"auto, (max-width: 800px) 100vw, 800px\" \/> <img loading=\"lazy\" decoding=\"async\" class=\"alignnone size-full wp-image-37024\" src=\"https:\/\/jorgezanoni.com.br\/2019\/wp-content\/uploads\/2020\/10\/IMG_7399.jpg\" alt=\"\" width=\"800\" height=\"600\" srcset=\"https:\/\/jorgezanoni.com.br\/2019\/wp-content\/uploads\/2020\/10\/IMG_7399.jpg 800w, https:\/\/jorgezanoni.com.br\/2019\/wp-content\/uploads\/2020\/10\/IMG_7399-300x225.jpg 300w, https:\/\/jorgezanoni.com.br\/2019\/wp-content\/uploads\/2020\/10\/IMG_7399-768x576.jpg 768w, https:\/\/jorgezanoni.com.br\/2019\/wp-content\/uploads\/2020\/10\/IMG_7399-80x60.jpg 80w, https:\/\/jorgezanoni.com.br\/2019\/wp-content\/uploads\/2020\/10\/IMG_7399-265x198.jpg 265w, https:\/\/jorgezanoni.com.br\/2019\/wp-content\/uploads\/2020\/10\/IMG_7399-696x522.jpg 696w, https:\/\/jorgezanoni.com.br\/2019\/wp-content\/uploads\/2020\/10\/IMG_7399-560x420.jpg 560w\" sizes=\"auto, (max-width: 800px) 100vw, 800px\" \/> <img loading=\"lazy\" decoding=\"async\" class=\"alignnone size-full wp-image-37025\" src=\"https:\/\/jorgezanoni.com.br\/2019\/wp-content\/uploads\/2020\/10\/IMG_7400.jpg\" alt=\"\" width=\"800\" height=\"600\" srcset=\"https:\/\/jorgezanoni.com.br\/2019\/wp-content\/uploads\/2020\/10\/IMG_7400.jpg 800w, https:\/\/jorgezanoni.com.br\/2019\/wp-content\/uploads\/2020\/10\/IMG_7400-300x225.jpg 300w, https:\/\/jorgezanoni.com.br\/2019\/wp-content\/uploads\/2020\/10\/IMG_7400-768x576.jpg 768w, https:\/\/jorgezanoni.com.br\/2019\/wp-content\/uploads\/2020\/10\/IMG_7400-80x60.jpg 80w, https:\/\/jorgezanoni.com.br\/2019\/wp-content\/uploads\/2020\/10\/IMG_7400-265x198.jpg 265w, https:\/\/jorgezanoni.com.br\/2019\/wp-content\/uploads\/2020\/10\/IMG_7400-696x522.jpg 696w, https:\/\/jorgezanoni.com.br\/2019\/wp-content\/uploads\/2020\/10\/IMG_7400-560x420.jpg 560w\" sizes=\"auto, (max-width: 800px) 100vw, 800px\" \/><\/p>\n","protected":false},"excerpt":{"rendered":"<p>Motociclista foi socorrido com escoria\u00e7\u00f5es aparentemente leves, ao PAM. Um acidente foi registrado no per\u00edodo da manh\u00e3 desta quinta-feira na esquina da Avenida Presidente Roosevelt com a Rua Gast\u00e3o Vidigal, centro de Dracena. Segundo informa\u00e7\u00f5es obtidas no local pela reportagem do Site Jorge Zanoni, uma motocicleta placa de Dracena, fazia o sentido \u00fanico da Avenida [&hellip;]<\/p>\n","protected":false},"author":1,"featured_media":37026,"comment_status":"closed","ping_status":"open","sticky":false,"template":"","format":"standard","meta":{"footnotes":""},"categories":[170,110],"tags":[],"class_list":["post-37022","post","type-post","status-publish","format-standard","has-post-thumbnail","hentry","category-acidentes","category-noticiasdestaque"],"_links":{"self":[{"href":"https:\/\/jorgezanoni.com.br\/2019\/wp-json\/wp\/v2\/posts\/37022","targetHints":{"allow":["GET"]}}],"collection":[{"href":"https:\/\/jorgezanoni.com.br\/2019\/wp-json\/wp\/v2\/posts"}],"about":[{"href":"https:\/\/jorgezanoni.com.br\/2019\/wp-json\/wp\/v2\/types\/post"}],"author":[{"embeddable":true,"href":"https:\/\/jorgezanoni.com.br\/2019\/wp-json\/wp\/v2\/users\/1"}],"replies":[{"embeddable":true,"href":"https:\/\/jorgezanoni.com.br\/2019\/wp-json\/wp\/v2\/comments?post=37022"}],"version-history":[{"count":0,"href":"https:\/\/jorgezanoni.com.br\/2019\/wp-json\/wp\/v2\/posts\/37022\/revisions"}],"wp:featuredmedia":[{"embeddable":true,"href":"https:\/\/jorgezanoni.com.br\/2019\/wp-json\/wp\/v2\/media\/37026"}],"wp:attachment":[{"href":"https:\/\/jorgezanoni.com.br\/2019\/wp-json\/wp\/v2\/media?parent=37022"}],"wp:term":[{"taxonomy":"category","embeddable":true,"href":"https:\/\/jorgezanoni.com.br\/2019\/wp-json\/wp\/v2\/categories?post=37022"},{"taxonomy":"post_tag","embeddable":true,"href":"https:\/\/jorgezanoni.com.br\/2019\/wp-json\/wp\/v2\/tags?post=37022"}],"curies":[{"name":"wp","href":"https:\/\/api.w.org\/{rel}","templated":true}]}}