{"id":37019,"date":"2020-10-15T14:04:50","date_gmt":"2020-10-15T14:04:50","guid":{"rendered":"https:\/\/jorgezanoni.com.br\/2019\/?p=37019"},"modified":"2020-10-15T14:04:50","modified_gmt":"2020-10-15T14:04:50","slug":"moradores-do-jardim-das-palmeiras-i-tem-sofrido-com-falta-de-energia","status":"publish","type":"post","link":"https:\/\/jorgezanoni.com.br\/2019\/moradores-do-jardim-das-palmeiras-i-tem-sofrido-com-falta-de-energia\/","title":{"rendered":"Moradores do Jardim das Palmeiras I tem sofrido com falta de energia"},"content":{"rendered":"<p style=\"text-align: justify;\">Diversos moradores mandaram mensagens e ligaram para a reda\u00e7\u00e3o do Site Jorge Zanoni reclamando da falta de energia provocada por problemas com transformador.<\/p>\n<p style=\"text-align: justify;\">Num curto per\u00edodo \u00e9 a terceira vez que o fato acontece em diferentes locais, mas sempre nas proximidades do Residencial Vila Romana.<\/p>\n<p style=\"text-align: justify;\">Essa noite por exemplo, segundo os moradores os fatos aconteceram por volta da zero hora e s\u00f3 foi solucionado as 09:45 Horas.<\/p>\n<p style=\"text-align: justify;\">Imaginem o calor que tem feito e ficar sem energia, ar condicionado e ventilador. Al\u00e9m disso os mun\u00edcipes n\u00e3o tinham nem a op\u00e7\u00e3o de abrir a janela para refrescar, pois a quantidade de Pernilongos \u00e9 grande e ningu\u00e9m tem sossego.<\/p>\n<p style=\"text-align: justify;\">O Bairro j\u00e1 vem sofrendo h\u00e1 tempos com a falta de \u00e1gua, agora falta de energia e os Pernilongos. T\u00e1 complicado!<\/p>\n","protected":false},"excerpt":{"rendered":"<p>Diversos moradores mandaram mensagens e ligaram para a reda\u00e7\u00e3o do Site Jorge Zanoni reclamando da falta de energia provocada por problemas com transformador. Num curto per\u00edodo \u00e9 a terceira vez que o fato acontece em diferentes locais, mas sempre nas proximidades do Residencial Vila Romana. Essa noite por exemplo, segundo os moradores os fatos aconteceram [&hellip;]<\/p>\n","protected":false},"author":1,"featured_media":37020,"comment_status":"closed","ping_status":"open","sticky":false,"template":"","format":"standard","meta":{"footnotes":""},"categories":[179,184,110],"tags":[],"class_list":["post-37019","post","type-post","status-publish","format-standard","has-post-thumbnail","hentry","category-cidadeseregiao","category-dracena","category-noticiasdestaque"],"_links":{"self":[{"href":"https:\/\/jorgezanoni.com.br\/2019\/wp-json\/wp\/v2\/posts\/37019","targetHints":{"allow":["GET"]}}],"collection":[{"href":"https:\/\/jorgezanoni.com.br\/2019\/wp-json\/wp\/v2\/posts"}],"about":[{"href":"https:\/\/jorgezanoni.com.br\/2019\/wp-json\/wp\/v2\/types\/post"}],"author":[{"embeddable":true,"href":"https:\/\/jorgezanoni.com.br\/2019\/wp-json\/wp\/v2\/users\/1"}],"replies":[{"embeddable":true,"href":"https:\/\/jorgezanoni.com.br\/2019\/wp-json\/wp\/v2\/comments?post=37019"}],"version-history":[{"count":0,"href":"https:\/\/jorgezanoni.com.br\/2019\/wp-json\/wp\/v2\/posts\/37019\/revisions"}],"wp:featuredmedia":[{"embeddable":true,"href":"https:\/\/jorgezanoni.com.br\/2019\/wp-json\/wp\/v2\/media\/37020"}],"wp:attachment":[{"href":"https:\/\/jorgezanoni.com.br\/2019\/wp-json\/wp\/v2\/media?parent=37019"}],"wp:term":[{"taxonomy":"category","embeddable":true,"href":"https:\/\/jorgezanoni.com.br\/2019\/wp-json\/wp\/v2\/categories?post=37019"},{"taxonomy":"post_tag","embeddable":true,"href":"https:\/\/jorgezanoni.com.br\/2019\/wp-json\/wp\/v2\/tags?post=37019"}],"curies":[{"name":"wp","href":"https:\/\/api.w.org\/{rel}","templated":true}]}}