{"id":3697,"date":"2019-08-12T17:09:26","date_gmt":"2019-08-12T17:09:26","guid":{"rendered":"https:\/\/jorgezanoni.com.br\/2019\/?p=3697"},"modified":"2019-08-12T17:09:26","modified_gmt":"2019-08-12T17:09:26","slug":"em-pauliceia-homem-e-preso-por-estupro-e-mulher-por-tentativa-de-homicidio","status":"publish","type":"post","link":"https:\/\/jorgezanoni.com.br\/2019\/em-pauliceia-homem-e-preso-por-estupro-e-mulher-por-tentativa-de-homicidio\/","title":{"rendered":"Em Paulic\u00e9ia homem \u00e9 preso por Estupro e mulher por tentativa de Homic\u00eddio"},"content":{"rendered":"<p style=\"text-align: justify;\">Na noite do dia 09\/08, por volta das 23h12min, os Policiais Militares de Paulic\u00e9ia, foram acionados via Copom, para atender ocorr\u00eancia de estupro, onde uma m\u00e3e teria descoberto que seu companheiro (padrasto da v\u00edtima) havia abusado de sua filha de cinco anos e ap\u00f3s golpeou o mesmo com canivete. No local, a m\u00e3e M.D.A. d<span class=\"text_exposed_show\">e 33 anos informou aos policiais, que foi agredida e entrado em luta corporal com seu amasio F.R.M.R. de 25 anos, sendo que ele tinha fugido do local, dizendo ainda que o motivou a briga foi ela ter flagrado o amasio tocando nas partes intimas de sua filha de apenas 5 anos, sendo que o abuso ocorreu durante a madrugada e durante todo o dia Margarete ficou indignada e revoltada com a situa\u00e7\u00e3o, e que adquiriu um canivete para matar o mesmo e que momento antes da briga, os dois estavam no interior de um ve\u00edculo, quando a mesma golpeou e feriu o mesmo com o canivete na inten\u00e7\u00e3o de mata-lo. Foi passado aos policiais as caracter\u00edstica e o local para onde possivelmente o autor teria fugido, dados esse que foram repassados aos policiais de Panorama. M\u00e3e e filha foram encaminhadas ao Pronto Atendimento M\u00e9dico, onde foram medicadas e liberadas.<br \/>\nPelo munic\u00edpio de Panorama, os policiais com as caracter\u00edsticas, lograram \u00eaxito em localizar o autor, que estava sendo socorrido por familiares ao Pronto Socorro daquela cidade, onde foi atendido e constatado ferimento corto contuso no pesco\u00e7o. Diante do fato foi dada voz de pris\u00e3o em flagrante delito ao autor pelo crime de estupro de vulner\u00e1vel.<br \/>\nA m\u00e3e e o padrasto foram conduzidos e apresentados na delegacia de Paulic\u00e9ia, onde ap\u00f3s darem suas declara\u00e7\u00f5es, permaneceram ambos presos a disposi\u00e7\u00e3o da justi\u00e7a.<\/span><\/p>\n<p>Fonte: Com. Social Pol\u00edcia Miltar 25\u00ba BPM\/I<\/p>\n","protected":false},"excerpt":{"rendered":"<p>Na noite do dia 09\/08, por volta das 23h12min, os Policiais Militares de Paulic\u00e9ia, foram acionados via Copom, para atender ocorr\u00eancia de estupro, onde uma m\u00e3e teria descoberto que seu companheiro (padrasto da v\u00edtima) havia abusado de sua filha de cinco anos e ap\u00f3s golpeou o mesmo com canivete. No local, a m\u00e3e M.D.A. de [&hellip;]<\/p>\n","protected":false},"author":1,"featured_media":3698,"comment_status":"closed","ping_status":"open","sticky":false,"template":"","format":"standard","meta":{"footnotes":""},"categories":[110,2],"tags":[],"class_list":["post-3697","post","type-post","status-publish","format-standard","has-post-thumbnail","hentry","category-noticiasdestaque","category-policial"],"_links":{"self":[{"href":"https:\/\/jorgezanoni.com.br\/2019\/wp-json\/wp\/v2\/posts\/3697","targetHints":{"allow":["GET"]}}],"collection":[{"href":"https:\/\/jorgezanoni.com.br\/2019\/wp-json\/wp\/v2\/posts"}],"about":[{"href":"https:\/\/jorgezanoni.com.br\/2019\/wp-json\/wp\/v2\/types\/post"}],"author":[{"embeddable":true,"href":"https:\/\/jorgezanoni.com.br\/2019\/wp-json\/wp\/v2\/users\/1"}],"replies":[{"embeddable":true,"href":"https:\/\/jorgezanoni.com.br\/2019\/wp-json\/wp\/v2\/comments?post=3697"}],"version-history":[{"count":0,"href":"https:\/\/jorgezanoni.com.br\/2019\/wp-json\/wp\/v2\/posts\/3697\/revisions"}],"wp:featuredmedia":[{"embeddable":true,"href":"https:\/\/jorgezanoni.com.br\/2019\/wp-json\/wp\/v2\/media\/3698"}],"wp:attachment":[{"href":"https:\/\/jorgezanoni.com.br\/2019\/wp-json\/wp\/v2\/media?parent=3697"}],"wp:term":[{"taxonomy":"category","embeddable":true,"href":"https:\/\/jorgezanoni.com.br\/2019\/wp-json\/wp\/v2\/categories?post=3697"},{"taxonomy":"post_tag","embeddable":true,"href":"https:\/\/jorgezanoni.com.br\/2019\/wp-json\/wp\/v2\/tags?post=3697"}],"curies":[{"name":"wp","href":"https:\/\/api.w.org\/{rel}","templated":true}]}}