{"id":36940,"date":"2020-10-14T12:53:05","date_gmt":"2020-10-14T12:53:05","guid":{"rendered":"https:\/\/jorgezanoni.com.br\/2019\/?p=36940"},"modified":"2020-10-14T16:01:59","modified_gmt":"2020-10-14T16:01:59","slug":"morre-antonio-jose-fernandes","status":"publish","type":"post","link":"https:\/\/jorgezanoni.com.br\/2019\/morre-antonio-jose-fernandes\/","title":{"rendered":"Morre Antonio Jos\u00e9 Fernandes Netto"},"content":{"rendered":"<p style=\"text-align: justify;\">Faleceu na Santa Casa de Dracena onde estava internado, o senhor Antonio Jos\u00e9 Fernandes Netto, aos 80 anos. Foi funcion\u00e1rio do Banco do Brasil por muitos anos.<\/p>\n<p style=\"text-align: justify;\">Era casado com a ex vereadora senhora Thereza Pitta Fernandes. Deixa filhas, netos, genro e demais familiares.<\/p>\n<p style=\"text-align: justify;\">Seu Corpo est\u00e1 sendo velado no Memorial Vida Prev Sala 2, de onde seguir\u00e1 \u00e0s 18:00 Horas para o Cremat\u00f3rio Laluce na cidade de Ara\u00e7atuba.<\/p>\n<p style=\"text-align: justify;\">O Site Jorge Zanoni se solidariza com a fam\u00edlia neste momento dif\u00edcil.<\/p>\n","protected":false},"excerpt":{"rendered":"<p>Faleceu na Santa Casa de Dracena onde estava internado, o senhor Antonio Jos\u00e9 Fernandes Netto, aos 80 anos. Foi funcion\u00e1rio do Banco do Brasil por muitos anos. Era casado com a ex vereadora senhora Thereza Pitta Fernandes. Deixa filhas, netos, genro e demais familiares. Seu Corpo est\u00e1 sendo velado no Memorial Vida Prev Sala 2, [&hellip;]<\/p>\n","protected":false},"author":1,"featured_media":36941,"comment_status":"closed","ping_status":"open","sticky":false,"template":"","format":"standard","meta":{"footnotes":""},"categories":[178,110],"tags":[],"class_list":["post-36940","post","type-post","status-publish","format-standard","has-post-thumbnail","hentry","category-notadefalecimento","category-noticiasdestaque"],"_links":{"self":[{"href":"https:\/\/jorgezanoni.com.br\/2019\/wp-json\/wp\/v2\/posts\/36940","targetHints":{"allow":["GET"]}}],"collection":[{"href":"https:\/\/jorgezanoni.com.br\/2019\/wp-json\/wp\/v2\/posts"}],"about":[{"href":"https:\/\/jorgezanoni.com.br\/2019\/wp-json\/wp\/v2\/types\/post"}],"author":[{"embeddable":true,"href":"https:\/\/jorgezanoni.com.br\/2019\/wp-json\/wp\/v2\/users\/1"}],"replies":[{"embeddable":true,"href":"https:\/\/jorgezanoni.com.br\/2019\/wp-json\/wp\/v2\/comments?post=36940"}],"version-history":[{"count":0,"href":"https:\/\/jorgezanoni.com.br\/2019\/wp-json\/wp\/v2\/posts\/36940\/revisions"}],"wp:featuredmedia":[{"embeddable":true,"href":"https:\/\/jorgezanoni.com.br\/2019\/wp-json\/wp\/v2\/media\/36941"}],"wp:attachment":[{"href":"https:\/\/jorgezanoni.com.br\/2019\/wp-json\/wp\/v2\/media?parent=36940"}],"wp:term":[{"taxonomy":"category","embeddable":true,"href":"https:\/\/jorgezanoni.com.br\/2019\/wp-json\/wp\/v2\/categories?post=36940"},{"taxonomy":"post_tag","embeddable":true,"href":"https:\/\/jorgezanoni.com.br\/2019\/wp-json\/wp\/v2\/tags?post=36940"}],"curies":[{"name":"wp","href":"https:\/\/api.w.org\/{rel}","templated":true}]}}