{"id":36913,"date":"2020-10-13T22:47:16","date_gmt":"2020-10-13T22:47:16","guid":{"rendered":"https:\/\/jorgezanoni.com.br\/2019\/?p=36913"},"modified":"2020-10-13T22:47:16","modified_gmt":"2020-10-13T22:47:16","slug":"morre-a-senhora-mathilde-pavini-de-oliveira","status":"publish","type":"post","link":"https:\/\/jorgezanoni.com.br\/2019\/morre-a-senhora-mathilde-pavini-de-oliveira\/","title":{"rendered":"Morre a senhora Mathilde Pavini de Oliveira"},"content":{"rendered":"<p style=\"text-align: justify;\">Comunicamos com pesar o falecimento da senhora Mathilde Pavini de Oliveira aos 88 anos ocorrido hoje (13) em Dracena.<\/p>\n<p style=\"text-align: justify;\">Vi\u00fava, deixa filhos, parentes e demais amigos. \u00c9 av\u00f3 do Agente Funer\u00e1rio Marcos da Mutu\u00e1ria Dracenense.<\/p>\n<p style=\"text-align: justify;\">Seu Corpo ser\u00e1 velado hoje no Vel\u00f3rio Mutu\u00e1ria Dracenense das 19 HS \u00e0s 22 Hs e amanh\u00e3 (14) a partir das 7 Hs. O Sepultamento ocorre no Cemit\u00e9rio Municipal de Dracena \u00e0s 10 Hs.<\/p>\n<p style=\"text-align: justify;\">O Site Jorge Zanoni se solidariza com a fam\u00edlia neste dif\u00edcil momento, especialmente com o amigo Marcos.<\/p>\n<p style=\"text-align: justify;\"><img loading=\"lazy\" decoding=\"async\" class=\"alignnone size-full wp-image-36914\" src=\"https:\/\/jorgezanoni.com.br\/2019\/wp-content\/uploads\/2020\/10\/Mtathilde.jpg\" alt=\"\" width=\"2048\" height=\"1574\" srcset=\"https:\/\/jorgezanoni.com.br\/2019\/wp-content\/uploads\/2020\/10\/Mtathilde.jpg 2048w, https:\/\/jorgezanoni.com.br\/2019\/wp-content\/uploads\/2020\/10\/Mtathilde-300x231.jpg 300w, https:\/\/jorgezanoni.com.br\/2019\/wp-content\/uploads\/2020\/10\/Mtathilde-1024x787.jpg 1024w, https:\/\/jorgezanoni.com.br\/2019\/wp-content\/uploads\/2020\/10\/Mtathilde-768x590.jpg 768w, https:\/\/jorgezanoni.com.br\/2019\/wp-content\/uploads\/2020\/10\/Mtathilde-1536x1181.jpg 1536w, https:\/\/jorgezanoni.com.br\/2019\/wp-content\/uploads\/2020\/10\/Mtathilde-80x60.jpg 80w, https:\/\/jorgezanoni.com.br\/2019\/wp-content\/uploads\/2020\/10\/Mtathilde-696x535.jpg 696w, https:\/\/jorgezanoni.com.br\/2019\/wp-content\/uploads\/2020\/10\/Mtathilde-1068x821.jpg 1068w, https:\/\/jorgezanoni.com.br\/2019\/wp-content\/uploads\/2020\/10\/Mtathilde-546x420.jpg 546w\" sizes=\"auto, (max-width: 2048px) 100vw, 2048px\" \/><\/p>\n","protected":false},"excerpt":{"rendered":"<p>Comunicamos com pesar o falecimento da senhora Mathilde Pavini de Oliveira aos 88 anos ocorrido hoje (13) em Dracena. Vi\u00fava, deixa filhos, parentes e demais amigos. \u00c9 av\u00f3 do Agente Funer\u00e1rio Marcos da Mutu\u00e1ria Dracenense. Seu Corpo ser\u00e1 velado hoje no Vel\u00f3rio Mutu\u00e1ria Dracenense das 19 HS \u00e0s 22 Hs e amanh\u00e3 (14) a partir [&hellip;]<\/p>\n","protected":false},"author":1,"featured_media":36914,"comment_status":"closed","ping_status":"open","sticky":false,"template":"","format":"standard","meta":{"footnotes":""},"categories":[178,110],"tags":[],"class_list":["post-36913","post","type-post","status-publish","format-standard","has-post-thumbnail","hentry","category-notadefalecimento","category-noticiasdestaque"],"_links":{"self":[{"href":"https:\/\/jorgezanoni.com.br\/2019\/wp-json\/wp\/v2\/posts\/36913","targetHints":{"allow":["GET"]}}],"collection":[{"href":"https:\/\/jorgezanoni.com.br\/2019\/wp-json\/wp\/v2\/posts"}],"about":[{"href":"https:\/\/jorgezanoni.com.br\/2019\/wp-json\/wp\/v2\/types\/post"}],"author":[{"embeddable":true,"href":"https:\/\/jorgezanoni.com.br\/2019\/wp-json\/wp\/v2\/users\/1"}],"replies":[{"embeddable":true,"href":"https:\/\/jorgezanoni.com.br\/2019\/wp-json\/wp\/v2\/comments?post=36913"}],"version-history":[{"count":0,"href":"https:\/\/jorgezanoni.com.br\/2019\/wp-json\/wp\/v2\/posts\/36913\/revisions"}],"wp:featuredmedia":[{"embeddable":true,"href":"https:\/\/jorgezanoni.com.br\/2019\/wp-json\/wp\/v2\/media\/36914"}],"wp:attachment":[{"href":"https:\/\/jorgezanoni.com.br\/2019\/wp-json\/wp\/v2\/media?parent=36913"}],"wp:term":[{"taxonomy":"category","embeddable":true,"href":"https:\/\/jorgezanoni.com.br\/2019\/wp-json\/wp\/v2\/categories?post=36913"},{"taxonomy":"post_tag","embeddable":true,"href":"https:\/\/jorgezanoni.com.br\/2019\/wp-json\/wp\/v2\/tags?post=36913"}],"curies":[{"name":"wp","href":"https:\/\/api.w.org\/{rel}","templated":true}]}}