{"id":36891,"date":"2020-10-13T15:56:04","date_gmt":"2020-10-13T15:56:04","guid":{"rendered":"https:\/\/jorgezanoni.com.br\/2019\/?p=36891"},"modified":"2020-10-13T15:56:04","modified_gmt":"2020-10-13T15:56:04","slug":"idoso-de-81-anos-e-a-primeira-vitima-fatal-da-covid-19-em-nova-guataporanga","status":"publish","type":"post","link":"https:\/\/jorgezanoni.com.br\/2019\/idoso-de-81-anos-e-a-primeira-vitima-fatal-da-covid-19-em-nova-guataporanga\/","title":{"rendered":"Idoso de 81 anos \u00e9 a primeira v\u00edtima fatal da Covid-19 em Nova Guataporanga"},"content":{"rendered":"<h2 class=\"content-head__subtitle\" style=\"text-align: justify;\"><strong>Caso j\u00e1 constava nas confirma\u00e7\u00f5es da cidade. Homem, que tamb\u00e9m tinha doen\u00e7as cr\u00f4nicas, estava internado na Santa Casa de Tupi Paulista.<\/strong><\/h2>\n<div class=\"mc-column content-text active-extra-styles active-capital-letter\" data-block-type=\"unstyled\" data-block-weight=\"30\" data-block-id=\"1\">\n<p class=\"content-text__container theme-color-primary-first-letter\" style=\"text-align: justify;\" data-track-category=\"Link no Texto\" data-track-links=\"\">A Prefeitura de\u00a0<a href=\"http:\/\/g1.globo.com\/sp\/presidente-prudente-regiao\/cidade\/nova-guataporanga.html\">Nova Guataporanga<\/a>\u00a0comunicou, nesta ter\u00e7a-feira (13), a primeira morte causada pela Covid-19. A v\u00edtima fatal foi um idoso de 81 anos e faleceu na \u00faltima sexta-feira (9).<\/p>\n<\/div>\n<div class=\"wall protected-content\">\n<div class=\"mc-column content-text active-extra-styles \" style=\"text-align: justify;\" data-block-type=\"unstyled\" data-block-weight=\"23\" data-block-id=\"2\">\n<p class=\"content-text__container \" data-track-category=\"Link no Texto\" data-track-links=\"\">O homem, que tamb\u00e9m tinha doen\u00e7as cr\u00f4nicas, j\u00e1 constava nos n\u00fameros positivos da cidade. Ele estava internado na Santa Casa de Tupi Paulista.<\/p>\n<\/div>\n<div class=\"mc-column content-text active-extra-styles \" data-block-type=\"unstyled\" data-block-weight=\"6\" data-block-id=\"3\">\n<p class=\"content-text__container \" style=\"text-align: justify;\" data-track-category=\"Link no Texto\" data-track-links=\"\">O munic\u00edpio tem quatro casos suspeitos.<\/p>\n<p style=\"text-align: justify;\" data-track-category=\"Link no Texto\" data-track-links=\"\">Fonte: G1<\/p>\n<\/div>\n<\/div>\n","protected":false},"excerpt":{"rendered":"<p>Caso j\u00e1 constava nas confirma\u00e7\u00f5es da cidade. Homem, que tamb\u00e9m tinha doen\u00e7as cr\u00f4nicas, estava internado na Santa Casa de Tupi Paulista. A Prefeitura de\u00a0Nova Guataporanga\u00a0comunicou, nesta ter\u00e7a-feira (13), a primeira morte causada pela Covid-19. A v\u00edtima fatal foi um idoso de 81 anos e faleceu na \u00faltima sexta-feira (9). O homem, que tamb\u00e9m tinha doen\u00e7as [&hellip;]<\/p>\n","protected":false},"author":1,"featured_media":36892,"comment_status":"closed","ping_status":"open","sticky":false,"template":"","format":"standard","meta":{"footnotes":""},"categories":[178,110],"tags":[],"class_list":["post-36891","post","type-post","status-publish","format-standard","has-post-thumbnail","hentry","category-notadefalecimento","category-noticiasdestaque"],"_links":{"self":[{"href":"https:\/\/jorgezanoni.com.br\/2019\/wp-json\/wp\/v2\/posts\/36891","targetHints":{"allow":["GET"]}}],"collection":[{"href":"https:\/\/jorgezanoni.com.br\/2019\/wp-json\/wp\/v2\/posts"}],"about":[{"href":"https:\/\/jorgezanoni.com.br\/2019\/wp-json\/wp\/v2\/types\/post"}],"author":[{"embeddable":true,"href":"https:\/\/jorgezanoni.com.br\/2019\/wp-json\/wp\/v2\/users\/1"}],"replies":[{"embeddable":true,"href":"https:\/\/jorgezanoni.com.br\/2019\/wp-json\/wp\/v2\/comments?post=36891"}],"version-history":[{"count":0,"href":"https:\/\/jorgezanoni.com.br\/2019\/wp-json\/wp\/v2\/posts\/36891\/revisions"}],"wp:featuredmedia":[{"embeddable":true,"href":"https:\/\/jorgezanoni.com.br\/2019\/wp-json\/wp\/v2\/media\/36892"}],"wp:attachment":[{"href":"https:\/\/jorgezanoni.com.br\/2019\/wp-json\/wp\/v2\/media?parent=36891"}],"wp:term":[{"taxonomy":"category","embeddable":true,"href":"https:\/\/jorgezanoni.com.br\/2019\/wp-json\/wp\/v2\/categories?post=36891"},{"taxonomy":"post_tag","embeddable":true,"href":"https:\/\/jorgezanoni.com.br\/2019\/wp-json\/wp\/v2\/tags?post=36891"}],"curies":[{"name":"wp","href":"https:\/\/api.w.org\/{rel}","templated":true}]}}