{"id":36842,"date":"2020-10-12T23:22:34","date_gmt":"2020-10-12T23:22:34","guid":{"rendered":"https:\/\/jorgezanoni.com.br\/2019\/?p=36842"},"modified":"2020-10-12T23:22:34","modified_gmt":"2020-10-12T23:22:34","slug":"hoje-e-dia-de-nossa-senhora-da-conceicao-aparecida","status":"publish","type":"post","link":"https:\/\/jorgezanoni.com.br\/2019\/hoje-e-dia-de-nossa-senhora-da-conceicao-aparecida\/","title":{"rendered":"Hoje \u00e9 dia de Nossa Senhora da Concei\u00e7\u00e3o Aparecida"},"content":{"rendered":"<p style=\"text-align: justify;\"><b>Nossa Senhora da Concei\u00e7\u00e3o Aparecida<\/b>, popularmente chamada de\u00a0<b>Nossa Senhora Aparecida<\/b>, \u00e9 a\u00a0<a title=\"Orago\" href=\"https:\/\/pt.wikipedia.org\/wiki\/Orago\">padroeira<\/a>\u00a0do\u00a0<a title=\"Brasil\" href=\"https:\/\/pt.wikipedia.org\/wiki\/Brasil\">Brasil<\/a>.<sup id=\"cite_ref-4\" class=\"reference\"><a href=\"https:\/\/pt.wikipedia.org\/wiki\/Nossa_Senhora_da_Concei%C3%A7%C3%A3o_Aparecida#cite_note-4\">[4]<\/a><\/sup>\u00a0Venerada na\u00a0<a title=\"Igreja Cat\u00f3lica\" href=\"https:\/\/pt.wikipedia.org\/wiki\/Igreja_Cat%C3%B3lica\">Igreja Cat\u00f3lica<\/a>,<sup id=\"cite_ref-SQPN_1-3\" class=\"reference\"><a href=\"https:\/\/pt.wikipedia.org\/wiki\/Nossa_Senhora_da_Concei%C3%A7%C3%A3o_Aparecida#cite_note-SQPN-1\">[1]<\/a><\/sup>\u00a0Nossa Senhora Aparecida \u00e9 representada por uma pequena imagem de\u00a0<a title=\"Terracota\" href=\"https:\/\/pt.wikipedia.org\/wiki\/Terracota\">terracota<\/a>\u00a0de\u00a0<a class=\"mw-redirect\" title=\"Nossa Senhora da Imaculada Concei\u00e7\u00e3o\" href=\"https:\/\/pt.wikipedia.org\/wiki\/Nossa_Senhora_da_Imaculada_Concei%C3%A7%C3%A3o\">Nossa Senhora da Imaculada Concei\u00e7\u00e3o<\/a>, atualmente alojada na\u00a0<a title=\"Catedral Bas\u00edlica de Nossa Senhora Aparecida\" href=\"https:\/\/pt.wikipedia.org\/wiki\/Catedral_Bas%C3%ADlica_de_Nossa_Senhora_Aparecida\">Catedral Bas\u00edlica de Nossa Senhora Aparecida<\/a>, localizada na cidade de\u00a0<a title=\"Aparecida (S\u00e3o Paulo)\" href=\"https:\/\/pt.wikipedia.org\/wiki\/Aparecida_(S%C3%A3o_Paulo)\">Aparecida<\/a>, em\u00a0<a title=\"S\u00e3o Paulo (estado)\" href=\"https:\/\/pt.wikipedia.org\/wiki\/S%C3%A3o_Paulo_(estado)\">S\u00e3o Paulo<\/a>.<\/p>\n<p style=\"text-align: justify;\">Sua festa lit\u00fargica \u00e9 celebrada em\u00a0<a title=\"12 de outubro\" href=\"https:\/\/pt.wikipedia.org\/wiki\/12_de_outubro\">12 de outubro<\/a>, um\u00a0<a title=\"Feriados no Brasil\" href=\"https:\/\/pt.wikipedia.org\/wiki\/Feriados_no_Brasil\">feriado nacional<\/a>\u00a0no Brasil desde 1980, quando o\u00a0<a title=\"Papa Jo\u00e3o Paulo II\" href=\"https:\/\/pt.wikipedia.org\/wiki\/Papa_Jo%C3%A3o_Paulo_II\">Papa Jo\u00e3o Paulo II<\/a>\u00a0consagrou a bas\u00edlica, que \u00e9 o quarto\u00a0<a title=\"Maria (m\u00e3e de Jesus)\" href=\"https:\/\/pt.wikipedia.org\/wiki\/Maria_(m%C3%A3e_de_Jesus)\">santu\u00e1rio mariano<\/a>\u00a0mais visitado do mundo,<sup id=\"cite_ref-allen_5-0\" class=\"reference\"><a href=\"https:\/\/pt.wikipedia.org\/wiki\/Nossa_Senhora_da_Concei%C3%A7%C3%A3o_Aparecida#cite_note-allen-5\">[5]<\/a><\/sup>\u00a0capaz de abrigar at\u00e9 30 mil fi\u00e9is.<sup id=\"cite_ref-6\" class=\"reference\"><a href=\"https:\/\/pt.wikipedia.org\/wiki\/Nossa_Senhora_da_Concei%C3%A7%C3%A3o_Aparecida#cite_note-6\">[6]<\/a><\/sup><\/p>\n<h2 style=\"text-align: justify;\"><span id=\"Hist\u00f3ria\" class=\"mw-headline\">Hist\u00f3ria<\/span><\/h2>\n<h3 style=\"text-align: justify;\"><span id=\"Achado_da_imagem\" class=\"mw-headline\">Achado da imagem<\/span><\/h3>\n<div class=\"thumb tright\" style=\"text-align: justify;\">\n<div class=\"thumbinner\">\n<p><a class=\"image\" href=\"https:\/\/pt.wikipedia.org\/wiki\/Ficheiro:Miracle_of_Aparecida_-_Miracles%27_room_-_Bas%C3%ADlica_of_Aparecida_-_Aparecida_2014.jpg\"><img loading=\"lazy\" decoding=\"async\" class=\"thumbimage\" src=\"https:\/\/upload.wikimedia.org\/wikipedia\/commons\/thumb\/5\/57\/Miracle_of_Aparecida_-_Miracles%27_room_-_Bas%C3%ADlica_of_Aparecida_-_Aparecida_2014.jpg\/240px-Miracle_of_Aparecida_-_Miracles%27_room_-_Bas%C3%ADlica_of_Aparecida_-_Aparecida_2014.jpg\" srcset=\"\/\/upload.wikimedia.org\/wikipedia\/commons\/thumb\/5\/57\/Miracle_of_Aparecida_-_Miracles%27_room_-_Bas%C3%ADlica_of_Aparecida_-_Aparecida_2014.jpg\/360px-Miracle_of_Aparecida_-_Miracles%27_room_-_Bas%C3%ADlica_of_Aparecida_-_Aparecida_2014.jpg 1.5x, \/\/upload.wikimedia.org\/wikipedia\/commons\/thumb\/5\/57\/Miracle_of_Aparecida_-_Miracles%27_room_-_Bas%C3%ADlica_of_Aparecida_-_Aparecida_2014.jpg\/480px-Miracle_of_Aparecida_-_Miracles%27_room_-_Bas%C3%ADlica_of_Aparecida_-_Aparecida_2014.jpg 2x\" alt=\"\" width=\"240\" height=\"159\" data-file-width=\"2592\" data-file-height=\"1722\" \/><\/a><\/p>\n<div class=\"thumbcaption\">\n<div class=\"magnify\"><\/div>\n<p>Quadro que representa a pesca em que ocorreu o achado da imagem de Nossa Senhora Aparecida.<\/p>\n<\/div>\n<\/div>\n<\/div>\n<p style=\"text-align: justify;\">H\u00e1 duas fontes sobre o achado da imagem, que se encontram no Arquivo da C\u00faria Metropolitana de Aparecida (anterior a 1743) e no Arquivo da\u00a0<a title=\"Companhia de Jesus\" href=\"https:\/\/pt.wikipedia.org\/wiki\/Companhia_de_Jesus\">Companhia de Jesus<\/a>, em\u00a0<a title=\"Roma\" href=\"https:\/\/pt.wikipedia.org\/wiki\/Roma\">Roma<\/a>: a hist\u00f3ria registrada pelos padres Jos\u00e9 Alves Vilela, em 1743, e Jo\u00e3o de Morais e Aguiar, em 1757, cujos documentos se encontram no Primeiro Livro de Tombo da Par\u00f3quia de Santo Ant\u00f4nio de Guaratinguet\u00e1.<sup id=\"cite_ref-7\" class=\"reference\"><a href=\"https:\/\/pt.wikipedia.org\/wiki\/Nossa_Senhora_da_Concei%C3%A7%C3%A3o_Aparecida#cite_note-7\">[7]<\/a><\/sup><\/p>\n<p style=\"text-align: justify;\">Segundo os relatos, a apari\u00e7\u00e3o da imagem ocorreu na segunda quinzena de outubro de 1717,<sup id=\"cite_ref-8\" class=\"reference\"><a href=\"https:\/\/pt.wikipedia.org\/wiki\/Nossa_Senhora_da_Concei%C3%A7%C3%A3o_Aparecida#cite_note-8\">[8]<\/a><\/sup>\u00a0quando\u00a0<a title=\"Pedro Miguel de Almeida Portugal e Vasconcelos\" href=\"https:\/\/pt.wikipedia.org\/wiki\/Pedro_Miguel_de_Almeida_Portugal_e_Vasconcelos\">Pedro Miguel de Almeida Portugal e Vasconcelos<\/a>,\u00a0<a title=\"Conde de Assumar\" href=\"https:\/\/pt.wikipedia.org\/wiki\/Conde_de_Assumar\">conde de Assumar<\/a>\u00a0e governante da\u00a0<a title=\"Capitania de S\u00e3o Paulo e Minas de Ouro\" href=\"https:\/\/pt.wikipedia.org\/wiki\/Capitania_de_S%C3%A3o_Paulo_e_Minas_de_Ouro\">capitania de S\u00e3o Paulo e Minas de Ouro<\/a>, estava de passagem pela cidade de\u00a0<a title=\"Guaratinguet\u00e1\" href=\"https:\/\/pt.wikipedia.org\/wiki\/Guaratinguet%C3%A1\">Guaratinguet\u00e1<\/a>, no\u00a0<a title=\"Vale do Para\u00edba\" href=\"https:\/\/pt.wikipedia.org\/wiki\/Vale_do_Para%C3%ADba\">vale do Para\u00edba<\/a>,<sup id=\"cite_ref-SQPN_1-4\" class=\"reference\"><a href=\"https:\/\/pt.wikipedia.org\/wiki\/Nossa_Senhora_da_Concei%C3%A7%C3%A3o_Aparecida#cite_note-SQPN-1\">[1]<\/a><\/sup><sup id=\"cite_ref-Mary_9-0\" class=\"reference\"><a href=\"https:\/\/pt.wikipedia.org\/wiki\/Nossa_Senhora_da_Concei%C3%A7%C3%A3o_Aparecida#cite_note-Mary-9\">[9]<\/a><\/sup>\u00a0durante uma viagem at\u00e9\u00a0<a title=\"Ouro Preto\" href=\"https:\/\/pt.wikipedia.org\/wiki\/Ouro_Preto\">Vila Rica<\/a>.<sup id=\"cite_ref-livro_10-0\" class=\"reference\"><a href=\"https:\/\/pt.wikipedia.org\/wiki\/Nossa_Senhora_da_Concei%C3%A7%C3%A3o_Aparecida#cite_note-livro-10\">[10]<\/a><\/sup><sup id=\"cite_ref-canc_11-0\" class=\"reference\"><a href=\"https:\/\/pt.wikipedia.org\/wiki\/Nossa_Senhora_da_Concei%C3%A7%C3%A3o_Aparecida#cite_note-canc-11\">[11]<\/a><\/sup><\/p>\n<p style=\"text-align: justify;\">O povo de Guaratinguet\u00e1 decidiu fazer uma festa em homenagem \u00e0 presen\u00e7a de Dom Pedro de Almeida e, apesar de n\u00e3o ser temporada de pesca, os pescadores lan\u00e7aram seus barcos no\u00a0<a title=\"Para\u00edba do Sul\" href=\"https:\/\/pt.wikipedia.org\/wiki\/Para%C3%ADba_do_Sul\">Rio Para\u00edba<\/a>\u00a0do Sul com a inten\u00e7\u00e3o de oferecerem peixes ao conde.<sup id=\"cite_ref-SQPN_1-5\" class=\"reference\"><a href=\"https:\/\/pt.wikipedia.org\/wiki\/Nossa_Senhora_da_Concei%C3%A7%C3%A3o_Aparecida#cite_note-SQPN-1\">[1]<\/a><\/sup><sup id=\"cite_ref-Mary_9-1\" class=\"reference\"><a href=\"https:\/\/pt.wikipedia.org\/wiki\/Nossa_Senhora_da_Concei%C3%A7%C3%A3o_Aparecida#cite_note-Mary-9\">[9]<\/a><\/sup>\u00a0Os pescadores Domingos Garcia, Jo\u00e3o Alves e Filipe Pedroso rezaram para a Virgem Maria e pediram a ajuda de Deus.<sup id=\"cite_ref-SQPN_1-6\" class=\"reference\"><a href=\"https:\/\/pt.wikipedia.org\/wiki\/Nossa_Senhora_da_Concei%C3%A7%C3%A3o_Aparecida#cite_note-SQPN-1\">[1]<\/a><\/sup><sup id=\"cite_ref-Mary_9-2\" class=\"reference\"><a href=\"https:\/\/pt.wikipedia.org\/wiki\/Nossa_Senhora_da_Concei%C3%A7%C3%A3o_Aparecida#cite_note-Mary-9\">[9]<\/a><\/sup>\u00a0Ap\u00f3s v\u00e1rias tentativas infrut\u00edferas, desceram o curso do rio at\u00e9 chegarem ao Porto Itagua\u00e7u.<sup id=\"cite_ref-canc_11-1\" class=\"reference\"><a href=\"https:\/\/pt.wikipedia.org\/wiki\/Nossa_Senhora_da_Concei%C3%A7%C3%A3o_Aparecida#cite_note-canc-11\">[11]<\/a><\/sup>\u00a0Eles j\u00e1 estavam a desistir da pescaria quando Jo\u00e3o Alves jogou sua rede novamente,<sup id=\"cite_ref-SQPN_1-7\" class=\"reference\"><a href=\"https:\/\/pt.wikipedia.org\/wiki\/Nossa_Senhora_da_Concei%C3%A7%C3%A3o_Aparecida#cite_note-SQPN-1\">[1]<\/a><\/sup><sup id=\"cite_ref-Mary_9-3\" class=\"reference\"><a href=\"https:\/\/pt.wikipedia.org\/wiki\/Nossa_Senhora_da_Concei%C3%A7%C3%A3o_Aparecida#cite_note-Mary-9\">[9]<\/a><\/sup>\u00a0em vez de peixes, apanhou o corpo de uma imagem da Virgem Maria, sem a cabe\u00e7a.<sup id=\"cite_ref-SQPN_1-8\" class=\"reference\"><a href=\"https:\/\/pt.wikipedia.org\/wiki\/Nossa_Senhora_da_Concei%C3%A7%C3%A3o_Aparecida#cite_note-SQPN-1\">[1]<\/a><\/sup><sup id=\"cite_ref-Mary_9-4\" class=\"reference\"><a href=\"https:\/\/pt.wikipedia.org\/wiki\/Nossa_Senhora_da_Concei%C3%A7%C3%A3o_Aparecida#cite_note-Mary-9\">[9]<\/a><\/sup>\u00a0Ao lan\u00e7ar a rede novamente, apanhou a cabe\u00e7a da imagem,<sup id=\"cite_ref-SQPN_1-9\" class=\"reference\"><a href=\"https:\/\/pt.wikipedia.org\/wiki\/Nossa_Senhora_da_Concei%C3%A7%C3%A3o_Aparecida#cite_note-SQPN-1\">[1]<\/a><\/sup><sup id=\"cite_ref-Mary_9-5\" class=\"reference\"><a href=\"https:\/\/pt.wikipedia.org\/wiki\/Nossa_Senhora_da_Concei%C3%A7%C3%A3o_Aparecida#cite_note-Mary-9\">[9]<\/a><\/sup>\u00a0que foi envolvida em um len\u00e7o.<sup id=\"cite_ref-livro_10-1\" class=\"reference\"><a href=\"https:\/\/pt.wikipedia.org\/wiki\/Nossa_Senhora_da_Concei%C3%A7%C3%A3o_Aparecida#cite_note-livro-10\">[10]<\/a><\/sup>\u00a0Ap\u00f3s terem recuperado as duas partes da imagem, a figura da Virgem Aparecida teria ficado t\u00e3o pesada que eles n\u00e3o conseguiam mais mov\u00ea-la.<sup id=\"cite_ref-Marie_2-1\" class=\"reference\"><a href=\"https:\/\/pt.wikipedia.org\/wiki\/Nossa_Senhora_da_Concei%C3%A7%C3%A3o_Aparecida#cite_note-Marie-2\">[2]<\/a><\/sup>\u00a0A partir daquele momento, os tr\u00eas pescadores apanharam tantos peixes que se viram for\u00e7ados a retornar ao porto, uma vez que o volume da pesca amea\u00e7ava afundar as embarca\u00e7\u00f5es.<sup id=\"cite_ref-secdeze_12-0\" class=\"reference\"><a href=\"https:\/\/pt.wikipedia.org\/wiki\/Nossa_Senhora_da_Concei%C3%A7%C3%A3o_Aparecida#cite_note-secdeze-12\">[12]<\/a><\/sup>\u00a0Esta foi a primeira\u00a0<a title=\"Intercess\u00e3o\" href=\"https:\/\/pt.wikipedia.org\/wiki\/Intercess%C3%A3o\">intercess\u00e3o<\/a>\u00a0atribu\u00edda \u00e0 santa.<sup id=\"cite_ref-Mary_9-6\" class=\"reference\"><a href=\"https:\/\/pt.wikipedia.org\/wiki\/Nossa_Senhora_da_Concei%C3%A7%C3%A3o_Aparecida#cite_note-Mary-9\">[9]<\/a><\/sup><\/p>\n<h3 style=\"text-align: justify;\"><span id=\"In.C3.ADcio_da_devo.C3.A7.C3.A3o\"><\/span><span id=\"In\u00edcio_da_devo\u00e7\u00e3o\" class=\"mw-headline\">In\u00edcio da devo\u00e7\u00e3o<\/span><\/h3>\n<table>\n<tbody>\n<tr>\n<th><a class=\"image\" href=\"https:\/\/pt.wikipedia.org\/wiki\/Ficheiro:Emblem_of_the_Papacy_SE.svg\"><img loading=\"lazy\" decoding=\"async\" src=\"https:\/\/upload.wikimedia.org\/wikipedia\/commons\/thumb\/8\/81\/Emblem_of_the_Papacy_SE.svg\/30px-Emblem_of_the_Papacy_SE.svg.png\" srcset=\"\/\/upload.wikimedia.org\/wikipedia\/commons\/thumb\/8\/81\/Emblem_of_the_Papacy_SE.svg\/45px-Emblem_of_the_Papacy_SE.svg.png 1.5x, \/\/upload.wikimedia.org\/wikipedia\/commons\/thumb\/8\/81\/Emblem_of_the_Papacy_SE.svg\/60px-Emblem_of_the_Papacy_SE.svg.png 2x\" alt=\"Emblem of the Papacy SE.svg\" width=\"30\" height=\"41\" data-file-width=\"815\" data-file-height=\"1105\" \/><\/a><br \/>\n<small><a title=\"Categoria:Mariologia\" href=\"https:\/\/pt.wikipedia.org\/wiki\/Categoria:Mariologia\">S\u00e9rie de artigos sobre<\/a><\/small><br \/>\n<b><a title=\"Mariologia\" href=\"https:\/\/pt.wikipedia.org\/wiki\/Mariologia\">Mariologia cat\u00f3lica<\/a><\/b><br \/>\n<a class=\"image\" href=\"https:\/\/pt.wikipedia.org\/wiki\/Ficheiro:Murillo_immaculate_conception.jpg\"><img loading=\"lazy\" decoding=\"async\" src=\"https:\/\/upload.wikimedia.org\/wikipedia\/commons\/thumb\/6\/61\/Murillo_immaculate_conception.jpg\/170px-Murillo_immaculate_conception.jpg\" srcset=\"\/\/upload.wikimedia.org\/wikipedia\/commons\/thumb\/6\/61\/Murillo_immaculate_conception.jpg\/255px-Murillo_immaculate_conception.jpg 1.5x, \/\/upload.wikimedia.org\/wikipedia\/commons\/thumb\/6\/61\/Murillo_immaculate_conception.jpg\/340px-Murillo_immaculate_conception.jpg 2x\" alt=\"Murillo immaculate conception.jpg\" width=\"170\" height=\"249\" data-file-width=\"2012\" data-file-height=\"2952\" \/><\/a><\/th>\n<\/tr>\n<tr>\n<td><b><a title=\"Maria (m\u00e3e de Jesus)\" href=\"https:\/\/pt.wikipedia.org\/wiki\/Maria_(m%C3%A3e_de_Jesus)\">Maria, m\u00e3e de Jesus<\/a><\/b><\/td>\n<\/tr>\n<tr>\n<td><\/td>\n<\/tr>\n<tr>\n<td><b><a class=\"mw-redirect\" title=\"Devo\u00e7\u00e3o mariana\" href=\"https:\/\/pt.wikipedia.org\/wiki\/Devo%C3%A7%C3%A3o_mariana\">Devo\u00e7\u00e3o<\/a><\/b><br \/>\n<a title=\"Hiperdulia\" href=\"https:\/\/pt.wikipedia.org\/wiki\/Hiperdulia\">Hiperdulia<\/a>\u00a0\u2022\u00a0<a title=\"Imaculado Cora\u00e7\u00e3o de Maria\" href=\"https:\/\/pt.wikipedia.org\/wiki\/Imaculado_Cora%C3%A7%C3%A3o_de_Maria\">Imaculado Cora\u00e7\u00e3o<\/a>\u00a0\u2022\u00a0<a title=\"Sete alegrias de Maria\" href=\"https:\/\/pt.wikipedia.org\/wiki\/Sete_alegrias_de_Maria\">Sete Alegrias<\/a>\u00a0\u2022\u00a0<a class=\"mw-redirect\" title=\"Sete dores de Maria\" href=\"https:\/\/pt.wikipedia.org\/wiki\/Sete_dores_de_Maria\">Sete Dores<\/a>\u00a0\u2022\u00a0<a title=\"Coroa de Nossa Senhora das L\u00e1grimas\" href=\"https:\/\/pt.wikipedia.org\/wiki\/Coroa_de_Nossa_Senhora_das_L%C3%A1grimas\">Coroa das L\u00e1grimas<\/a>\u00a0\u2022\u00a0<a title=\"Ros\u00e1rio (catolicismo)\" href=\"https:\/\/pt.wikipedia.org\/wiki\/Ros%C3%A1rio_(catolicismo)\">Santo Ros\u00e1rio<\/a>\u00a0\u2022\u00a0<a title=\"Escapul\u00e1rio de Nossa Senhora do Carmo\" href=\"https:\/\/pt.wikipedia.org\/wiki\/Escapul%C3%A1rio_de_Nossa_Senhora_do_Carmo\">Escapul\u00e1rio do Carmo<\/a><\/td>\n<\/tr>\n<tr>\n<td><b><a title=\"Ora\u00e7\u00e3o\" href=\"https:\/\/pt.wikipedia.org\/wiki\/Ora%C3%A7%C3%A3o\">Ora\u00e7\u00f5es marianas famosas<\/a><\/b><br \/>\n<a title=\"Ave Maria\" href=\"https:\/\/pt.wikipedia.org\/wiki\/Ave_Maria\">Ave Maria<\/a>\u00a0\u2022\u00a0<a title=\"Magnificat\" href=\"https:\/\/pt.wikipedia.org\/wiki\/Magnificat\">Magnificat<\/a>\u00a0\u2022\u00a0<a title=\"Angelus\" href=\"https:\/\/pt.wikipedia.org\/wiki\/Angelus\">Angelus<\/a>\u00a0\u2022\u00a0<a title=\"Infinitas gra\u00e7as vos damos\" href=\"https:\/\/pt.wikipedia.org\/wiki\/Infinitas_gra%C3%A7as_vos_damos\">Infinitas gra\u00e7as vos damos<\/a>\u00a0\u2022\u00a0<a title=\"Lembrai-vos\" href=\"https:\/\/pt.wikipedia.org\/wiki\/Lembrai-vos\">Lembrai-vos<\/a>\u00a0\u2022\u00a0<a title=\"Salve-rainha\" href=\"https:\/\/pt.wikipedia.org\/wiki\/Salve-rainha\">Salve-rainha<\/a><\/td>\n<\/tr>\n<tr>\n<td><b><a title=\"Dogmas e doutrinas marianas da Igreja Cat\u00f3lica\" href=\"https:\/\/pt.wikipedia.org\/wiki\/Dogmas_e_doutrinas_marianas_da_Igreja_Cat%C3%B3lica\">Dogmas e Doutrinas<\/a><\/b><br \/>\n<a title=\"Te\u00f3toco\" href=\"https:\/\/pt.wikipedia.org\/wiki\/Te%C3%B3toco\">M\u00e3e de Deus<\/a>\u00a0\u2022\u00a0<a title=\"Virgindade perp\u00e9tua de Maria\" href=\"https:\/\/pt.wikipedia.org\/wiki\/Virgindade_perp%C3%A9tua_de_Maria\">Perp\u00e9tua Virgindade<\/a>\u00a0\u2022\u00a0<a title=\"Imaculada Concei\u00e7\u00e3o\" href=\"https:\/\/pt.wikipedia.org\/wiki\/Imaculada_Concei%C3%A7%C3%A3o\">Imaculada Concei\u00e7\u00e3o<\/a>\u00a0\u2022\u00a0<a title=\"Assun\u00e7\u00e3o de Maria\" href=\"https:\/\/pt.wikipedia.org\/wiki\/Assun%C3%A7%C3%A3o_de_Maria\">Assun\u00e7\u00e3o ao C\u00e9u<\/a>\u00a0\u2022\u00a0<a title=\"M\u00e3e da Igreja\" href=\"https:\/\/pt.wikipedia.org\/wiki\/M%C3%A3e_da_Igreja\">M\u00e3e da Igreja<\/a>\u00a0\u2022\u00a0<a title=\"Medianeira\" href=\"https:\/\/pt.wikipedia.org\/wiki\/Medianeira\">Medianeira e Advogada<\/a>\u00a0\u2022\u00a0<a title=\"Corredentora\" href=\"https:\/\/pt.wikipedia.org\/wiki\/Corredentora\">Corredentora<\/a>\u00a0\u2022\u00a0<a title=\"Ad caeli Reginam\" href=\"https:\/\/pt.wikipedia.org\/wiki\/Ad_caeli_Reginam\">Rainha do C\u00e9u<\/a><\/td>\n<\/tr>\n<tr>\n<td><\/td>\n<\/tr>\n<tr>\n<td><b><a title=\"Apari\u00e7\u00f5es marianas\" href=\"https:\/\/pt.wikipedia.org\/wiki\/Apari%C3%A7%C3%B5es_marianas\">Apari\u00e7\u00f5es marianas<\/a><\/b><br \/>\n<small>Cren\u00e7as reconhecidas ou dignas de culto<\/small><br \/>\n<a title=\"Nossa Senhora de Guadalupe (M\u00e9xico)\" href=\"https:\/\/pt.wikipedia.org\/wiki\/Nossa_Senhora_de_Guadalupe_(M%C3%A9xico)\">Guadalupe<\/a>\u00a0\u2022\u00a0<a title=\"Nossa Senhora das Gra\u00e7as\" href=\"https:\/\/pt.wikipedia.org\/wiki\/Nossa_Senhora_das_Gra%C3%A7as\">Medalha Milagrosa<\/a>\u00a0\u2022<br \/>\n<a title=\"Nossa Senhora de La Salette\" href=\"https:\/\/pt.wikipedia.org\/wiki\/Nossa_Senhora_de_La_Salette\">La Salette<\/a>\u00a0\u2022\u00a0<a title=\"Nossa Senhora de Lourdes\" href=\"https:\/\/pt.wikipedia.org\/wiki\/Nossa_Senhora_de_Lourdes\">Lourdes<\/a>\u00a0\u2022\u00a0<a title=\"Nossa Senhora de F\u00e1tima\" href=\"https:\/\/pt.wikipedia.org\/wiki\/Nossa_Senhora_de_F%C3%A1tima\">F\u00e1tima<\/a>\u00a0\u2022\u00a0<a title=\"Nossa Senhora das L\u00e1grimas\" href=\"https:\/\/pt.wikipedia.org\/wiki\/Nossa_Senhora_das_L%C3%A1grimas\">Campinas<\/a>\u00a0\u2022\u00a0<a title=\"Nossa Senhora de Akita\" href=\"https:\/\/pt.wikipedia.org\/wiki\/Nossa_Senhora_de_Akita\">Akita<\/a>\u00a0\u2022\u00a0<a title=\"Nossa Senhora do Ros\u00e1rio\" href=\"https:\/\/pt.wikipedia.org\/wiki\/Nossa_Senhora_do_Ros%C3%A1rio\">Prouille<\/a><\/td>\n<\/tr>\n<tr>\n<td>\n<hr \/>\n<p><b><a title=\"T\u00edtulos de Maria\" href=\"https:\/\/pt.wikipedia.org\/wiki\/T%C3%ADtulos_de_Maria\">T\u00edtulos da Virgem Maria<\/a><\/b><\/p>\n<hr \/>\n<p><b><a title=\"Vida da Virgem\" href=\"https:\/\/pt.wikipedia.org\/wiki\/Vida_da_Virgem\">Virgem Maria na arte<\/a><\/b><\/td>\n<\/tr>\n<\/tbody>\n<\/table>\n<p style=\"text-align: justify;\">Durante os quinze anos seguintes a imagem permaneceu na resid\u00eancia de Filipe Pedroso, onde as pessoas da vizinhan\u00e7a se reuniam para\u00a0<a title=\"Ora\u00e7\u00e3o\" href=\"https:\/\/pt.wikipedia.org\/wiki\/Ora%C3%A7%C3%A3o\">orar<\/a>.<sup id=\"cite_ref-canc_11-2\" class=\"reference\"><a href=\"https:\/\/pt.wikipedia.org\/wiki\/Nossa_Senhora_da_Concei%C3%A7%C3%A3o_Aparecida#cite_note-canc-11\">[11]<\/a><\/sup><sup id=\"cite_ref-pedroso_13-0\" class=\"reference\"><a href=\"https:\/\/pt.wikipedia.org\/wiki\/Nossa_Senhora_da_Concei%C3%A7%C3%A3o_Aparecida#cite_note-pedroso-13\">[13]<\/a><\/sup>\u00a0A devo\u00e7\u00e3o foi crescendo entre o povo da regi\u00e3o e houve relatos de milagres por aqueles que oravam diante da santa.<sup id=\"cite_ref-canc_11-3\" class=\"reference\"><a href=\"https:\/\/pt.wikipedia.org\/wiki\/Nossa_Senhora_da_Concei%C3%A7%C3%A3o_Aparecida#cite_note-canc-11\">[11]<\/a><\/sup>\u00a0A fama de seus poderes foi se espalhando por todas as regi\u00f5es do Brasil.<sup id=\"cite_ref-canc_11-4\" class=\"reference\"><a href=\"https:\/\/pt.wikipedia.org\/wiki\/Nossa_Senhora_da_Concei%C3%A7%C3%A3o_Aparecida#cite_note-canc-11\">[11]<\/a><\/sup>\u00a0Diversas vezes as pessoas que \u00e0 noite faziam diante dela as suas ora\u00e7\u00f5es, diziam que viam luzes de repente apagadas e depois de um pouco reacendidas sem nenhuma interven\u00e7\u00e3o humana. Logo, j\u00e1 n\u00e3o eram somente os pescadores os que vinham rezar, mas tamb\u00e9m muitas outras pessoas das vizinhan\u00e7as. A fam\u00edlia construiu um orat\u00f3rio no Porto de Itagua\u00e7u, que logo tornou-se pequeno para abrigar tantos fi\u00e9is.<sup id=\"cite_ref-canc_11-5\" class=\"reference\"><a href=\"https:\/\/pt.wikipedia.org\/wiki\/Nossa_Senhora_da_Concei%C3%A7%C3%A3o_Aparecida#cite_note-canc-11\">[11]<\/a><\/sup><sup id=\"cite_ref-pedroso_13-1\" class=\"reference\"><a href=\"https:\/\/pt.wikipedia.org\/wiki\/Nossa_Senhora_da_Concei%C3%A7%C3%A3o_Aparecida#cite_note-pedroso-13\">[13]<\/a><\/sup><\/p>\n<p style=\"text-align: justify;\">Assim, por volta de\u00a0<a title=\"1734\" href=\"https:\/\/pt.wikipedia.org\/wiki\/1734\">1734<\/a>, o vig\u00e1rio de Guaratinguet\u00e1 construiu uma\u00a0<a title=\"Capela\" href=\"https:\/\/pt.wikipedia.org\/wiki\/Capela\">capela<\/a>\u00a0no alto do morro dos Coqueiros, aberta \u00e0 visita\u00e7\u00e3o p\u00fablica em\u00a0<a title=\"26 de julho\" href=\"https:\/\/pt.wikipedia.org\/wiki\/26_de_julho\">26 de julho<\/a>\u00a0de\u00a0<a title=\"1745\" href=\"https:\/\/pt.wikipedia.org\/wiki\/1745\">1745<\/a>.<sup id=\"cite_ref-canc_11-6\" class=\"reference\"><a href=\"https:\/\/pt.wikipedia.org\/wiki\/Nossa_Senhora_da_Concei%C3%A7%C3%A3o_Aparecida#cite_note-canc-11\">[11]<\/a><\/sup><sup id=\"cite_ref-pedroso_13-2\" class=\"reference\"><a href=\"https:\/\/pt.wikipedia.org\/wiki\/Nossa_Senhora_da_Concei%C3%A7%C3%A3o_Aparecida#cite_note-pedroso-13\">[13]<\/a><\/sup>\u00a0A capela foi erguida com a ajuda do filho de Filipe Pedroso, que n\u00e3o aprovava o local escolhido, pois considerava mais c\u00f4modo para os fi\u00e9is uma regi\u00e3o pr\u00f3xima ao povoado.<sup id=\"cite_ref-14\" class=\"reference\"><a href=\"https:\/\/pt.wikipedia.org\/wiki\/Nossa_Senhora_da_Concei%C3%A7%C3%A3o_Aparecida#cite_note-14\">[14]<\/a><\/sup><\/p>\n<p style=\"text-align: justify;\">No dia\u00a0<a title=\"20 de abril\" href=\"https:\/\/pt.wikipedia.org\/wiki\/20_de_abril\">20 de abril<\/a>\u00a0de 1822, em viagem pelo Vale do Para\u00edba, o ent\u00e3o\u00a0<a title=\"Pr\u00edncipe Regente do Brasil\" href=\"https:\/\/pt.wikipedia.org\/wiki\/Pr%C3%ADncipe_Regente_do_Brasil\">Pr\u00edncipe Regente do Brasil<\/a>,\u00a0<a title=\"Pedro I do Brasil\" href=\"https:\/\/pt.wikipedia.org\/wiki\/Pedro_I_do_Brasil\">Dom Pedro I<\/a>\u00a0e sua comitiva, visitaram a capela e conheceram a imagem de Nossa Senhora Aparecida. Dom Pedro tinha novo compromisso p\u00fablico: visitar a ent\u00e3o capela de Nossa Senhora Aparecida, hoje no munic\u00edpio de Aparecida. Tratava-se de um importante ponto de peregrina\u00e7\u00e3o cat\u00f3lica, pois o pequeno templo havia sido erguido justamente para abrigar a imagem da santa, chamada de Nossa Senhora Aparecida, encontrada ali na regi\u00e3o em 1717 e, depois, proclamada padroeira do Brasil. Rezzutti conta que antigos relatos afirmam que Dom Pedro teria rezado na igrejinha e feito uma promessa: se tudo corresse bem, ele faria de Nossa Senhora Aparecida a padroeira do Brasil independente. Na realidade, depois de se tornar imperador, Pedro I escolheu S\u00e3o Pedro de Alc\u00e2ntara como padroeiro. O n\u00famero de fi\u00e9is n\u00e3o parava de aumentar e, em\u00a0<a title=\"1834\" href=\"https:\/\/pt.wikipedia.org\/wiki\/1834\">1834<\/a>, foi iniciada a\u00a0<a title=\"Constru\u00e7\u00e3o\" href=\"https:\/\/pt.wikipedia.org\/wiki\/Constru%C3%A7%C3%A3o\">constru\u00e7\u00e3o<\/a>\u00a0de uma\u00a0<a title=\"Igreja\" href=\"https:\/\/pt.wikipedia.org\/wiki\/Igreja\">igreja<\/a>\u00a0maior (a atual\u00a0<a class=\"mw-redirect\" title=\"Bas\u00edlica Velha\" href=\"https:\/\/pt.wikipedia.org\/wiki\/Bas%C3%ADlica_Velha\">Bas\u00edlica Velha<\/a>),<sup id=\"cite_ref-canc_11-7\" class=\"reference\"><a href=\"https:\/\/pt.wikipedia.org\/wiki\/Nossa_Senhora_da_Concei%C3%A7%C3%A3o_Aparecida#cite_note-canc-11\">[11]<\/a><\/sup>\u00a0sendo solenemente inaugurada e benzida em\u00a0<a title=\"8 de dezembro\" href=\"https:\/\/pt.wikipedia.org\/wiki\/8_de_dezembro\">8 de dezembro<\/a>\u00a0de\u00a0<a title=\"1888\" href=\"https:\/\/pt.wikipedia.org\/wiki\/1888\">1888<\/a>.<sup id=\"cite_ref-15\" class=\"reference\"><a href=\"https:\/\/pt.wikipedia.org\/wiki\/Nossa_Senhora_da_Concei%C3%A7%C3%A3o_Aparecida#cite_note-15\">[15]<\/a><\/sup><sup id=\"cite_ref-16\" class=\"reference\"><a href=\"https:\/\/pt.wikipedia.org\/wiki\/Nossa_Senhora_da_Concei%C3%A7%C3%A3o_Aparecida#cite_note-16\">[16]<\/a><\/sup><\/p>\n<h3 style=\"text-align: justify;\"><span id=\"Coroa_de_ouro_e_o_manto_azul\" class=\"mw-headline\">Coroa de ouro e o manto azul<\/span><\/h3>\n<p style=\"text-align: justify;\">Em 6 de novembro de 1888, a\u00a0<a title=\"Isabel do Brasil\" href=\"https:\/\/pt.wikipedia.org\/wiki\/Isabel_do_Brasil\">princesa Isabel<\/a>\u00a0visitou pela segunda vez a bas\u00edlica e ofertou \u00e0 santa, em pagamento de uma promessa (feita em sua primeira visita, em 8 de dezembro de 1868), uma\u00a0<a title=\"Coroa (monarquia)\" href=\"https:\/\/pt.wikipedia.org\/wiki\/Coroa_(monarquia)\">coroa<\/a>\u00a0de\u00a0<a title=\"Ouro\" href=\"https:\/\/pt.wikipedia.org\/wiki\/Ouro\">ouro<\/a>\u00a0cravejada de\u00a0<a title=\"Diamante\" href=\"https:\/\/pt.wikipedia.org\/wiki\/Diamante\">diamantes<\/a><sup id=\"cite_ref-Terra_17-0\" class=\"reference\"><a href=\"https:\/\/pt.wikipedia.org\/wiki\/Nossa_Senhora_da_Concei%C3%A7%C3%A3o_Aparecida#cite_note-Terra-17\">[17]<\/a><\/sup>\u00a0e\u00a0<a title=\"Rubi\" href=\"https:\/\/pt.wikipedia.org\/wiki\/Rubi\">rubis<\/a>, juntamente com um manto azul, ricamente ornado.<\/p>\n<h3 style=\"text-align: justify;\"><span id=\"Chegada_dos_mission.C3.A1rios_redentoristas\"><\/span><span id=\"Chegada_dos_mission\u00e1rios_redentoristas\" class=\"mw-headline\">Chegada dos mission\u00e1rios redentoristas<\/span><\/h3>\n<p style=\"text-align: justify;\">Em\u00a0<a title=\"28 de outubro\" href=\"https:\/\/pt.wikipedia.org\/wiki\/28_de_outubro\">28 de outubro<\/a>\u00a0de\u00a0<a title=\"1894\" href=\"https:\/\/pt.wikipedia.org\/wiki\/1894\">1894<\/a>, chegou a Aparecida um grupo de padres e irm\u00e3os da\u00a0<a class=\"mw-redirect\" title=\"Redentoristas\" href=\"https:\/\/pt.wikipedia.org\/wiki\/Redentoristas\">Congrega\u00e7\u00e3o dos Mission\u00e1rios Redentoristas<\/a>, para trabalhar no atendimento aos\u00a0<a title=\"Romaria\" href=\"https:\/\/pt.wikipedia.org\/wiki\/Romaria\">romeiros<\/a>\u00a0que acorriam aos p\u00e9s da imagem para rezar com a Senhora &#8220;Aparecida&#8221; das \u00e1guas.<\/p>\n<h3 style=\"text-align: justify;\"><span id=\"Coroa.C3.A7.C3.A3o_da_imagem\"><\/span><span id=\"Coroa\u00e7\u00e3o_da_imagem\" class=\"mw-headline\">Coroa\u00e7\u00e3o da imagem<\/span><\/h3>\n<p style=\"text-align: justify;\">A\u00a0<a title=\"8 de setembro\" href=\"https:\/\/pt.wikipedia.org\/wiki\/8_de_setembro\">8 de setembro<\/a>\u00a0de\u00a0<a title=\"1904\" href=\"https:\/\/pt.wikipedia.org\/wiki\/1904\">1904<\/a>, a imagem foi coroada com a riqu\u00edssima coroa doada pela\u00a0<a title=\"Isabel do Brasil\" href=\"https:\/\/pt.wikipedia.org\/wiki\/Isabel_do_Brasil\">Princesa Isabel<\/a>\u00a0e portando o manto anil, bordado em ouro e pedrarias, s\u00edmbolos de sua realeza e patrono. A celebra\u00e7\u00e3o solene foi dirigida por D. Jos\u00e9 Camargo Barros, com a presen\u00e7a do\u00a0<a title=\"N\u00fancio apost\u00f3lico\" href=\"https:\/\/pt.wikipedia.org\/wiki\/N%C3%BAncio_apost%C3%B3lico\">n\u00fancio apost\u00f3lico<\/a>, muitos bispos, o presidente da Rep\u00fablica\u00a0<a title=\"Rodrigues Alves\" href=\"https:\/\/pt.wikipedia.org\/wiki\/Rodrigues_Alves\">Rodrigues Alves<\/a>\u00a0e numeroso povo. Depois da coroa\u00e7\u00e3o o papa concedeu ao santu\u00e1rio de Aparecida mais outros favores: of\u00edcio e missa pr\u00f3pria de Nossa Senhora Aparecida, e\u00a0<a title=\"Indulg\u00eancia\" href=\"https:\/\/pt.wikipedia.org\/wiki\/Indulg%C3%AAncia\">indulg\u00eancias<\/a>\u00a0para os romeiros que v\u00eam em peregrina\u00e7\u00e3o ao Santu\u00e1rio.<\/p>\n<h3 style=\"text-align: justify;\"><span id=\"Instala.C3.A7.C3.A3o_da_bas.C3.ADlica\"><\/span><span id=\"Instala\u00e7\u00e3o_da_bas\u00edlica\" class=\"mw-headline\">Instala\u00e7\u00e3o da bas\u00edlica<\/span><\/h3>\n<p style=\"text-align: justify;\">No dia\u00a0<a title=\"29 de abril\" href=\"https:\/\/pt.wikipedia.org\/wiki\/29_de_abril\">29 de abril<\/a>\u00a0de\u00a0<a title=\"1908\" href=\"https:\/\/pt.wikipedia.org\/wiki\/1908\">1908<\/a>, a igreja recebeu o t\u00edtulo de Bas\u00edlica Menor, sagrada a\u00a0<a title=\"5 de setembro\" href=\"https:\/\/pt.wikipedia.org\/wiki\/5_de_setembro\">5 de setembro<\/a>\u00a0de\u00a0<a title=\"1909\" href=\"https:\/\/pt.wikipedia.org\/wiki\/1909\">1909<\/a>\u00a0recebeu a rel\u00edquia de\u00a0<a class=\"mw-redirect\" title=\"S\u00e3o Vicente M\u00e1rtir\" href=\"https:\/\/pt.wikipedia.org\/wiki\/S%C3%A3o_Vicente_M%C3%A1rtir\">s\u00e3o Vicente M\u00e1rtir<\/a>, trazidos de\u00a0<a title=\"Roma\" href=\"https:\/\/pt.wikipedia.org\/wiki\/Roma\">Roma<\/a>\u00a0com permiss\u00e3o do Papa.<\/p>\n<h3 style=\"text-align: justify;\"><span id=\"Emancipa.C3.A7.C3.A3o_pol.C3.ADtico-administrativa\"><\/span><span id=\"Emancipa\u00e7\u00e3o_pol\u00edtico-administrativa\" class=\"mw-headline\">Emancipa\u00e7\u00e3o pol\u00edtico-administrativa<\/span><\/h3>\n<p style=\"text-align: justify;\">Em\u00a0<a title=\"17 de dezembro\" href=\"https:\/\/pt.wikipedia.org\/wiki\/17_de_dezembro\">17 de dezembro<\/a>\u00a0de\u00a0<a title=\"1928\" href=\"https:\/\/pt.wikipedia.org\/wiki\/1928\">1928<\/a>, a vila que se formara ao redor da igreja no alto do Morro dos Coqueiros, emancipou-se politicamente de\u00a0<a title=\"Guaratinguet\u00e1\" href=\"https:\/\/pt.wikipedia.org\/wiki\/Guaratinguet%C3%A1\">Guaratinguet\u00e1<\/a>\u00a0e se tornou um munic\u00edpio, vindo a se chamar\u00a0<i>Aparecida<\/i>, em homenagem a Nossa Senhora, cuja devo\u00e7\u00e3o fora respons\u00e1vel pela cria\u00e7\u00e3o da cidade.<\/p>\n<h3 style=\"text-align: justify;\"><span id=\"Rainha_e_Padroeira_do_Brasil\" class=\"mw-headline\">Rainha e Padroeira do Brasil<\/span><\/h3>\n<p style=\"text-align: justify;\">Nossa Senhora da Concei\u00e7\u00e3o Aparecida foi proclamada Rainha do Brasil e sua Padroeira Principal em 16 de julho de 1930, por decreto do\u00a0<a title=\"Papa Pio XI\" href=\"https:\/\/pt.wikipedia.org\/wiki\/Papa_Pio_XI\">papa Pio XI<\/a>.<sup id=\"cite_ref-18\" class=\"reference\"><a href=\"https:\/\/pt.wikipedia.org\/wiki\/Nossa_Senhora_da_Concei%C3%A7%C3%A3o_Aparecida#cite_note-18\">[18]<\/a><\/sup>\u00a0A imagem j\u00e1 havia sido coroada anteriormente, em nome do\u00a0<a title=\"Papa Pio X\" href=\"https:\/\/pt.wikipedia.org\/wiki\/Papa_Pio_X\">papa Pio X<\/a>, por decreto da Santa S\u00e9, em 1904.<\/p>\n<p style=\"text-align: justify;\">Pela Lei n\u00ba 6 802, de 30 de junho de 1980<sup id=\"cite_ref-19\" class=\"reference\"><a href=\"https:\/\/pt.wikipedia.org\/wiki\/Nossa_Senhora_da_Concei%C3%A7%C3%A3o_Aparecida#cite_note-19\">[19]<\/a><\/sup>, foi decretado oficialmente feriado o dia 12 de outubro, dedicando-se este dia \u00e0 devo\u00e7\u00e3o. Tamb\u00e9m nesta lei, a Rep\u00fablica Federativa do Brasil reconhece oficialmente Nossa Senhora Aparecida como padroeira do Brasil.<\/p>\n<h3 style=\"text-align: justify;\"><span id=\"General.C3.ADssima_do_Ex.C3.A9rcito_Brasileiro\"><\/span><span id=\"General\u00edssima_do_Ex\u00e9rcito_Brasileiro\" class=\"mw-headline\">General\u00edssima do Ex\u00e9rcito Brasileiro<\/span><\/h3>\n<p style=\"text-align: justify;\">Na ocasi\u00e3o das comemora\u00e7\u00f5es do tricenten\u00e1rio (1717-2017) do encontro da vener\u00e1vel imagem de Nossa Senhora da Concei\u00e7\u00e3o Aparecida, a\u00a0<a title=\"Maria (m\u00e3e de Jesus)\" href=\"https:\/\/pt.wikipedia.org\/wiki\/Maria_(m%C3%A3e_de_Jesus)\">Virgem Maria<\/a>\u00a0foi homenageada com diversos t\u00edtulos eclesi\u00e1sticos e civis concedidos em reconhecimento.<\/p>\n<p style=\"text-align: justify;\">Dentre os j\u00e1 mencionados acima, Rainha do Brasil, conferido em 1904 e o de Padroeira do Brasil, em 1931, junto a estes t\u00edtulos une-se outro com especial destaque o de\u00a0<a title=\"General\u00edssimo\" href=\"https:\/\/pt.wikipedia.org\/wiki\/General%C3%ADssimo\">General\u00edssima<\/a>\u00a0do\u00a0<a title=\"Ex\u00e9rcito Brasileiro\" href=\"https:\/\/pt.wikipedia.org\/wiki\/Ex%C3%A9rcito_Brasileiro\">Ex\u00e9rcito Brasileiro<\/a><b>,<\/b>\u00a0contudo tratar-se de um t\u00edtulo completamente civil e \u00fanico na hist\u00f3ria do pa\u00eds, outorgado em 15 de agosto de 1967, cujo jubileu de ouro (50 anos) foi comemorado.<\/p>\n<p style=\"text-align: justify;\">Em 17 de abril de 1965, uma comiss\u00e3o de militares de\u00a0<a title=\"Belo Horizonte\" href=\"https:\/\/pt.wikipedia.org\/wiki\/Belo_Horizonte\">Belo Horizonte<\/a>, encaminhou ao Reitor do Santu\u00e1rio de Aparecida o pedido de peregrina\u00e7\u00e3o nacional da imagem, em decorr\u00eancia das comemora\u00e7\u00f5es dos 250 anos de seu encontro, a iniciar pela capital mineira\u00a0<a title=\"Belo Horizonte\" href=\"https:\/\/pt.wikipedia.org\/wiki\/Belo_Horizonte\">Belo Horizonte<\/a>. O pedido fora levado \u00e0\u00a0<a title=\"Aparecida (S\u00e3o Paulo)\" href=\"https:\/\/pt.wikipedia.org\/wiki\/Aparecida_(S%C3%A3o_Paulo)\">Aparecida<\/a>, em pergaminho, pelo\u00a0<a title=\"Comandante\" href=\"https:\/\/pt.wikipedia.org\/wiki\/Comandante\">comandante<\/a>\u00a0da\u00a0<a title=\"Pol\u00edcia Militar do Estado de Minas Gerais\" href=\"https:\/\/pt.wikipedia.org\/wiki\/Pol%C3%ADcia_Militar_do_Estado_de_Minas_Gerais\">Pol\u00edcia Militar do Estado de Minas Gerais<\/a>,\u00a0<a title=\"Tenente-coronel\" href=\"https:\/\/pt.wikipedia.org\/wiki\/Tenente-coronel\">tenente-coronel<\/a>\u00a0Ant\u00f4nio de Santa Cec\u00edlia, o documento trazia os seguintes dizeres:<\/p>\n<p style=\"text-align: justify;\">&#8220;<i>O Povo Mineiro, interpretando o desejo de todo o Povo Brasileiro, vem, pela comiss\u00e3o abaixo relacionada, respeitosamente. Pedir a Vossa Emin\u00eancia Reverend\u00edssima e ao D.D. Conselho Administrativo da Bas\u00edlica de Nossa Senhora Aparecida, que se dignem conceder licen\u00e7a para que a Imagem de Nossa Senhora Aparecida, Padroeira do Brasil, seja levada em triunfante peregrina\u00e7\u00e3o \u00e0s Capitais de todos os Estados do Brasil, sendo em Bras\u00edlia aclamada General\u00edssima das Gloriosas For\u00e7as Armadas Brasileiras\u201d.<\/i>\u00a0Segue-se a assinatura do ent\u00e3o Presidente da Rep\u00fablica:\u00a0<a title=\"Humberto de Alencar Castelo Branco\" href=\"https:\/\/pt.wikipedia.org\/wiki\/Humberto_de_Alencar_Castelo_Branco\">Marechal Humberto de Alencar Castelo Branco<\/a>.<\/p>\n<p style=\"text-align: justify;\">O pedido de peregrina\u00e7\u00e3o acabou n\u00e3o sendo atendido, o t\u00edtulo de\u00a0<b><a title=\"Maria (m\u00e3e de Jesus)\" href=\"https:\/\/pt.wikipedia.org\/wiki\/Maria_(m%C3%A3e_de_Jesus)\">General\u00edssima do Ex\u00e9rcito Brasileiro<\/a><\/b>\u00a0foi protelado e, assim, coube posteriormente ao ent\u00e3o Presidente da Rep\u00fablica:\u00a0<a title=\"Costa e Silva\" href=\"https:\/\/pt.wikipedia.org\/wiki\/Costa_e_Silva\">Marechal Arthur da Costa e Silva<\/a>\u00a0outorgar, em 1967, o t\u00edtulo, ato que aconteceu na capital espiritual do Brasil:\u00a0<a title=\"Aparecida (S\u00e3o Paulo)\" href=\"https:\/\/pt.wikipedia.org\/wiki\/Aparecida_(S%C3%A3o_Paulo)\">Aparecida<\/a>, durante as comemora\u00e7\u00f5es dos 250 anos do encontro da imagem, na ocasi\u00e3o em que foi entregue pelo legado pontif\u00edcio, o\u00a0<a title=\"Cardeal\" href=\"https:\/\/pt.wikipedia.org\/wiki\/Cardeal\">Cardeal<\/a>\u00a0<a class=\"new\" title=\"Amleto Cicognani (p\u00e1gina n\u00e3o existe)\" href=\"https:\/\/pt.wikipedia.org\/w\/index.php?title=Amleto_Cicognani&amp;action=edit&amp;redlink=1\">Amleto Cicognani<\/a>, a\u00a0<a title=\"Rosa de Ouro (condecora\u00e7\u00e3o)\" href=\"https:\/\/pt.wikipedia.org\/wiki\/Rosa_de_Ouro_(condecora%C3%A7%C3%A3o)\">Rosa de Ouro<\/a>\u00a0\u2013 alta condecora\u00e7\u00e3o pontif\u00edcia exclusiva a mulheres \u2013 oferecida pelo\u00a0<a title=\"Papa Paulo VI\" href=\"https:\/\/pt.wikipedia.org\/wiki\/Papa_Paulo_VI\">Papa Paulo VI<\/a>\u00a0em 15 de agosto de 1967 sendo assim a imagem de Nossa Senhora da Aparecida, ter o reconhecimento civil conferida pela patente mais alta do\u00a0<a title=\"Ex\u00e9rcito Brasileiro\" href=\"https:\/\/pt.wikipedia.org\/wiki\/Ex%C3%A9rcito_Brasileiro\">Ex\u00e9rcito Brasileiro<\/a>, sendo-lhe prestadas as devidas honras militares.<sup id=\"cite_ref-20\" class=\"reference\"><a href=\"https:\/\/pt.wikipedia.org\/wiki\/Nossa_Senhora_da_Concei%C3%A7%C3%A3o_Aparecida#cite_note-20\">[20]<\/a><\/sup><\/p>\n<h3 style=\"text-align: justify;\"><span id=\"Rosa_de_Ouro\" class=\"mw-headline\">Rosa de Ouro<\/span><\/h3>\n<p style=\"text-align: justify;\">Em\u00a0<a title=\"1967\" href=\"https:\/\/pt.wikipedia.org\/wiki\/1967\">1967<\/a>, ao completar-se 250 anos da devo\u00e7\u00e3o, o\u00a0<a title=\"Papa Paulo VI\" href=\"https:\/\/pt.wikipedia.org\/wiki\/Papa_Paulo_VI\">Papa Paulo VI<\/a>\u00a0ofereceu ao Santu\u00e1rio a \u201c<a title=\"Rosa de Ouro (condecora\u00e7\u00e3o)\" href=\"https:\/\/pt.wikipedia.org\/wiki\/Rosa_de_Ouro_(condecora%C3%A7%C3%A3o)\">Rosa de Ouro<\/a>\u201d, gesto repetido pelo\u00a0<a title=\"Papa Bento XVI\" href=\"https:\/\/pt.wikipedia.org\/wiki\/Papa_Bento_XVI\">Papa Bento XVI<\/a>\u00a0que ofereceu outra rosa, em\u00a0<a title=\"2007\" href=\"https:\/\/pt.wikipedia.org\/wiki\/2007\">2007<\/a>, em decorr\u00eancia da sua viagem apost\u00f3lica ao pa\u00eds nesse mesmo ano, reconhecendo a import\u00e2ncia da santa devo\u00e7\u00e3o.<sup id=\"cite_ref-rosa_21-0\" class=\"reference\"><a href=\"https:\/\/pt.wikipedia.org\/wiki\/Nossa_Senhora_da_Concei%C3%A7%C3%A3o_Aparecida#cite_note-rosa-21\">[21]<\/a><\/sup>\u00a0Em\u00a0<a title=\"9 de outubro\" href=\"https:\/\/pt.wikipedia.org\/wiki\/9_de_outubro\">9 de outubro<\/a>\u00a0de\u00a0<a title=\"2017\" href=\"https:\/\/pt.wikipedia.org\/wiki\/2017\">2017<\/a>, o\u00a0<a title=\"Papa Francisco\" href=\"https:\/\/pt.wikipedia.org\/wiki\/Papa_Francisco\">Papa Francisco<\/a>\u00a0concede a terceira rosa em comemora\u00e7\u00e3o aos 300 anos da apari\u00e7\u00e3o da imagem.<sup id=\"cite_ref-rosafrancisco_22-0\" class=\"reference\"><a href=\"https:\/\/pt.wikipedia.org\/wiki\/Nossa_Senhora_da_Concei%C3%A7%C3%A3o_Aparecida#cite_note-rosafrancisco-22\">[22]<\/a><\/sup><\/p>\n<h3 style=\"text-align: justify;\"><span id=\"Bas.C3.ADlica_de_Nossa_Senhora_Aparecida\"><\/span><span id=\"Bas\u00edlica_de_Nossa_Senhora_Aparecida\" class=\"mw-headline\">Bas\u00edlica de Nossa Senhora Aparecida<\/span><\/h3>\n<p style=\"text-align: justify;\">Houve necessidade de um local maior para os romeiros, e em 1955 teve in\u00edcio a constru\u00e7\u00e3o da Bas\u00edlica Nova.<sup id=\"cite_ref-pedroso_13-3\" class=\"reference\"><a href=\"https:\/\/pt.wikipedia.org\/wiki\/Nossa_Senhora_da_Concei%C3%A7%C3%A3o_Aparecida#cite_note-pedroso-13\">[13]<\/a><\/sup>\u00a0O arquiteto Benedito Calixto idealizou um edif\u00edcio em forma de cruz grega, com 173m de comprimento por 168m de largura; as naves com 40m e a c\u00fapula com 70m de altura.<sup id=\"cite_ref-pedroso_13-4\" class=\"reference\"><a href=\"https:\/\/pt.wikipedia.org\/wiki\/Nossa_Senhora_da_Concei%C3%A7%C3%A3o_Aparecida#cite_note-pedroso-13\">[13]<\/a><\/sup><\/p>\n<p style=\"text-align: justify;\">Em\u00a0<a title=\"4 de julho\" href=\"https:\/\/pt.wikipedia.org\/wiki\/4_de_julho\">4 de julho<\/a>\u00a0de\u00a0<a title=\"1980\" href=\"https:\/\/pt.wikipedia.org\/wiki\/1980\">1980<\/a>\u00a0o\u00a0<a title=\"Papa Jo\u00e3o Paulo II\" href=\"https:\/\/pt.wikipedia.org\/wiki\/Papa_Jo%C3%A3o_Paulo_II\">papa Jo\u00e3o Paulo II<\/a>, em sua visita ao Brasil, consagrou a Bas\u00edlica de Nossa Senhora Aparecida, o maior santu\u00e1rio mariano do mundo, em solene missa celebrada, revigorando a\u00a0<a class=\"mw-redirect\" title=\"Devo\u00e7\u00f5es marianas\" href=\"https:\/\/pt.wikipedia.org\/wiki\/Devo%C3%A7%C3%B5es_marianas\">devo\u00e7\u00e3o \u00e0 Santa Maria<\/a>,\u00a0<a class=\"mw-redirect\" title=\"M\u00e3e de Deus\" href=\"https:\/\/pt.wikipedia.org\/wiki\/M%C3%A3e_de_Deus\">M\u00e3e de Deus<\/a>, e sagrando solenemente aquele grandioso monumento.<\/p>\n<h3 style=\"text-align: justify;\"><span id=\"Centen.C3.A1rio_da_coroa.C3.A7.C3.A3o\"><\/span><span id=\"Centen\u00e1rio_da_coroa\u00e7\u00e3o\" class=\"mw-headline\">Centen\u00e1rio da coroa\u00e7\u00e3o<\/span><\/h3>\n<p style=\"text-align: justify;\">No m\u00eas de maio de\u00a0<a title=\"2004\" href=\"https:\/\/pt.wikipedia.org\/wiki\/2004\">2004<\/a>\u00a0o papa Jo\u00e3o Paulo II concedeu indulg\u00eancias aos devotos de Nossa Senhora Aparecida, por ocasi\u00e3o das comemora\u00e7\u00f5es do centen\u00e1rio da coroa\u00e7\u00e3o da imagem e proclama\u00e7\u00e3o de Nossa Senhora como Padroeira do Brasil. Ap\u00f3s um concurso nacional, devotos e autoridades eclesiais elegeram a Coroa do Centen\u00e1rio, que marcaria as festividades do jubileu de coroa\u00e7\u00e3o realizado naquele ano.<\/p>\n<h2 style=\"text-align: justify;\"><span id=\"Descri.C3.A7.C3.A3o_da_imagem\"><\/span><span id=\"Descri\u00e7\u00e3o_da_imagem\" class=\"mw-headline\">Descri\u00e7\u00e3o da imagem<\/span><\/h2>\n<div class=\"thumb tright\" style=\"text-align: justify;\">\n<div class=\"thumbinner\">\n<p><a class=\"image\" href=\"https:\/\/pt.wikipedia.org\/wiki\/Ficheiro:Our_Lady_of_Aparecida_-_Basilica_of_Aparecida_-_Aparecida_2014_(3).jpg\"><img loading=\"lazy\" decoding=\"async\" class=\"thumbimage\" src=\"https:\/\/upload.wikimedia.org\/wikipedia\/commons\/thumb\/8\/80\/Our_Lady_of_Aparecida_-_Basilica_of_Aparecida_-_Aparecida_2014_%283%29.jpg\/220px-Our_Lady_of_Aparecida_-_Basilica_of_Aparecida_-_Aparecida_2014_%283%29.jpg\" srcset=\"\/\/upload.wikimedia.org\/wikipedia\/commons\/thumb\/8\/80\/Our_Lady_of_Aparecida_-_Basilica_of_Aparecida_-_Aparecida_2014_%283%29.jpg\/330px-Our_Lady_of_Aparecida_-_Basilica_of_Aparecida_-_Aparecida_2014_%283%29.jpg 1.5x, \/\/upload.wikimedia.org\/wikipedia\/commons\/thumb\/8\/80\/Our_Lady_of_Aparecida_-_Basilica_of_Aparecida_-_Aparecida_2014_%283%29.jpg\/440px-Our_Lady_of_Aparecida_-_Basilica_of_Aparecida_-_Aparecida_2014_%283%29.jpg 2x\" alt=\"\" width=\"220\" height=\"330\" data-file-width=\"1728\" data-file-height=\"2592\" \/><\/a><\/p>\n<div class=\"thumbcaption\">\n<div class=\"magnify\"><\/div>\n<p>A imagem, tal como se encontra no interior da Bas\u00edlica.<\/p>\n<\/div>\n<\/div>\n<\/div>\n<p style=\"text-align: justify;\">A imagem retirada das \u00e1guas do rio Para\u00edba do Sul em 1717 mede quarenta\u00a0<a class=\"mw-redirect\" title=\"Cent\u00edmetro\" href=\"https:\/\/pt.wikipedia.org\/wiki\/Cent%C3%ADmetro\">cent\u00edmetros<\/a>\u00a0de\u00a0<a title=\"Altura (medida)\" href=\"https:\/\/pt.wikipedia.org\/wiki\/Altura_(medida)\">altura<\/a>\u00a0e \u00e9 de\u00a0<a title=\"Terracota\" href=\"https:\/\/pt.wikipedia.org\/wiki\/Terracota\">terracota<\/a>, ou seja,\u00a0<a title=\"Argila\" href=\"https:\/\/pt.wikipedia.org\/wiki\/Argila\">argila<\/a>\u00a0que ap\u00f3s modelada \u00e9 cozida num forno apropriado.<sup id=\"cite_ref-canc_11-8\" class=\"reference\"><a href=\"https:\/\/pt.wikipedia.org\/wiki\/Nossa_Senhora_da_Concei%C3%A7%C3%A3o_Aparecida#cite_note-canc-11\">[11]<\/a><\/sup>\u00a0Em estilo seiscentista, como atestado por diversos especialistas que a analisaram, acredita-se que originalmente apresentaria uma\u00a0<a title=\"Policromia\" href=\"https:\/\/pt.wikipedia.org\/wiki\/Policromia\">policromia<\/a>, como era costume \u00e0 \u00e9poca, embora n\u00e3o haja documenta\u00e7\u00e3o que comprove tal suspeita.<sup id=\"cite_ref-canc_11-9\" class=\"reference\"><a href=\"https:\/\/pt.wikipedia.org\/wiki\/Nossa_Senhora_da_Concei%C3%A7%C3%A3o_Aparecida#cite_note-canc-11\">[11]<\/a><\/sup>\u00a0A\u00a0<a title=\"Argila\" href=\"https:\/\/pt.wikipedia.org\/wiki\/Argila\">argila<\/a>\u00a0utilizada para a confec\u00e7\u00e3o da imagem \u00e9 oriunda da regi\u00e3o de\u00a0<a class=\"mw-redirect\" title=\"Santana do Parna\u00edba\" href=\"https:\/\/pt.wikipedia.org\/wiki\/Santana_do_Parna%C3%ADba\">Santana do Parna\u00edba<\/a>, na Grande S\u00e3o Paulo.<sup id=\"cite_ref-canc_11-10\" class=\"reference\"><a href=\"https:\/\/pt.wikipedia.org\/wiki\/Nossa_Senhora_da_Concei%C3%A7%C3%A3o_Aparecida#cite_note-canc-11\">[11]<\/a><\/sup>\u00a0Quando recolhida pelos pescadores, estava sem a policromia original, devido ao longo per\u00edodo em que esteve submersa nas \u00e1guas do\u00a0<a title=\"Rio\" href=\"https:\/\/pt.wikipedia.org\/wiki\/Rio\">rio<\/a>.<sup id=\"cite_ref-canc_11-11\" class=\"reference\"><a href=\"https:\/\/pt.wikipedia.org\/wiki\/Nossa_Senhora_da_Concei%C3%A7%C3%A3o_Aparecida#cite_note-canc-11\">[11]<\/a><\/sup>\u00a0A cor de\u00a0<a title=\"Canela\" href=\"https:\/\/pt.wikipedia.org\/wiki\/Canela\">canela<\/a>\u00a0que apresenta hoje deve-se \u00e0 exposi\u00e7\u00e3o secular \u00e0\u00a0<a title=\"Fuligem\" href=\"https:\/\/pt.wikipedia.org\/wiki\/Fuligem\">fuligem<\/a>\u00a0produzida pelas chamas das velas,\u00a0<a class=\"mw-redirect\" title=\"Lamparina\" href=\"https:\/\/pt.wikipedia.org\/wiki\/Lamparina\">lamparinas<\/a>\u00a0e\u00a0<a title=\"Candeeiro\" href=\"https:\/\/pt.wikipedia.org\/wiki\/Candeeiro\">candeeiros<\/a>, acesas por seus devotos.<sup id=\"cite_ref-canc_11-12\" class=\"reference\"><a href=\"https:\/\/pt.wikipedia.org\/wiki\/Nossa_Senhora_da_Concei%C3%A7%C3%A3o_Aparecida#cite_note-canc-11\">[11]<\/a><\/sup><sup id=\"cite_ref-site_23-0\" class=\"reference\"><a href=\"https:\/\/pt.wikipedia.org\/wiki\/Nossa_Senhora_da_Concei%C3%A7%C3%A3o_Aparecida#cite_note-site-23\">[23]<\/a><\/sup><\/p>\n<p style=\"text-align: justify;\">Atrav\u00e9s de estudos comparativos, a autoria da imagem foi atribu\u00edda ao frei\u00a0<a title=\"Agostinho de Jesus\" href=\"https:\/\/pt.wikipedia.org\/wiki\/Agostinho_de_Jesus\">Agostinho de Jesus<\/a>, um monge de S\u00e3o Paulo conhecido por sua habilidade art\u00edstica na confec\u00e7\u00e3o de imagens sacras.<sup id=\"cite_ref-SQPN_1-10\" class=\"reference\"><a href=\"https:\/\/pt.wikipedia.org\/wiki\/Nossa_Senhora_da_Concei%C3%A7%C3%A3o_Aparecida#cite_note-SQPN-1\">[1]<\/a><\/sup><sup id=\"cite_ref-canc_11-13\" class=\"reference\"><a href=\"https:\/\/pt.wikipedia.org\/wiki\/Nossa_Senhora_da_Concei%C3%A7%C3%A3o_Aparecida#cite_note-canc-11\">[11]<\/a><\/sup>\u00a0Tais caracter\u00edsticas incluem a forma sorridente dos l\u00e1bios, queixo encravado, flores em relevo no cabelo, broche de tr\u00eas p\u00e9rolas na testa e porte empinado para tr\u00e1s.<sup id=\"cite_ref-canc_11-14\" class=\"reference\"><a href=\"https:\/\/pt.wikipedia.org\/wiki\/Nossa_Senhora_da_Concei%C3%A7%C3%A3o_Aparecida#cite_note-canc-11\">[11]<\/a><\/sup>\u00a0O motivo pelo qual a imagem se encontrava no fundo do rio Para\u00edba \u00e9 que, durante o per\u00edodo colonial, as imagens sacras de terracota eram jogadas em rios ou enterradas quando quebradas.<sup id=\"cite_ref-24\" class=\"reference\"><a href=\"https:\/\/pt.wikipedia.org\/wiki\/Nossa_Senhora_da_Concei%C3%A7%C3%A3o_Aparecida#cite_note-24\">[24]<\/a><\/sup><\/p>\n<p style=\"text-align: justify;\">A imagem foi tombada pelo Conselho de Defesa do Patrim\u00f4nio Hist\u00f3rico, Arqueol\u00f3gico, Art\u00edstico e Tur\u00edstico do Estado (<a class=\"mw-redirect\" title=\"Condephaat\" href=\"https:\/\/pt.wikipedia.org\/wiki\/Condephaat\">Condephaat<\/a>), em 2012, sendo considerada como patrim\u00f4nio do Estado de S\u00e3o Paulo.<sup id=\"cite_ref-25\" class=\"reference\"><a href=\"https:\/\/pt.wikipedia.org\/wiki\/Nossa_Senhora_da_Concei%C3%A7%C3%A3o_Aparecida#cite_note-25\">[25]<\/a><\/sup><\/p>\n<h3 style=\"text-align: justify;\"><span id=\"Atentado_.C3.A0_imagem\"><\/span><span id=\"Atentado_\u00e0_imagem\" class=\"mw-headline\">Atentado \u00e0 imagem<\/span><\/h3>\n<div class=\"thumb tright\" style=\"text-align: justify;\">\n<div class=\"thumbinner\">\n<p><a class=\"image\" href=\"https:\/\/pt.wikipedia.org\/wiki\/Ficheiro:Atentado-nsaparecida-corpo.png\"><img loading=\"lazy\" decoding=\"async\" class=\"thumbimage\" src=\"https:\/\/upload.wikimedia.org\/wikipedia\/commons\/thumb\/d\/da\/Atentado-nsaparecida-corpo.png\/220px-Atentado-nsaparecida-corpo.png\" srcset=\"\/\/upload.wikimedia.org\/wikipedia\/commons\/thumb\/d\/da\/Atentado-nsaparecida-corpo.png\/330px-Atentado-nsaparecida-corpo.png 1.5x, \/\/upload.wikimedia.org\/wikipedia\/commons\/thumb\/d\/da\/Atentado-nsaparecida-corpo.png\/440px-Atentado-nsaparecida-corpo.png 2x\" alt=\"\" width=\"220\" height=\"227\" data-file-width=\"1280\" data-file-height=\"1319\" \/><\/a><\/p>\n<div class=\"thumbcaption\">\n<div class=\"magnify\"><\/div>\n<p>Os fragmentos do corpo da imagem, depois do atentado de 1978.<\/p>\n<\/div>\n<\/div>\n<\/div>\n<div class=\"hatnote\" style=\"text-align: justify;\"><img loading=\"lazy\" decoding=\"async\" src=\"https:\/\/upload.wikimedia.org\/wikipedia\/commons\/thumb\/3\/3a\/Magnifying_glass_01.svg\/17px-Magnifying_glass_01.svg.png\" srcset=\"\/\/upload.wikimedia.org\/wikipedia\/commons\/thumb\/3\/3a\/Magnifying_glass_01.svg\/26px-Magnifying_glass_01.svg.png 1.5x, \/\/upload.wikimedia.org\/wikipedia\/commons\/thumb\/3\/3a\/Magnifying_glass_01.svg\/34px-Magnifying_glass_01.svg.png 2x\" alt=\"\" width=\"17\" height=\"17\" data-file-width=\"663\" data-file-height=\"659\" \/>Ver artigo principal:\u00a0<a title=\"Atentado \u00e0 imagem de Nossa Senhora Aparecida\" href=\"https:\/\/pt.wikipedia.org\/wiki\/Atentado_%C3%A0_imagem_de_Nossa_Senhora_Aparecida\">Atentado \u00e0 imagem de Nossa Senhora Aparecida<\/a><\/div>\n<p style=\"text-align: justify;\">Em\u00a0<a title=\"1978\" href=\"https:\/\/pt.wikipedia.org\/wiki\/1978\">1978<\/a>, ap\u00f3s sofrer um\u00a0<a title=\"Atentado \u00e0 imagem de Nossa Senhora Aparecida\" href=\"https:\/\/pt.wikipedia.org\/wiki\/Atentado_%C3%A0_imagem_de_Nossa_Senhora_Aparecida\">atentado<\/a>\u00a0que a reduziu a quase duzentos fragmentos, a imagem foi encaminhada a\u00a0<a title=\"Pietro Maria Bardi\" href=\"https:\/\/pt.wikipedia.org\/wiki\/Pietro_Maria_Bardi\">Pietro Maria Bardi<\/a>, \u00e0 \u00e9poca diretor do\u00a0<a title=\"Museu de Arte de S\u00e3o Paulo\" href=\"https:\/\/pt.wikipedia.org\/wiki\/Museu_de_Arte_de_S%C3%A3o_Paulo\">Museu de Arte de S\u00e3o Paulo<\/a>\u00a0(MASP), que a examinou, juntamente com Jo\u00e3o Marino, colecionador de imagens sacras brasileiras.<sup id=\"cite_ref-canc_11-15\" class=\"reference\"><a href=\"https:\/\/pt.wikipedia.org\/wiki\/Nossa_Senhora_da_Concei%C3%A7%C3%A3o_Aparecida#cite_note-canc-11\">[11]<\/a><\/sup>\u00a0Foi ent\u00e3o totalmente restaurada, no MASP, pelas m\u00e3os da artista pl\u00e1stica\u00a0<a title=\"Maria Helena Chartuni\" href=\"https:\/\/pt.wikipedia.org\/wiki\/Maria_Helena_Chartuni\">Maria Helena Chartuni<\/a>.<sup id=\"cite_ref-canc_11-16\" class=\"reference\"><a href=\"https:\/\/pt.wikipedia.org\/wiki\/Nossa_Senhora_da_Concei%C3%A7%C3%A3o_Aparecida#cite_note-canc-11\">[11]<\/a><\/sup><sup id=\"cite_ref-26\" class=\"reference\"><a href=\"https:\/\/pt.wikipedia.org\/wiki\/Nossa_Senhora_da_Concei%C3%A7%C3%A3o_Aparecida#cite_note-26\">[26]<\/a><\/sup><\/p>\n<h2 style=\"text-align: justify;\"><span id=\"Primeiros_milagres\" class=\"mw-headline\">Primeiros milagres<\/span><\/h2>\n<p style=\"text-align: justify;\">Em 1748, o padre Francisco da Silveira, estava em missa realizada onde hoje \u00e9 o munic\u00edpio de Aparecida, quando escreveu uma cr\u00f4nica onde menciona a imagem de Nossa Senhora como &#8220;famosa por muitos milagres realizados&#8221;. Na mesma cr\u00f4nica descreve que os peregrinos se locomoviam grandes dist\u00e2ncias para agradecer as gra\u00e7as alcan\u00e7adas.<sup id=\"cite_ref-site_23-1\" class=\"reference\"><a href=\"https:\/\/pt.wikipedia.org\/wiki\/Nossa_Senhora_da_Concei%C3%A7%C3%A3o_Aparecida#cite_note-site-23\">[23]<\/a><\/sup><\/p>\n<h3 style=\"text-align: justify;\"><span id=\"Milagre_das_velas\" class=\"mw-headline\">Milagre das velas<\/span><\/h3>\n<p style=\"text-align: justify;\">Estando a\u00a0<a title=\"Noite\" href=\"https:\/\/pt.wikipedia.org\/wiki\/Noite\">noite<\/a>\u00a0serena, repentinamente as duas\u00a0<a title=\"Vela\" href=\"https:\/\/pt.wikipedia.org\/wiki\/Vela\">velas<\/a>\u00a0que iluminavam a Santa se apagaram. Houve espanto entre os devotos, e Silvana da Rocha, querendo acend\u00ea-las novamente, n\u00e3o conseguiu, pois elas acenderam por si mesmas.<sup id=\"cite_ref-pedroso_13-5\" class=\"reference\"><a href=\"https:\/\/pt.wikipedia.org\/wiki\/Nossa_Senhora_da_Concei%C3%A7%C3%A3o_Aparecida#cite_note-pedroso-13\">[13]<\/a><\/sup>\u00a0Este relato \u00e9 tido como um\u00a0<a title=\"Milagre\" href=\"https:\/\/pt.wikipedia.org\/wiki\/Milagre\">milagre<\/a>\u00a0de Nossa Senhora por seus devotos, e \u00e9 provavelmente de\u00a0<a title=\"1733\" href=\"https:\/\/pt.wikipedia.org\/wiki\/1733\">1733<\/a>.<\/p>\n<h3 style=\"text-align: justify;\"><span id=\"Caem_as_correntes\" class=\"mw-headline\">Caem as correntes<\/span><\/h3>\n<p style=\"text-align: justify;\">Em meados de\u00a0<a title=\"1850\" href=\"https:\/\/pt.wikipedia.org\/wiki\/1850\">1850<\/a>, um\u00a0<a class=\"mw-redirect\" title=\"Escravo\" href=\"https:\/\/pt.wikipedia.org\/wiki\/Escravo\">escravo<\/a>\u00a0chamado Zacarias, preso por grossas correntes, ao passar pela igreja onde se encontrava a imagem de Nossa Senhora Aparecida, pede ao feitor permiss\u00e3o para rezar. Recebendo autoriza\u00e7\u00e3o, o escravo se ajoelha diante de Nossa Senhora Aparecida e reza fervorosamente. Durante a ora\u00e7\u00e3o as correntes milagrosamente soltam-se de seus pulsos, deixando Zacarias livre.<sup id=\"cite_ref-pedroso_13-6\" class=\"reference\"><a href=\"https:\/\/pt.wikipedia.org\/wiki\/Nossa_Senhora_da_Concei%C3%A7%C3%A3o_Aparecida#cite_note-pedroso-13\">[13]<\/a><\/sup><\/p>\n<h3 style=\"text-align: justify;\"><span id=\"Cavaleiro_e_a_marca_da_ferradura\" class=\"mw-headline\">Cavaleiro e a marca da ferradura<\/span><\/h3>\n<p style=\"text-align: justify;\">Um cavaleiro de\u00a0<a title=\"Cuiab\u00e1\" href=\"https:\/\/pt.wikipedia.org\/wiki\/Cuiab%C3%A1\">Cuiab\u00e1<\/a>, passando por Aparecida, ao se dirigir para Minas Gerais, viu a f\u00e9 dos romeiros e come\u00e7ou a zombar, dizendo, que aquela f\u00e9 era uma bobagem. Quis provar o que dizia, entrando a\u00a0<a title=\"Cavalo\" href=\"https:\/\/pt.wikipedia.org\/wiki\/Cavalo\">cavalo<\/a>\u00a0na\u00a0<a title=\"Igreja\" href=\"https:\/\/pt.wikipedia.org\/wiki\/Igreja\">igreja<\/a>. Logo na escadaria, a pata de seu cavalo se prendeu na pedra da escada da igreja (Bas\u00edlica Velha), vindo a derrubar o cavaleiro de seu cavalo; ap\u00f3s o fato, a marca da ferradura ficou cravada na pedra. O cavaleiro, arrependido, pediu perd\u00e3o e tornou-se devoto.<sup id=\"cite_ref-pedroso_13-7\" class=\"reference\"><a href=\"https:\/\/pt.wikipedia.org\/wiki\/Nossa_Senhora_da_Concei%C3%A7%C3%A3o_Aparecida#cite_note-pedroso-13\">[13]<\/a><\/sup><\/p>\n<h3 style=\"text-align: justify;\"><span id=\"A_menina_cega_de_nascen.C3.A7a_de_Jaboticabal_-_SP.\"><\/span><span id=\"A_menina_cega_de_nascen\u00e7a_de_Jaboticabal_-_SP.\" class=\"mw-headline\">A menina cega de nascen\u00e7a de Jaboticabal &#8211; SP.<\/span><\/h3>\n<p style=\"text-align: justify;\">Por serem muito devotos de Nossa Senhora Aparecida, os membros da fam\u00edlia Vaz de Jaboticabal &#8211; SP rezavam e falavam muito sobre os acontecimentos referentes a Nossa Senhora Aparecida. O casal desta fam\u00edlia tinha uma menina que era cega de nascen\u00e7a e que sempre ouvia atentamente ao que falavam. A menina tinha uma vontade muito grande de ir at\u00e9 a Igreja. Naqueles tempos, onde tudo ainda era sert\u00e3o, ficava muito dif\u00edcil de se chegar at\u00e9 l\u00e1. Mas com muita dificuldade, f\u00e9 e perseveran\u00e7a, m\u00e3e e filha da fam\u00edlia Vaz de Jaboticabal &#8211; SP chegaram \u00e0s escadarias da Igreja, quando, surpreendentemente, a menina cega de nascen\u00e7a exclamou: &#8220;M\u00e3e, como \u00e9 linda esta Igreja!&#8221;. Daquele momento em diante a menina que era cega de nascen\u00e7a passa a enxergar normalmente.<sup id=\"cite_ref-pedroso_13-8\" class=\"reference\"><a href=\"https:\/\/pt.wikipedia.org\/wiki\/Nossa_Senhora_da_Concei%C3%A7%C3%A3o_Aparecida#cite_note-pedroso-13\">[13]<\/a><\/sup><\/p>\n<h3 style=\"text-align: justify;\"><span id=\"O_menino_no_rio\" class=\"mw-headline\">O menino no rio<\/span><\/h3>\n<p style=\"text-align: justify;\">O pai e o filho foram pescar. Durante a pescaria a correnteza estava muito forte e por um descuido o menino caiu no rio. O menino n\u00e3o sabia nadar e a correnteza o arrastava cada vez mais r\u00e1pido e o pai desesperado pediu a Nossa Senhora Aparecida para salvar o menino. De repente, o corpo do menino parou de ser arrastado enquanto a forte correnteza continuava e o pai salvou o menino.<sup id=\"cite_ref-pedroso_13-9\" class=\"reference\"><a href=\"https:\/\/pt.wikipedia.org\/wiki\/Nossa_Senhora_da_Concei%C3%A7%C3%A3o_Aparecida#cite_note-pedroso-13\">[13]<\/a><\/sup><\/p>\n<h3 style=\"text-align: justify;\"><span id=\"O_homem_e_a_on.C3.A7a\"><\/span><span id=\"O_homem_e_a_on\u00e7a\" class=\"mw-headline\">O homem e a on\u00e7a<\/span><\/h3>\n<p style=\"text-align: justify;\">Um homem estava voltando para sua casa, quando de repente ele se deparou com uma\u00a0<a title=\"Panthera onca\" href=\"https:\/\/pt.wikipedia.org\/wiki\/Panthera_onca\">on\u00e7a<\/a>. Ele se viu encurralado e a on\u00e7a estava prestes a atacar, ent\u00e3o o homem pediu desesperado a Nossa Senhora Aparecida por sua vida, e a on\u00e7a foi embora.<sup id=\"cite_ref-pedroso_13-10\" class=\"reference\"><a href=\"https:\/\/pt.wikipedia.org\/wiki\/Nossa_Senhora_da_Concei%C3%A7%C3%A3o_Aparecida#cite_note-pedroso-13\">[13]<\/a><\/sup><\/p>\n<h2 style=\"text-align: justify;\"><span id=\"Coroa_comemorativa\" class=\"mw-headline\">Coroa comemorativa<\/span><\/h2>\n<div class=\"thumb tright\" style=\"text-align: justify;\">\n<div class=\"thumbinner\">\n<p><a class=\"image\" href=\"https:\/\/pt.wikipedia.org\/wiki\/Ficheiro:Basilica_of_the_National_Shrine_of_Our_Lady_of_Aparecida,_2007.jpg\"><img loading=\"lazy\" decoding=\"async\" class=\"thumbimage\" src=\"https:\/\/upload.wikimedia.org\/wikipedia\/commons\/thumb\/6\/62\/Basilica_of_the_National_Shrine_of_Our_Lady_of_Aparecida%2C_2007.jpg\/220px-Basilica_of_the_National_Shrine_of_Our_Lady_of_Aparecida%2C_2007.jpg\" srcset=\"\/\/upload.wikimedia.org\/wikipedia\/commons\/thumb\/6\/62\/Basilica_of_the_National_Shrine_of_Our_Lady_of_Aparecida%2C_2007.jpg\/330px-Basilica_of_the_National_Shrine_of_Our_Lady_of_Aparecida%2C_2007.jpg 1.5x, \/\/upload.wikimedia.org\/wikipedia\/commons\/thumb\/6\/62\/Basilica_of_the_National_Shrine_of_Our_Lady_of_Aparecida%2C_2007.jpg\/440px-Basilica_of_the_National_Shrine_of_Our_Lady_of_Aparecida%2C_2007.jpg 2x\" alt=\"\" width=\"220\" height=\"143\" data-file-width=\"2480\" data-file-height=\"1611\" \/><\/a><\/p>\n<div class=\"thumbcaption\">\n<div class=\"magnify\"><\/div>\n<p>Bas\u00edlica de Nossa Senhora Aparecida, Brasil.<\/p>\n<\/div>\n<\/div>\n<\/div>\n<p style=\"text-align: justify;\">Para celebrar o centen\u00e1rio da Coroa\u00e7\u00e3o da Imagem da Padroeira do Brasil, a Associa\u00e7\u00e3o de Joalheiros e Relojoeiros do Noroeste Paulista &#8211; AJORESP, com apoio t\u00e9cnico do\u00a0<a class=\"mw-redirect\" title=\"Sebrae\" href=\"https:\/\/pt.wikipedia.org\/wiki\/Sebrae\">Sebrae<\/a>\u00a0(S\u00e3o Paulo), promoveu um Concurso Nacional de Design, visando selecionar uma nova Coroa comemorativa do evento.<\/p>\n<p style=\"text-align: justify;\">O J\u00fari Institucional do evento selecionou, por consenso, o projeto da designer Lena Garrido, em parceria com a designer D\u00e9bora Camisasca, de\u00a0<a title=\"Belo Horizonte\" href=\"https:\/\/pt.wikipedia.org\/wiki\/Belo_Horizonte\">Belo Horizonte<\/a>\u00a0(<a title=\"Minas Gerais\" href=\"https:\/\/pt.wikipedia.org\/wiki\/Minas_Gerais\">Minas Gerais<\/a>). A nova pe\u00e7a foi confeccionada em\u00a0<a title=\"Ouro\" href=\"https:\/\/pt.wikipedia.org\/wiki\/Ouro\">ouro<\/a>\u00a0e pedras preciosas especialmente para a solenidade do Centen\u00e1rio da Coroa\u00e7\u00e3o de Nossa Senhora Aparecida, no dia\u00a0<a title=\"8 de setembro\" href=\"https:\/\/pt.wikipedia.org\/wiki\/8_de_setembro\">8 de setembro<\/a>\u00a0de\u00a0<a title=\"2004\" href=\"https:\/\/pt.wikipedia.org\/wiki\/2004\">2004<\/a>.<\/p>\n<h2 style=\"text-align: justify;\"><span id=\"Controv.C3.A9rsias\"><\/span><span id=\"Controv\u00e9rsias\" class=\"mw-headline\">Controv\u00e9rsias<\/span><\/h2>\n<div class=\"hatnote\" style=\"text-align: justify;\"><img loading=\"lazy\" decoding=\"async\" src=\"https:\/\/upload.wikimedia.org\/wikipedia\/commons\/thumb\/3\/3a\/Magnifying_glass_01.svg\/17px-Magnifying_glass_01.svg.png\" srcset=\"\/\/upload.wikimedia.org\/wikipedia\/commons\/thumb\/3\/3a\/Magnifying_glass_01.svg\/26px-Magnifying_glass_01.svg.png 1.5x, \/\/upload.wikimedia.org\/wikipedia\/commons\/thumb\/3\/3a\/Magnifying_glass_01.svg\/34px-Magnifying_glass_01.svg.png 2x\" alt=\"\" width=\"17\" height=\"17\" data-file-width=\"663\" data-file-height=\"659\" \/>Ver artigos principais:\u00a0<a title=\"Atentado \u00e0 imagem de Nossa Senhora Aparecida\" href=\"https:\/\/pt.wikipedia.org\/wiki\/Atentado_%C3%A0_imagem_de_Nossa_Senhora_Aparecida\">Atentado \u00e0 imagem de Nossa Senhora Aparecida<\/a>\u00a0e\u00a0<a title=\"Chute na santa\" href=\"https:\/\/pt.wikipedia.org\/wiki\/Chute_na_santa\">Chute na santa<\/a><\/div>\n<p style=\"text-align: justify;\">A imagem j\u00e1 foi, mais de uma vez, fonte de confrontos religiosos entre cat\u00f3licos e protestantes. Em 16 de maio de 1978, um evang\u00e9lico retirou-a de seu altar na Bas\u00edlica ap\u00f3s a \u00faltima missa do dia.<sup id=\"cite_ref-Pli_27-0\" class=\"reference\"><a href=\"https:\/\/pt.wikipedia.org\/wiki\/Nossa_Senhora_da_Concei%C3%A7%C3%A3o_Aparecida#cite_note-Pli-27\">[27]<\/a><\/sup>\u00a0Ele foi perseguido pelos guardas e por alguns fi\u00e9is e, ao ser apanhado, deixou a imagem cair no ch\u00e3o.<sup id=\"cite_ref-Pli_27-1\" class=\"reference\"><a href=\"https:\/\/pt.wikipedia.org\/wiki\/Nossa_Senhora_da_Concei%C3%A7%C3%A3o_Aparecida#cite_note-Pli-27\">[27]<\/a><\/sup>\u00a0Por ser um objeto tricenten\u00e1rio, por ter sido feita de terracota e ter ficado submersa no rio Para\u00edba do Sul por muito tempo, sua reconstru\u00e7\u00e3o foi dif\u00edcil, mas um grupo de artistas do\u00a0<a class=\"mw-redirect\" title=\"MASP\" href=\"https:\/\/pt.wikipedia.org\/wiki\/MASP\">MASP<\/a>\u00a0conseguiu colar os peda\u00e7os da imagem.<sup id=\"cite_ref-SQPN_1-11\" class=\"reference\"><a href=\"https:\/\/pt.wikipedia.org\/wiki\/Nossa_Senhora_da_Concei%C3%A7%C3%A3o_Aparecida#cite_note-SQPN-1\">[1]<\/a><\/sup><sup id=\"cite_ref-Pli_27-2\" class=\"reference\"><a href=\"https:\/\/pt.wikipedia.org\/wiki\/Nossa_Senhora_da_Concei%C3%A7%C3%A3o_Aparecida#cite_note-Pli-27\">[27]<\/a><\/sup><\/p>\n<p style=\"text-align: justify;\">imagem.<sup id=\"cite_ref-SQPN_1-11\" class=\"reference\"><a href=\"https:\/\/pt.wikipedia.org\/wiki\/Nossa_Senhora_da_Concei%C3%A7%C3%A3o_Aparecida#cite_note-SQPN-1\">[1]<\/a><\/sup><sup id=\"cite_ref-Pli_27-2\" class=\"reference\"><a href=\"https:\/\/pt.wikipedia.org\/wiki\/Nossa_Senhora_da_Concei%C3%A7%C3%A3o_Aparecida#cite_note-Pli-27\">[27]<\/a><\/sup><\/p>\n<div class=\"thumb tleft\" style=\"text-align: justify;\">\n<div class=\"thumbinner\">\n<p><a class=\"image\" href=\"https:\/\/pt.wikipedia.org\/wiki\/Ficheiro:Chute-na-santa.jpg\"><img loading=\"lazy\" decoding=\"async\" class=\"thumbimage\" src=\"https:\/\/upload.wikimedia.org\/wikipedia\/pt\/thumb\/d\/d9\/Chute-na-santa.jpg\/200px-Chute-na-santa.jpg\" srcset=\"\/\/upload.wikimedia.org\/wikipedia\/pt\/d\/d9\/Chute-na-santa.jpg 1.5x\" alt=\"\" width=\"200\" height=\"151\" data-file-width=\"275\" data-file-height=\"208\" \/><\/a><\/p>\n<div class=\"thumbcaption\">\n<div class=\"magnify\"><\/div>\n<p>S\u00e9rgio von Helde chutando uma imagem de Nossa Senhora Aparecida.<\/p>\n<\/div>\n<\/div>\n<\/div>\n<p style=\"text-align: justify;\">No feriado de Nossa Senhora Aparecida de 1995, ocorreu o incidente conhecido como &#8220;<a title=\"Chute na santa\" href=\"https:\/\/pt.wikipedia.org\/wiki\/Chute_na_santa\">chute na santa<\/a>&#8220;. O ex-bispo\u00a0<a title=\"Televangelismo\" href=\"https:\/\/pt.wikipedia.org\/wiki\/Televangelismo\">televangelista<\/a>\u00a0S\u00e9rgio von Helde, da\u00a0<a title=\"Igreja Universal do Reino de Deus\" href=\"https:\/\/pt.wikipedia.org\/wiki\/Igreja_Universal_do_Reino_de_Deus\">Igreja Universal do Reino de Deus<\/a>\u00a0(IURD), chutou uma r\u00e9plica da imagem de Nossa Senhora Aparecida num programa religioso transmitido de madrugada pela\u00a0<a class=\"mw-redirect\" title=\"Rede Record\" href=\"https:\/\/pt.wikipedia.org\/wiki\/Rede_Record\">Rede Record<\/a>, emissora de propriedade da IURD.<sup id=\"cite_ref-28\" class=\"reference\"><a href=\"https:\/\/pt.wikipedia.org\/wiki\/Nossa_Senhora_da_Concei%C3%A7%C3%A3o_Aparecida#cite_note-28\">[28]<\/a><\/sup>\u00a0Na noite seguinte, o\u00a0<i><a title=\"Jornal Nacional\" href=\"https:\/\/pt.wikipedia.org\/wiki\/Jornal_Nacional\">Jornal Nacional<\/a><\/i>\u00a0da\u00a0<a title=\"Rede Globo\" href=\"https:\/\/pt.wikipedia.org\/wiki\/Rede_Globo\">Rede Globo<\/a>\u00a0denunciou o incidente, causando como\u00e7\u00e3o nacional. O evento foi visto por fi\u00e9is cat\u00f3licos como um ato de\u00a0<a title=\"Intoler\u00e2ncia religiosa\" href=\"https:\/\/pt.wikipedia.org\/wiki\/Intoler%C3%A2ncia_religiosa\">intoler\u00e2ncia religiosa<\/a>. V\u00e1rios templos da IURD foram atacados e von Helde acabou sendo transferido para a \u00c1frica do Sul.<sup id=\"cite_ref-29\" class=\"reference\"><a href=\"https:\/\/pt.wikipedia.org\/wiki\/Nossa_Senhora_da_Concei%C3%A7%C3%A3o_Aparecida#cite_note-29\">[29]<\/a><\/sup><\/p>\n<p style=\"text-align: justify;\">No dia 12 de dezembro de 2007, quando ainda filiado ao PMDB, o Professor\u00a0<a title=\"Vict\u00f3rio Galli\" href=\"https:\/\/pt.wikipedia.org\/wiki\/Vict%C3%B3rio_Galli\">Vict\u00f3rio Galli<\/a>\u00a0apresentou o Projeto de Lei 2\u00a0623\/2007. O PL tinha como objetivo retirar de Nossa Senhora Aparecida o t\u00edtulo de &#8220;padroeira do Brasil&#8221;, conferindo-lhe o t\u00edtulo de &#8220;padroeira dos brasileiros cat\u00f3licos apost\u00f3licos romanos&#8221;. Em agosto de 2008, contudo, a Comiss\u00e3o de Educa\u00e7\u00e3o e Cultura rejeitou o projeto de forma un\u00e2nime.<sup id=\"cite_ref-30\" class=\"reference\"><a href=\"https:\/\/pt.wikipedia.org\/wiki\/Nossa_Senhora_da_Concei%C3%A7%C3%A3o_Aparecida#cite_note-30\">[30]<\/a><\/sup><\/p>\n<p style=\"text-align: justify;\">Em 25 de abril de 2012, o evang\u00e9lico Rafael de Ara\u00fajo Teixeira deu duas marretadas na r\u00e9plica da imagem localizada numa via p\u00fablica de\u00a0<a title=\"\u00c1guas Lindas de Goi\u00e1s\" href=\"https:\/\/pt.wikipedia.org\/wiki\/%C3%81guas_Lindas_de_Goi%C3%A1s\">\u00c1guas Lindas de Goi\u00e1s<\/a>.<sup id=\"cite_ref-paulopes_31-0\" class=\"reference\"><a href=\"https:\/\/pt.wikipedia.org\/wiki\/Nossa_Senhora_da_Concei%C3%A7%C3%A3o_Aparecida#cite_note-paulopes-31\">[31]<\/a><\/sup>\u00a0Um grupo de aproximadamente cem pessoas impediu que ele desse mais marretadas na imagem; algumas delas tentaram linch\u00e1-lo e a\u00a0<a title=\"Pol\u00edcia Militar do Estado de Goi\u00e1s\" href=\"https:\/\/pt.wikipedia.org\/wiki\/Pol%C3%ADcia_Militar_do_Estado_de_Goi%C3%A1s\">Pol\u00edcia Militar<\/a>\u00a0foi enviada ao local.<sup id=\"cite_ref-paulopes_31-1\" class=\"reference\"><a href=\"https:\/\/pt.wikipedia.org\/wiki\/Nossa_Senhora_da_Concei%C3%A7%C3%A3o_Aparecida#cite_note-paulopes-31\">[31]<\/a><\/sup>\u00a0O rapaz pode responder pelo crime de destrui\u00e7\u00e3o de patrim\u00f4nio p\u00fablico, uma vez que a imagem foi constru\u00edda com recursos da prefeitura municipal.<sup id=\"cite_ref-paulopes_31-2\" class=\"reference\"><a href=\"https:\/\/pt.wikipedia.org\/wiki\/Nossa_Senhora_da_Concei%C3%A7%C3%A3o_Aparecida#cite_note-paulopes-31\">[31]<\/a><\/sup><\/p>\n<h2 style=\"text-align: justify;\"><span id=\"Refer.C3.AAncias_na_cultura_popular\"><\/span><span id=\"Refer\u00eancias_na_cultura_popular\" class=\"mw-headline\">Refer\u00eancias na cultura popular<\/span><\/h2>\n<p style=\"text-align: justify;\">A telenovela\u00a0<i><a title=\"A Padroeira\" href=\"https:\/\/pt.wikipedia.org\/wiki\/A_Padroeira\">A Padroeira<\/a><\/i>, transmitida pela Rede Globo entre 18 de junho de 2001 e 23 de fevereiro de 2002, traz um retrato fict\u00edcio da descoberta da imagem de Nossa Senhora Aparecida,<sup id=\"cite_ref-allen_5-1\" class=\"reference\"><a href=\"https:\/\/pt.wikipedia.org\/wiki\/Nossa_Senhora_da_Concei%C3%A7%C3%A3o_Aparecida#cite_note-allen-5\">[5]<\/a><\/sup>\u00a0contendo elementos do romance\u00a0<i><a title=\"As Minas de Prata\" href=\"https:\/\/pt.wikipedia.org\/wiki\/As_Minas_de_Prata\">As Minas de Prata<\/a><\/i>, escrito por\u00a0<a title=\"Jos\u00e9 de Alencar\" href=\"https:\/\/pt.wikipedia.org\/wiki\/Jos%C3%A9_de_Alencar\">Jos\u00e9 de Alencar<\/a>\u00a0em 1865 que, por sua vez,\u00a0<a title=\"As Minas de Prata (telenovela)\" href=\"https:\/\/pt.wikipedia.org\/wiki\/As_Minas_de_Prata_(telenovela)\">havia sido adaptado para o formato de telenovela<\/a>\u00a0em 1966 pela extinta\u00a0<a class=\"mw-redirect\" title=\"Rede Excelsior\" href=\"https:\/\/pt.wikipedia.org\/wiki\/Rede_Excelsior\">Rede Excelsior<\/a>.<\/p>\n<h2 style=\"text-align: justify;\"><span id=\"Devo.C3.A7.C3.A3o_nas_Religi.C3.B5es_afro-brasileiras\"><\/span><span id=\"Devo\u00e7\u00e3o_nas_Religi\u00f5es_afro-brasileiras\" class=\"mw-headline\">Devo\u00e7\u00e3o nas Religi\u00f5es afro-brasileiras<\/span><\/h2>\n<p style=\"text-align: justify;\">Nossa Senhora Aparecida \u00e9\u00a0<a title=\"Sincretismo\" href=\"https:\/\/pt.wikipedia.org\/wiki\/Sincretismo\">sincretizada<\/a>\u00a0nas\u00a0<a title=\"Religi\u00f5es afro-brasileiras\" href=\"https:\/\/pt.wikipedia.org\/wiki\/Religi%C3%B5es_afro-brasileiras\">religi\u00f5es afro-brasileiras<\/a>\u00a0das\u00a0<a title=\"Regi\u00e3o Sudeste do Brasil\" href=\"https:\/\/pt.wikipedia.org\/wiki\/Regi%C3%A3o_Sudeste_do_Brasil\">regi\u00f5es Sudeste<\/a>\u00a0e\u00a0<a title=\"Regi\u00e3o Centro-Oeste do Brasil\" href=\"https:\/\/pt.wikipedia.org\/wiki\/Regi%C3%A3o_Centro-Oeste_do_Brasil\">Centro-Oeste<\/a>\u00a0com a\u00a0<a title=\"Orix\u00e1\" href=\"https:\/\/pt.wikipedia.org\/wiki\/Orix%C3%A1\">orix\u00e1<\/a>\u00a0<a title=\"Oxum\" href=\"https:\/\/pt.wikipedia.org\/wiki\/Oxum\">Oxum<\/a>.<sup id=\"cite_ref-32\" class=\"reference\"><a href=\"https:\/\/pt.wikipedia.org\/wiki\/Nossa_Senhora_da_Concei%C3%A7%C3%A3o_Aparecida#cite_note-32\">[3<\/a><\/sup><\/p>\n<p style=\"text-align: justify;\">Fonte:https:\/\/pt.wikipedia.org\/wiki\/Nossa_Senhora_da_Concei%C3%A7%C3%A3o_Aparecida<\/p>\n","protected":false},"excerpt":{"rendered":"<p>Nossa Senhora da Concei\u00e7\u00e3o Aparecida, popularmente chamada de\u00a0Nossa Senhora Aparecida, \u00e9 a\u00a0padroeira\u00a0do\u00a0Brasil.[4]\u00a0Venerada na\u00a0Igreja Cat\u00f3lica,[1]\u00a0Nossa Senhora Aparecida \u00e9 representada por uma pequena imagem de\u00a0terracota\u00a0de\u00a0Nossa Senhora da Imaculada Concei\u00e7\u00e3o, atualmente alojada na\u00a0Catedral Bas\u00edlica de Nossa Senhora Aparecida, localizada na cidade de\u00a0Aparecida, em\u00a0S\u00e3o Paulo. Sua festa lit\u00fargica \u00e9 celebrada em\u00a012 de outubro, um\u00a0feriado nacional\u00a0no Brasil desde 1980, quando [&hellip;]<\/p>\n","protected":false},"author":1,"featured_media":36843,"comment_status":"closed","ping_status":"open","sticky":false,"template":"","format":"standard","meta":{"footnotes":""},"categories":[110,118,1],"tags":[],"class_list":["post-36842","post","type-post","status-publish","format-standard","has-post-thumbnail","hentry","category-noticiasdestaque","category-religiaoesolidariedade","category-uncategorized"],"_links":{"self":[{"href":"https:\/\/jorgezanoni.com.br\/2019\/wp-json\/wp\/v2\/posts\/36842","targetHints":{"allow":["GET"]}}],"collection":[{"href":"https:\/\/jorgezanoni.com.br\/2019\/wp-json\/wp\/v2\/posts"}],"about":[{"href":"https:\/\/jorgezanoni.com.br\/2019\/wp-json\/wp\/v2\/types\/post"}],"author":[{"embeddable":true,"href":"https:\/\/jorgezanoni.com.br\/2019\/wp-json\/wp\/v2\/users\/1"}],"replies":[{"embeddable":true,"href":"https:\/\/jorgezanoni.com.br\/2019\/wp-json\/wp\/v2\/comments?post=36842"}],"version-history":[{"count":0,"href":"https:\/\/jorgezanoni.com.br\/2019\/wp-json\/wp\/v2\/posts\/36842\/revisions"}],"wp:featuredmedia":[{"embeddable":true,"href":"https:\/\/jorgezanoni.com.br\/2019\/wp-json\/wp\/v2\/media\/36843"}],"wp:attachment":[{"href":"https:\/\/jorgezanoni.com.br\/2019\/wp-json\/wp\/v2\/media?parent=36842"}],"wp:term":[{"taxonomy":"category","embeddable":true,"href":"https:\/\/jorgezanoni.com.br\/2019\/wp-json\/wp\/v2\/categories?post=36842"},{"taxonomy":"post_tag","embeddable":true,"href":"https:\/\/jorgezanoni.com.br\/2019\/wp-json\/wp\/v2\/tags?post=36842"}],"curies":[{"name":"wp","href":"https:\/\/api.w.org\/{rel}","templated":true}]}}