{"id":36824,"date":"2020-10-12T19:46:17","date_gmt":"2020-10-12T19:46:17","guid":{"rendered":"https:\/\/jorgezanoni.com.br\/2019\/?p=36824"},"modified":"2020-10-12T19:48:07","modified_gmt":"2020-10-12T19:48:07","slug":"policia-militar-prende-em-flagrante-homem-que-furtou-capotou-e-veiculo-pegou-fogo","status":"publish","type":"post","link":"https:\/\/jorgezanoni.com.br\/2019\/policia-militar-prende-em-flagrante-homem-que-furtou-capotou-e-veiculo-pegou-fogo\/","title":{"rendered":"Pol\u00edcia militar prende em flagrante homem que furtou, capotou e ve\u00edculo pegou fogo"},"content":{"rendered":"<p style=\"text-align: justify;\"><strong>POL\u00cdCIA MILITAR PRENDE EM FLAGRANTE HOMEM AP\u00d3S FURTO DE VE\u00cdCULO.<\/strong><br \/>\n<strong>Data\/Hora: 112106OUT2020 &#8211; End: TPA-290 BAIRRO JATOB\u00c1, TUPI PAULISTA \/SP.Autor Direto\/autor: Homem de 51 anos &#8211;\u00a0Vit\u00edma: Homem de 59 NOVA INDEPENDENCIA\/SP.Testemunha: Homem de 38 anos &#8211;\u00a0Ve\u00edculo: FIAT\/STRADA<\/strong><br \/>\n<strong>Cor: BRANCA &#8211; ano 2015.<\/strong><\/p>\n<p style=\"text-align: justify;\">EQUIPE DA POLICIA MILITAR ACIONADO VIA COPOM PARA ATENDIMENTO DE OCORR\u00caNCIA DE CAPOTAMENTO DE VE\u00cdCULO SEGUIDO DE INC\u00caNDIO, PELA ESTRADA DA PALMEIRINHA, BAIRRO JATOB\u00c1, ESTA EQUIPE PM DESLOCOU A LOCAL DOS FATOS ONDE DEPARAMOS COM UM INC\u00caNDIO DE GRANDES PROPOR\u00c7\u00d5ES NO CANAVIAL DE PROPRIEDADE DA USINA RIO VERMELHO, LOCALIZADA NO S\u00cdTIO SANTA MARIA, BAIRRO CORRENT\u00c3O, BEM COMO NAS PASTAGENS DAS PROPRIEDADES VIZINHAS, VISUALIZAMOS UM VE\u00cdCULO APARENTANDO SER UM FIAT STRADA EM CHAMAS, POR\u00c9M DEVIDO A INTENSIDADE DO FOGO, N\u00c3O FOI POSS\u00cdVEL A APROXIMA\u00c7\u00c3O PARA VERIFICAR SE HAVIA V\u00cdTIMA NO VE\u00cdCULO. COMPARECEU NO LOCAL O CORPO DE BOMBEIROS E BRIGADA DE INC\u00caNDIO DA USINA RIO VERMELHO, OS QUAIS COMBATERAM AS CHAMAS, ONDE PODEMOS CONSTATAR QUE N\u00c3O HAVIA V\u00cdTIMAS NO CARRO, FOI REALIZADA PESQUISA VIA COPOM ATRAV\u00c9S DAS PLACAS E FOI CONSTATADO SE TRATAR DO VE\u00cdCULO FIAT\/STRADA WORKING, DE GUARA\u00c7AI-SP COM QUEIXA DE FURTO NA CIDADE DE NOVA INDEPEND\u00caNCIA SP NA TARDE DE HOJE (11). E SEGUNXO POPULARES VIRAM UM INDIVIDUO DE COR PARDA, CAMISETA CLARA, BERMUDAS E CABELOS AMARELADOS, SAINDO DO INTERIOR DO VE\u00cdCULO EM CHAMAS E ADENTRANDO O CANAVIAL. ATO CONT\u00cdNUO POPULARES QUE PASSAVAM PELO LOCAL INFORMARAM QUE UM INDIV\u00cdDUO COM AS MESMAS CARACTER\u00cdSTICAS ESTAVA CORRENDO PELA ESTRADA SENTIDO DRACENA, DE IMEDIATO FOI INICIADA DILIG\u00caNCIAS COM VISTAS AO INDIV\u00cdDUO O QUAL FOI LOCALIZADO PELA EQUIPE A APROXIMADAMENTE 02 KM DO LOCAL, SENDO ABORDADO E SUBMETIDO A BUSCA PESSOAL, FOI LOCALIZADO NO BOLSO DE SUA BERMUDA UMA CARTEIRA CONTENDO SEUS DOCUMENTOS PESSOAIS E A QUANTIA DE R$ 89,00 (OITENTA E NOVE REAIS) EM CEDULAS DIVERSAS E R$ 7,80 (SETE REAIS E OITENTA CENTAVOS) EM MOEDAS DIVERSAS, BEM COMO UM PEN DRIVE NA COR ROSA.QUESTIONADO SOBRE OS FATOS NEGOU SER O INDIV\u00cdDUO QUE SAIU DO CARRO, FOI CONDUZIDO AT\u00c9 O LOCAL ONDE POPULARES O RECONHECERAM SEM SOMBRA DE D\u00daVIDAS COMO SENDO O INDIV\u00cdDUO QUE SAIU DO INTERIOR DO VE\u00cdCULO. DIANTE DOS FATOS FOI DADO VOZ DE PRIS\u00c3O EM FLAGRANTE AO INDICIADO DELITO PERMANECENDO O AUTOR A DISPOSI\u00c7\u00c3O DA JUSTI\u00c7A.<\/p>\n<p><img loading=\"lazy\" decoding=\"async\" class=\"alignnone size-full wp-image-36825\" src=\"https:\/\/jorgezanoni.com.br\/2019\/wp-content\/uploads\/2020\/10\/fogo-1.jpg\" alt=\"\" width=\"720\" height=\"1280\" srcset=\"https:\/\/jorgezanoni.com.br\/2019\/wp-content\/uploads\/2020\/10\/fogo-1.jpg 720w, https:\/\/jorgezanoni.com.br\/2019\/wp-content\/uploads\/2020\/10\/fogo-1-169x300.jpg 169w, https:\/\/jorgezanoni.com.br\/2019\/wp-content\/uploads\/2020\/10\/fogo-1-576x1024.jpg 576w, https:\/\/jorgezanoni.com.br\/2019\/wp-content\/uploads\/2020\/10\/fogo-1-696x1237.jpg 696w, https:\/\/jorgezanoni.com.br\/2019\/wp-content\/uploads\/2020\/10\/fogo-1-236x420.jpg 236w\" sizes=\"auto, (max-width: 720px) 100vw, 720px\" \/><\/p>\n<p style=\"text-align: justify;\">Fonte: Comunica\u00e7\u00e3o Social Pol\u00edcia Militar<\/p>\n","protected":false},"excerpt":{"rendered":"<p>POL\u00cdCIA MILITAR PRENDE EM FLAGRANTE HOMEM AP\u00d3S FURTO DE VE\u00cdCULO. Data\/Hora: 112106OUT2020 &#8211; End: TPA-290 BAIRRO JATOB\u00c1, TUPI PAULISTA \/SP.Autor Direto\/autor: Homem de 51 anos &#8211;\u00a0Vit\u00edma: Homem de 59 NOVA INDEPENDENCIA\/SP.Testemunha: Homem de 38 anos &#8211;\u00a0Ve\u00edculo: FIAT\/STRADA Cor: BRANCA &#8211; ano 2015. EQUIPE DA POLICIA MILITAR ACIONADO VIA COPOM PARA ATENDIMENTO DE OCORR\u00caNCIA DE CAPOTAMENTO [&hellip;]<\/p>\n","protected":false},"author":1,"featured_media":36828,"comment_status":"closed","ping_status":"open","sticky":false,"template":"","format":"standard","meta":{"footnotes":""},"categories":[110,2],"tags":[],"class_list":["post-36824","post","type-post","status-publish","format-standard","has-post-thumbnail","hentry","category-noticiasdestaque","category-policial"],"_links":{"self":[{"href":"https:\/\/jorgezanoni.com.br\/2019\/wp-json\/wp\/v2\/posts\/36824","targetHints":{"allow":["GET"]}}],"collection":[{"href":"https:\/\/jorgezanoni.com.br\/2019\/wp-json\/wp\/v2\/posts"}],"about":[{"href":"https:\/\/jorgezanoni.com.br\/2019\/wp-json\/wp\/v2\/types\/post"}],"author":[{"embeddable":true,"href":"https:\/\/jorgezanoni.com.br\/2019\/wp-json\/wp\/v2\/users\/1"}],"replies":[{"embeddable":true,"href":"https:\/\/jorgezanoni.com.br\/2019\/wp-json\/wp\/v2\/comments?post=36824"}],"version-history":[{"count":0,"href":"https:\/\/jorgezanoni.com.br\/2019\/wp-json\/wp\/v2\/posts\/36824\/revisions"}],"wp:featuredmedia":[{"embeddable":true,"href":"https:\/\/jorgezanoni.com.br\/2019\/wp-json\/wp\/v2\/media\/36828"}],"wp:attachment":[{"href":"https:\/\/jorgezanoni.com.br\/2019\/wp-json\/wp\/v2\/media?parent=36824"}],"wp:term":[{"taxonomy":"category","embeddable":true,"href":"https:\/\/jorgezanoni.com.br\/2019\/wp-json\/wp\/v2\/categories?post=36824"},{"taxonomy":"post_tag","embeddable":true,"href":"https:\/\/jorgezanoni.com.br\/2019\/wp-json\/wp\/v2\/tags?post=36824"}],"curies":[{"name":"wp","href":"https:\/\/api.w.org\/{rel}","templated":true}]}}