{"id":36821,"date":"2020-10-12T18:59:46","date_gmt":"2020-10-12T18:59:46","guid":{"rendered":"https:\/\/jorgezanoni.com.br\/2019\/?p=36821"},"modified":"2020-10-12T18:59:46","modified_gmt":"2020-10-12T18:59:46","slug":"policia-militar-aprende-menor-e-recupera-moto-furtada-em-dracena","status":"publish","type":"post","link":"https:\/\/jorgezanoni.com.br\/2019\/policia-militar-aprende-menor-e-recupera-moto-furtada-em-dracena\/","title":{"rendered":"Pol\u00edcia Militar aprende menor e recupera moto furtada em Dracena"},"content":{"rendered":"<p style=\"text-align: justify;\">RUA BERLAMINO NERY BAIRRO BELA VISTA &#8211; CIDADE: DRACENA &#8211; QTR: 10:30<\/p>\n<p style=\"text-align: justify;\">AUTOR: 01 INDIV\u00cdDUO MASCULINO, 15 ANOS &#8211;\u00a0R\u00c9S FURTIVA: MOTOCICLETA HONDA FAN 125 PRETA 2007<\/p>\n<p style=\"text-align: justify;\">EQUIPES DA POL\u00cdCIA MILITAR CIENTES DE UM FURTO PELA MADRUGADA PELO BAIRRO JARDIM DAS PALMEIRAS DE UMA MOTOCICLETA E INTENSIFICARAM O PATRULHAMENTO COM VISTAS, QUANDO PELO BAIRRO BELA VISTA FOI VISUALIZADO A REFERIDA MOTOCICLETA MOMENTO QUE O AUTOR PERCEBEU A PRESEN\u00c7A POLICIAL ABANDONOU A MOTOCICLETA E EMPREENDEU FUGA.<br \/>\nADOLESCENTE ADENTROU H\u00c1 UMA RESID\u00caNCIA PELA RUA AN\u00c1LIA FRANCO FUNDOS.<br \/>\nINDIV\u00cdDUO LOCALIZADO E ABORDADO J\u00c1 NO INTERIOR DA RESID\u00caNCIA CONFESSANDO A AUTORIA DO FURTO.<br \/>\nO ADOLESCENTE NA PRESEN\u00c7A DE SUA GENITORA FOI CONDUZIDO AO PLANT\u00c3O DE POL\u00cdCIA JUDICI\u00c1RIA FOI OUVIDO E LIBERADO.<br \/>\nMOTOCICLETA LIBERADA AO PROPRIET\u00c1RIO.<\/p>\n<p>Fonte: Com. Social Pol\u00edcia Militar<\/p>\n","protected":false},"excerpt":{"rendered":"<p>RUA BERLAMINO NERY BAIRRO BELA VISTA &#8211; CIDADE: DRACENA &#8211; QTR: 10:30 AUTOR: 01 INDIV\u00cdDUO MASCULINO, 15 ANOS &#8211;\u00a0R\u00c9S FURTIVA: MOTOCICLETA HONDA FAN 125 PRETA 2007 EQUIPES DA POL\u00cdCIA MILITAR CIENTES DE UM FURTO PELA MADRUGADA PELO BAIRRO JARDIM DAS PALMEIRAS DE UMA MOTOCICLETA E INTENSIFICARAM O PATRULHAMENTO COM VISTAS, QUANDO PELO BAIRRO BELA VISTA [&hellip;]<\/p>\n","protected":false},"author":1,"featured_media":36822,"comment_status":"closed","ping_status":"open","sticky":false,"template":"","format":"standard","meta":{"footnotes":""},"categories":[110,2],"tags":[],"class_list":["post-36821","post","type-post","status-publish","format-standard","has-post-thumbnail","hentry","category-noticiasdestaque","category-policial"],"_links":{"self":[{"href":"https:\/\/jorgezanoni.com.br\/2019\/wp-json\/wp\/v2\/posts\/36821","targetHints":{"allow":["GET"]}}],"collection":[{"href":"https:\/\/jorgezanoni.com.br\/2019\/wp-json\/wp\/v2\/posts"}],"about":[{"href":"https:\/\/jorgezanoni.com.br\/2019\/wp-json\/wp\/v2\/types\/post"}],"author":[{"embeddable":true,"href":"https:\/\/jorgezanoni.com.br\/2019\/wp-json\/wp\/v2\/users\/1"}],"replies":[{"embeddable":true,"href":"https:\/\/jorgezanoni.com.br\/2019\/wp-json\/wp\/v2\/comments?post=36821"}],"version-history":[{"count":0,"href":"https:\/\/jorgezanoni.com.br\/2019\/wp-json\/wp\/v2\/posts\/36821\/revisions"}],"wp:featuredmedia":[{"embeddable":true,"href":"https:\/\/jorgezanoni.com.br\/2019\/wp-json\/wp\/v2\/media\/36822"}],"wp:attachment":[{"href":"https:\/\/jorgezanoni.com.br\/2019\/wp-json\/wp\/v2\/media?parent=36821"}],"wp:term":[{"taxonomy":"category","embeddable":true,"href":"https:\/\/jorgezanoni.com.br\/2019\/wp-json\/wp\/v2\/categories?post=36821"},{"taxonomy":"post_tag","embeddable":true,"href":"https:\/\/jorgezanoni.com.br\/2019\/wp-json\/wp\/v2\/tags?post=36821"}],"curies":[{"name":"wp","href":"https:\/\/api.w.org\/{rel}","templated":true}]}}