{"id":36818,"date":"2020-10-12T18:27:13","date_gmt":"2020-10-12T18:27:13","guid":{"rendered":"https:\/\/jorgezanoni.com.br\/2019\/?p=36818"},"modified":"2020-10-12T18:27:13","modified_gmt":"2020-10-12T18:27:13","slug":"ao-vistoriar-veiculo-policia-militar-captura-foragido-da-justica-e-apreende-simulacro-de-pistola-em-tupi-paulista","status":"publish","type":"post","link":"https:\/\/jorgezanoni.com.br\/2019\/ao-vistoriar-veiculo-policia-militar-captura-foragido-da-justica-e-apreende-simulacro-de-pistola-em-tupi-paulista\/","title":{"rendered":"Ao vistoriar ve\u00edculo, Pol\u00edcia Militar captura foragido da Justi\u00e7a e apreende simulacro de pistola em Tupi Paulista"},"content":{"rendered":"<h2 class=\"content-head__subtitle\" style=\"text-align: justify;\"><strong>Al\u00e9m do crime de dano qualificado previsto no mandado de pris\u00e3o, foi constatado que o homem descumpria medidas protetivas.<\/strong><\/h2>\n<div class=\"mc-column content-text active-extra-styles \" data-block-type=\"unstyled\" data-block-weight=\"36\" data-block-id=\"2\">\n<p class=\"content-text__container \" style=\"text-align: justify;\" data-track-category=\"Link no Texto\" data-track-links=\"\">Um homem de 26 anos, que era foragido da Justi\u00e7a, foi capturado pela Pol\u00edcia Militar, em\u00a0<a href=\"http:\/\/g1.globo.com\/sp\/presidente-prudente-regiao\/cidade\/tupi-paulista.html\">Tupi Paulista<\/a>, neste domingo (11). Al\u00e9m do crime de dano qualificado previsto no mandado de pris\u00e3o, ele descumpria medida protetiva.<\/p>\n<\/div>\n<div class=\"wall protected-content\">\n<div class=\"mc-column content-text active-extra-styles \" style=\"text-align: justify;\" data-block-type=\"unstyled\" data-block-weight=\"34\" data-block-id=\"3\">\n<p class=\"content-text__container \" data-track-category=\"Link no Texto\" data-track-links=\"\">Ap\u00f3s ser acionada via Centro de Opera\u00e7\u00f5es da Pol\u00edcia Militar (Copom), uma equipe foi averiguar um ve\u00edculo suspeito que estava estacionado entres a Rua Francisco Perp\u00e9tuo de Souza J\u00fanior e a Rua Euclides Gomes.<\/p>\n<\/div>\n<div class=\"mc-column content-text active-extra-styles \" style=\"text-align: justify;\" data-block-type=\"unstyled\" data-block-weight=\"27\" data-block-id=\"4\">\n<p class=\"content-text__container \" data-track-category=\"Link no Texto\" data-track-links=\"\">Dentro do carro havia um homem, sua mulher, de 17 anos, e duas crian\u00e7as, sendo uma de 2 anos e outra de 3 meses de idade.<\/p>\n<\/div>\n<div class=\"mc-column content-text active-extra-styles \" style=\"text-align: justify;\" data-block-type=\"unstyled\" data-block-weight=\"42\" data-block-id=\"5\">\n<p class=\"content-text__container \" data-track-category=\"Link no Texto\" data-track-links=\"\">Ao realizar busca pessoal, nada de il\u00edcito foi localizado. Por\u00e9m, durante pesquisa criminal, constatou em desfavor do indiciado um mandado de pris\u00e3o pelo crime de dano qualificado, bem como medidas protetivas em vigor que o proibiam de se aproximar da adolescente.<\/p>\n<\/div>\n<div class=\"mc-column content-text active-extra-styles \" style=\"text-align: justify;\" data-block-type=\"unstyled\" data-block-weight=\"31\" data-block-id=\"6\">\n<p class=\"content-text__container \" data-track-category=\"Link no Texto\" data-track-links=\"\">Ainda foi verificado o registro de diversos boletins de ocorr\u00eancias por crimes de viol\u00eancia dom\u00e9stica, c\u00e1rcere privado, portes de drogas, inclusive den\u00fancias de posse de arma de fogo, entre outros.<\/p>\n<\/div>\n<div class=\"mc-column content-text active-extra-styles \" style=\"text-align: justify;\" data-block-type=\"unstyled\" data-block-weight=\"21\" data-block-id=\"7\">\n<p class=\"content-text__container \" data-track-category=\"Link no Texto\" data-track-links=\"\">J\u00e1 na revista veicular, os policiais localizaram sob o banco do motorista um simulacro de arma de fogo do tipo pistola.<\/p>\n<\/div>\n<div class=\"mc-column content-text active-extra-styles \" data-block-type=\"unstyled\" data-block-weight=\"20\" data-block-id=\"8\">\n<p class=\"content-text__container \" style=\"text-align: justify;\" data-track-category=\"Link no Texto\" data-track-links=\"\">O homem recebeu voz de pris\u00e3o e foi levado \u00e0 Delegacia da Pol\u00edcia Civil, onde permaneceu \u00e0 disposi\u00e7\u00e3o da Justi\u00e7a.<\/p>\n<p style=\"text-align: justify;\" data-track-category=\"Link no Texto\" data-track-links=\"\">Fonte: G1<\/p>\n<\/div>\n<\/div>\n","protected":false},"excerpt":{"rendered":"<p>Al\u00e9m do crime de dano qualificado previsto no mandado de pris\u00e3o, foi constatado que o homem descumpria medidas protetivas. Um homem de 26 anos, que era foragido da Justi\u00e7a, foi capturado pela Pol\u00edcia Militar, em\u00a0Tupi Paulista, neste domingo (11). Al\u00e9m do crime de dano qualificado previsto no mandado de pris\u00e3o, ele descumpria medida protetiva. Ap\u00f3s [&hellip;]<\/p>\n","protected":false},"author":1,"featured_media":36819,"comment_status":"closed","ping_status":"open","sticky":false,"template":"","format":"standard","meta":{"footnotes":""},"categories":[110,2],"tags":[],"class_list":["post-36818","post","type-post","status-publish","format-standard","has-post-thumbnail","hentry","category-noticiasdestaque","category-policial"],"_links":{"self":[{"href":"https:\/\/jorgezanoni.com.br\/2019\/wp-json\/wp\/v2\/posts\/36818","targetHints":{"allow":["GET"]}}],"collection":[{"href":"https:\/\/jorgezanoni.com.br\/2019\/wp-json\/wp\/v2\/posts"}],"about":[{"href":"https:\/\/jorgezanoni.com.br\/2019\/wp-json\/wp\/v2\/types\/post"}],"author":[{"embeddable":true,"href":"https:\/\/jorgezanoni.com.br\/2019\/wp-json\/wp\/v2\/users\/1"}],"replies":[{"embeddable":true,"href":"https:\/\/jorgezanoni.com.br\/2019\/wp-json\/wp\/v2\/comments?post=36818"}],"version-history":[{"count":0,"href":"https:\/\/jorgezanoni.com.br\/2019\/wp-json\/wp\/v2\/posts\/36818\/revisions"}],"wp:featuredmedia":[{"embeddable":true,"href":"https:\/\/jorgezanoni.com.br\/2019\/wp-json\/wp\/v2\/media\/36819"}],"wp:attachment":[{"href":"https:\/\/jorgezanoni.com.br\/2019\/wp-json\/wp\/v2\/media?parent=36818"}],"wp:term":[{"taxonomy":"category","embeddable":true,"href":"https:\/\/jorgezanoni.com.br\/2019\/wp-json\/wp\/v2\/categories?post=36818"},{"taxonomy":"post_tag","embeddable":true,"href":"https:\/\/jorgezanoni.com.br\/2019\/wp-json\/wp\/v2\/tags?post=36818"}],"curies":[{"name":"wp","href":"https:\/\/api.w.org\/{rel}","templated":true}]}}