{"id":3678,"date":"2019-08-12T15:44:53","date_gmt":"2019-08-12T15:44:53","guid":{"rendered":"https:\/\/jorgezanoni.com.br\/2019\/?p=3678"},"modified":"2019-08-12T15:44:53","modified_gmt":"2019-08-12T15:44:53","slug":"idoso-atropelado-por-carro-em-rotatoria-nao-resiste-a-ferimentos-e-morre-no-hospital-regional","status":"publish","type":"post","link":"https:\/\/jorgezanoni.com.br\/2019\/idoso-atropelado-por-carro-em-rotatoria-nao-resiste-a-ferimentos-e-morre-no-hospital-regional\/","title":{"rendered":"Idoso atropelado por carro em rotat\u00f3ria n\u00e3o resiste a ferimentos e morre no Hospital Regional"},"content":{"rendered":"<h2 class=\"content-head__subtitle\"><strong>V\u00edtima foi atingida por um carro no cruzamento entre as ruas Estevan Rota e Paulo Ribeiro da Cruz, no Jardim Vale do Sol, em Presidente Prudente.<\/strong><\/h2>\n<div class=\"mc-column content-text active-extra-styles active-capital-letter\" data-block-type=\"unstyled\" data-block-weight=\"38\" data-block-id=\"1\">\n<p class=\"content-text__container theme-color-primary-first-letter\" style=\"text-align: justify;\" data-track-category=\"Link no Texto\" data-track-links=\"\">Um aposentado de 75 anos que havia sido v\u00edtima de atropelamento na tarde do domingo (11) n\u00e3o resistiu aos ferimentos sofridos e morreu na manh\u00e3 desta segunda-feira (12) no Hospital Regional (HR), em Presidente Prudente, onde estava internado.<\/p>\n<\/div>\n<div class=\"wall protected-content\">\n<div class=\"mc-column content-text active-extra-styles \" style=\"text-align: justify;\" data-block-type=\"unstyled\" data-block-weight=\"28\" data-block-id=\"2\">\n<p class=\"content-text__container \" data-track-category=\"Link no Texto\" data-track-links=\"\">O HR informou que o paciente deu entrada na unidade de sa\u00fade por volta das 13h15 do domingo (11) e foi prontamente atendido pela equipe m\u00e9dica e multiprofissional.<\/p>\n<\/div>\n<div class=\"mc-column content-text active-extra-styles \" style=\"text-align: justify;\" data-block-type=\"unstyled\" data-block-weight=\"19\" data-block-id=\"3\">\n<p class=\"content-text__container \" data-track-category=\"Link no Texto\" data-track-links=\"\">No entanto, ainda segundo o HR, o idoso n\u00e3o resistiu \u00e0s les\u00f5es e morreu \u00e0s 6h15 desta segunda-feira (12).<\/p>\n<\/div>\n<div class=\"mc-column content-text active-extra-styles \" style=\"text-align: justify;\" data-block-type=\"unstyled\" data-block-weight=\"24\" data-block-id=\"4\">\n<p class=\"content-text__container \" data-track-category=\"Link no Texto\" data-track-links=\"\">A morte foi comunicada por um filho do idoso \u00e0 Delegacia Participativa da Pol\u00edcia Civil, que requisitou a realiza\u00e7\u00e3o do exame necrosc\u00f3pico na v\u00edtima.<\/p>\n<\/div>\n<div class=\"mc-column content-text active-extra-styles \" style=\"text-align: justify;\" data-block-type=\"unstyled\" data-block-weight=\"37\" data-block-id=\"5\">\n<p class=\"content-text__container \" data-track-category=\"Link no Texto\" data-track-links=\"\">De acordo com as informa\u00e7\u00f5es do Boletim de Ocorr\u00eancia, o idoso foi atropelado por um carro no cruzamento entre as ruas Estevan Rota e Paulo Ribeiro da Cruz, no Jardim Vale do Sol, por volta das 12h20.<\/p>\n<\/div>\n<div class=\"mc-column content-text active-extra-styles \" style=\"text-align: justify;\" data-block-type=\"unstyled\" data-block-weight=\"15\" data-block-id=\"6\">\n<p class=\"content-text__container \" data-track-category=\"Link no Texto\" data-track-links=\"\">O carro, com placas de Presidente Prudente, era conduzido por uma comerciante, de 64 anos.<\/p>\n<\/div>\n<div class=\"mc-column content-text active-extra-styles \" style=\"text-align: justify;\" data-block-type=\"unstyled\" data-block-weight=\"31\" data-block-id=\"7\">\n<p class=\"content-text__container \" data-track-category=\"Link no Texto\" data-track-links=\"\">A mulher contou que trafegava pela rotat\u00f3ria e olhou para a direita para ver se havia algum carro, mas n\u00e3o avistou o pedestre que atravessava a via, quando houve o atropelamento.<\/p>\n<\/div>\n<div class=\"mc-column content-text active-extra-styles \" style=\"text-align: justify;\" data-block-type=\"unstyled\" data-block-weight=\"28\" data-block-id=\"8\">\n<p class=\"content-text__container \" data-track-category=\"Link no Texto\" data-track-links=\"\">A v\u00edtima foi socorrida pela Unidade de Resgate e pela Unidade de Suporte Avan\u00e7ado do Corpo de Bombeiros e encaminhada ao Pronto-socorro do HR para receber atendimento m\u00e9dico.<\/p>\n<\/div>\n<div class=\"mc-column content-text active-extra-styles \" style=\"text-align: justify;\" data-block-type=\"unstyled\" data-block-weight=\"13\" data-block-id=\"9\">\n<p class=\"content-text__container \" data-track-category=\"Link no Texto\" data-track-links=\"\">O idoso apresentava ferimentos aparentemente graves e estava desacordado no momento do socorro.<\/p>\n<\/div>\n<div data-track-category=\"multicontent\" data-track-action=\"ultimo chunk conteudo\" data-track-noninteraction=\"false\" data-track-scroll=\"view\">\n<div class=\"mc-column content-text active-extra-styles \" data-block-type=\"unstyled\" data-block-weight=\"11\" data-block-id=\"10\">\n<p class=\"content-text__container \" style=\"text-align: justify;\" data-track-category=\"Link no Texto\" data-track-links=\"\">A Pol\u00edcia Cient\u00edfica foi acionada e periciou o local do acidente.<\/p>\n<p data-track-category=\"Link no Texto\" data-track-links=\"\">Fonte: G1<\/p>\n<p data-track-category=\"Link no Texto\" data-track-links=\"\">Imagem Ilustrativa<\/p>\n<\/div>\n<\/div>\n<\/div>\n","protected":false},"excerpt":{"rendered":"<p>V\u00edtima foi atingida por um carro no cruzamento entre as ruas Estevan Rota e Paulo Ribeiro da Cruz, no Jardim Vale do Sol, em Presidente Prudente. Um aposentado de 75 anos que havia sido v\u00edtima de atropelamento na tarde do domingo (11) n\u00e3o resistiu aos ferimentos sofridos e morreu na manh\u00e3 desta segunda-feira (12) no [&hellip;]<\/p>\n","protected":false},"author":1,"featured_media":3679,"comment_status":"closed","ping_status":"open","sticky":false,"template":"","format":"standard","meta":{"footnotes":""},"categories":[170],"tags":[],"class_list":["post-3678","post","type-post","status-publish","format-standard","has-post-thumbnail","hentry","category-acidentes"],"_links":{"self":[{"href":"https:\/\/jorgezanoni.com.br\/2019\/wp-json\/wp\/v2\/posts\/3678","targetHints":{"allow":["GET"]}}],"collection":[{"href":"https:\/\/jorgezanoni.com.br\/2019\/wp-json\/wp\/v2\/posts"}],"about":[{"href":"https:\/\/jorgezanoni.com.br\/2019\/wp-json\/wp\/v2\/types\/post"}],"author":[{"embeddable":true,"href":"https:\/\/jorgezanoni.com.br\/2019\/wp-json\/wp\/v2\/users\/1"}],"replies":[{"embeddable":true,"href":"https:\/\/jorgezanoni.com.br\/2019\/wp-json\/wp\/v2\/comments?post=3678"}],"version-history":[{"count":0,"href":"https:\/\/jorgezanoni.com.br\/2019\/wp-json\/wp\/v2\/posts\/3678\/revisions"}],"wp:featuredmedia":[{"embeddable":true,"href":"https:\/\/jorgezanoni.com.br\/2019\/wp-json\/wp\/v2\/media\/3679"}],"wp:attachment":[{"href":"https:\/\/jorgezanoni.com.br\/2019\/wp-json\/wp\/v2\/media?parent=3678"}],"wp:term":[{"taxonomy":"category","embeddable":true,"href":"https:\/\/jorgezanoni.com.br\/2019\/wp-json\/wp\/v2\/categories?post=3678"},{"taxonomy":"post_tag","embeddable":true,"href":"https:\/\/jorgezanoni.com.br\/2019\/wp-json\/wp\/v2\/tags?post=3678"}],"curies":[{"name":"wp","href":"https:\/\/api.w.org\/{rel}","templated":true}]}}