{"id":36777,"date":"2020-10-12T00:27:53","date_gmt":"2020-10-12T00:27:53","guid":{"rendered":"https:\/\/jorgezanoni.com.br\/2019\/?p=36777"},"modified":"2020-10-12T00:28:17","modified_gmt":"2020-10-12T00:28:17","slug":"medicina-da-unifadra-de-dracena-tem-relatorio-aprovado-no-conselho-estadual-de-educacao-de-sao-paulo","status":"publish","type":"post","link":"https:\/\/jorgezanoni.com.br\/2019\/medicina-da-unifadra-de-dracena-tem-relatorio-aprovado-no-conselho-estadual-de-educacao-de-sao-paulo\/","title":{"rendered":"Medicina da Unifadra de Dracena tem relat\u00f3rio aprovado no Conselho Estadual de Educa\u00e7\u00e3o de S\u00e3o Paulo"},"content":{"rendered":"<div class=\"gmail_attr\" dir=\"ltr\" style=\"text-align: justify;\"><strong>Esse relat\u00f3rio integra a regula\u00e7\u00e3o de funcionamento do curso, englobando as partes f\u00edsica e pedag\u00f3gica.<\/strong><\/div>\n<div dir=\"ltr\"><\/div>\n<div dir=\"ltr\">\n<p dir=\"ltr\" style=\"text-align: justify;\">O curso de Medicina da Faculdades de Dracena foi submetido recentemente ao processo de avalia\u00e7\u00e3o por meio de relat\u00f3rio de acompanhamento, com base na Delibera\u00e7\u00e3o CEE 167\/2019. Na quarta-feira, dia 7 de outubro, o relat\u00f3rio foi aprovado pelo Conselho Estadual de Educa\u00e7\u00e3o de S\u00e3o Paulo (CEE-SP) por unanimidade, durante a plen\u00e1ria on-line, e publicado no Di\u00e1rio Oficial nesta quinta-feira, 8.<br \/>\nO diretor acad\u00eamico da Unifadra Prof. Dr. Enio Garbelini explicou que essas avalia\u00e7\u00f5es e os relat\u00f3rios fixam normas para a regula\u00e7\u00e3o dos cursos de Medicina para os estabelecimentos de ensino superior vinculados ao Sistema de Ensino do Estado de S\u00e3o Paulo. &#8220;Este relat\u00f3rio tem como objetivo essencial demonstrar ao CEE-SP se as provid\u00eancias relativas ao processo de autoriza\u00e7\u00e3o e implanta\u00e7\u00e3o do curso est\u00e3o sendo aplicadas, tais como investimentos de infraestrutura f\u00edsica, corpo docente titulado, materiais did\u00e1ticos adequados, organiza\u00e7\u00e3o dos \u00f3rg\u00e3os colegiados, parcerias por meio de conv\u00eanios com munic\u00edpios e a apresenta\u00e7\u00e3o do planejamento para o processo do Internato M\u00e9dico &#8211; Est\u00e1gio Curricular Supervisionado&#8221;, explicou Enio Garbelini.<br \/>\nO curso de Medicina da Unifadra foi implantado em 2017 e, desde ent\u00e3o, tem investido constantemente em estrutura e infraestrutura para a forma\u00e7\u00e3o dos alunos. At\u00e9 a forma\u00e7\u00e3o da primeira turma (que dever\u00e1 ocorrer em 2022), o curso passar\u00e1 por constantes avalia\u00e7\u00f5es do CEE-SP, que \u00e9 o \u00f3rg\u00e3o respons\u00e1vel pela autoriza\u00e7\u00e3o do funcionamento dos cursos da Unifadra. Esse relat\u00f3rio aprovado servir\u00e1 como par\u00e2metro oficial para o reconhecimento do curso, cuja solicita\u00e7\u00e3o ser\u00e1 protocolada no CEE-SP no pr\u00f3ximo ano.<br \/>\nO diretor executivo da Fundec Edson Hissatomi Kai destacou que, com poucos anos de funcionamento, o curso de Medicina da Unifadra j\u00e1 \u00e9 refer\u00eancia nacional. &#8220;Recebemos alunos de todo o Pa\u00eds. Temos programas e estruturas que n\u00e3o s\u00e3o encontradas em outras escolas m\u00e9dicas&#8221;, ressaltou Kai.<\/p>\n<p dir=\"ltr\"><img loading=\"lazy\" decoding=\"async\" class=\"alignnone size-full wp-image-36778\" src=\"https:\/\/jorgezanoni.com.br\/2019\/wp-content\/uploads\/2020\/10\/me.jpg\" alt=\"\" width=\"1280\" height=\"622\" srcset=\"https:\/\/jorgezanoni.com.br\/2019\/wp-content\/uploads\/2020\/10\/me.jpg 1280w, https:\/\/jorgezanoni.com.br\/2019\/wp-content\/uploads\/2020\/10\/me-300x146.jpg 300w, https:\/\/jorgezanoni.com.br\/2019\/wp-content\/uploads\/2020\/10\/me-1024x498.jpg 1024w, https:\/\/jorgezanoni.com.br\/2019\/wp-content\/uploads\/2020\/10\/me-768x373.jpg 768w, https:\/\/jorgezanoni.com.br\/2019\/wp-content\/uploads\/2020\/10\/me-696x338.jpg 696w, https:\/\/jorgezanoni.com.br\/2019\/wp-content\/uploads\/2020\/10\/me-1068x519.jpg 1068w, https:\/\/jorgezanoni.com.br\/2019\/wp-content\/uploads\/2020\/10\/me-864x420.jpg 864w\" sizes=\"auto, (max-width: 1280px) 100vw, 1280px\" \/> <img loading=\"lazy\" decoding=\"async\" class=\"alignnone size-full wp-image-36780\" src=\"https:\/\/jorgezanoni.com.br\/2019\/wp-content\/uploads\/2020\/10\/med2.jpg\" alt=\"\" width=\"1280\" height=\"622\" srcset=\"https:\/\/jorgezanoni.com.br\/2019\/wp-content\/uploads\/2020\/10\/med2.jpg 1280w, https:\/\/jorgezanoni.com.br\/2019\/wp-content\/uploads\/2020\/10\/med2-300x146.jpg 300w, https:\/\/jorgezanoni.com.br\/2019\/wp-content\/uploads\/2020\/10\/med2-1024x498.jpg 1024w, https:\/\/jorgezanoni.com.br\/2019\/wp-content\/uploads\/2020\/10\/med2-768x373.jpg 768w, https:\/\/jorgezanoni.com.br\/2019\/wp-content\/uploads\/2020\/10\/med2-696x338.jpg 696w, https:\/\/jorgezanoni.com.br\/2019\/wp-content\/uploads\/2020\/10\/med2-1068x519.jpg 1068w, https:\/\/jorgezanoni.com.br\/2019\/wp-content\/uploads\/2020\/10\/med2-864x420.jpg 864w\" sizes=\"auto, (max-width: 1280px) 100vw, 1280px\" \/><\/p>\n<p>Fotos: Laborat\u00f3rios de Medicina da Unifadra.<\/p>\n<div style=\"text-align: justify;\"><\/div>\n<div dir=\"ltr\">\n<div dir=\"ltr\" style=\"text-align: justify;\">Carolina Colnago<br \/>\nAssistente de Comunica\u00e7\u00e3o<br \/>\nFunda\u00e7\u00e3o Dracenense de Educa\u00e7\u00e3o e Cultura<\/div>\n<\/div>\n<\/div>\n","protected":false},"excerpt":{"rendered":"<p>Esse relat\u00f3rio integra a regula\u00e7\u00e3o de funcionamento do curso, englobando as partes f\u00edsica e pedag\u00f3gica. O curso de Medicina da Faculdades de Dracena foi submetido recentemente ao processo de avalia\u00e7\u00e3o por meio de relat\u00f3rio de acompanhamento, com base na Delibera\u00e7\u00e3o CEE 167\/2019. Na quarta-feira, dia 7 de outubro, o relat\u00f3rio foi aprovado pelo Conselho Estadual [&hellip;]<\/p>\n","protected":false},"author":1,"featured_media":36779,"comment_status":"closed","ping_status":"open","sticky":false,"template":"","format":"standard","meta":{"footnotes":""},"categories":[110,122],"tags":[],"class_list":["post-36777","post","type-post","status-publish","format-standard","has-post-thumbnail","hentry","category-noticiasdestaque","category-saudeeducacaoeconcurso"],"_links":{"self":[{"href":"https:\/\/jorgezanoni.com.br\/2019\/wp-json\/wp\/v2\/posts\/36777","targetHints":{"allow":["GET"]}}],"collection":[{"href":"https:\/\/jorgezanoni.com.br\/2019\/wp-json\/wp\/v2\/posts"}],"about":[{"href":"https:\/\/jorgezanoni.com.br\/2019\/wp-json\/wp\/v2\/types\/post"}],"author":[{"embeddable":true,"href":"https:\/\/jorgezanoni.com.br\/2019\/wp-json\/wp\/v2\/users\/1"}],"replies":[{"embeddable":true,"href":"https:\/\/jorgezanoni.com.br\/2019\/wp-json\/wp\/v2\/comments?post=36777"}],"version-history":[{"count":0,"href":"https:\/\/jorgezanoni.com.br\/2019\/wp-json\/wp\/v2\/posts\/36777\/revisions"}],"wp:featuredmedia":[{"embeddable":true,"href":"https:\/\/jorgezanoni.com.br\/2019\/wp-json\/wp\/v2\/media\/36779"}],"wp:attachment":[{"href":"https:\/\/jorgezanoni.com.br\/2019\/wp-json\/wp\/v2\/media?parent=36777"}],"wp:term":[{"taxonomy":"category","embeddable":true,"href":"https:\/\/jorgezanoni.com.br\/2019\/wp-json\/wp\/v2\/categories?post=36777"},{"taxonomy":"post_tag","embeddable":true,"href":"https:\/\/jorgezanoni.com.br\/2019\/wp-json\/wp\/v2\/tags?post=36777"}],"curies":[{"name":"wp","href":"https:\/\/api.w.org\/{rel}","templated":true}]}}