{"id":36773,"date":"2020-10-11T18:24:39","date_gmt":"2020-10-11T18:24:39","guid":{"rendered":"https:\/\/jorgezanoni.com.br\/2019\/?p=36773"},"modified":"2020-10-11T18:24:39","modified_gmt":"2020-10-11T18:24:39","slug":"motorista-embriagado-provoca-acidente-e-tres-pessoas-ficam-feridas-na-sp-294-em-quintana","status":"publish","type":"post","link":"https:\/\/jorgezanoni.com.br\/2019\/motorista-embriagado-provoca-acidente-e-tres-pessoas-ficam-feridas-na-sp-294-em-quintana\/","title":{"rendered":"Motorista embriagado provoca acidente e tr\u00eas pessoas ficam feridas na SP-294 em Quintana"},"content":{"rendered":"<h2 class=\"content-head__subtitle\" style=\"text-align: justify;\"><strong>Acidente foi no km 496 da Rodovia Comandante Jo\u00e3o Ribeiro de Barros. Ve\u00edculo invadiu pista contr\u00e1ria e bateu em outro carro.<\/strong><\/h2>\n<div class=\"mc-column content-text active-extra-styles \" data-block-type=\"unstyled\" data-block-weight=\"28\" data-block-id=\"2\">\n<p class=\"content-text__container \" style=\"text-align: justify;\" data-track-category=\"Link no Texto\" data-track-links=\"\">Tr\u00eas pessoas ficaram feridas, uma delas em estado grave, ap\u00f3s um acidente na Rodovia Comandante Jo\u00e3o Ribeiro de Barros em Quintana (SP), na noite de s\u00e1bado (10).<\/p>\n<\/div>\n<div class=\"wall protected-content\">\n<div class=\"mc-column content-text active-extra-styles \" style=\"text-align: justify;\" data-block-type=\"unstyled\" data-block-weight=\"35\" data-block-id=\"3\">\n<p class=\"content-text__container \" data-track-category=\"Link no Texto\" data-track-links=\"\">Segundo informa\u00e7\u00f5es da Pol\u00edcia Rodovi\u00e1ria, o motorista que provocou o acidente estava embriagado. Ele perdeu o controle do ve\u00edculo no km 496 da via, invadiu a pista contr\u00e1ria e atingiu outro carro.<\/p>\n<\/div>\n<div class=\"mc-column content-text active-extra-styles \" style=\"text-align: justify;\" data-block-type=\"unstyled\" data-block-weight=\"39\" data-block-id=\"4\">\n<p class=\"content-text__container \" data-track-category=\"Link no Texto\" data-track-links=\"\">Ele e mais duas pessoas ficaram feridas no acidente e foram encaminhadas para o hospital. Um boletim de ocorr\u00eancia foi registrado e o motorista chegou a ser detido, mas vai responder em liberdade pelo crime de dirigir embriagado.<\/p>\n<\/div>\n<div class=\"row medium-uncollapsed content-media content-photo\" data-block-type=\"backstage-photo\" data-block-id=\"5\">\n<div class=\"mc-column content-media__container\">\n<figure style=\"text-align: justify;\"><img decoding=\"async\" class=\"i-amphtml-fill-content i-amphtml-replaced-content\" src=\"https:\/\/s2.glbimg.com\/rWhOkMJ4MMkaBSNDHBHwu6tPIsQ=\/0x0:1032x774\/984x0\/smart\/filters:strip_icc()\/i.s3.glbimg.com\/v1\/AUTH_59edd422c0c84a879bd37670ae4f538a\/internal_photos\/bs\/2020\/z\/V\/AuO8BlTqGelYdvSzNvWg\/acidente-quintana-3-.jpeg\" sizes=\"(max-width: 1366px) 648px, 100vw\" srcset=\"https:\/\/s2.glbimg.com\/5sBDW6YBFcoQUWX-QYRv5i7NjQQ=\/0x0:1032x774\/1000x0\/smart\/filters:strip_icc()\/i.s3.glbimg.com\/v1\/AUTH_59edd422c0c84a879bd37670ae4f538a\/internal_photos\/bs\/2020\/z\/V\/AuO8BlTqGelYdvSzNvWg\/acidente-quintana-3-.jpeg 1000w, https:\/\/s2.glbimg.com\/rWhOkMJ4MMkaBSNDHBHwu6tPIsQ=\/0x0:1032x774\/984x0\/smart\/filters:strip_icc()\/i.s3.glbimg.com\/v1\/AUTH_59edd422c0c84a879bd37670ae4f538a\/internal_photos\/bs\/2020\/z\/V\/AuO8BlTqGelYdvSzNvWg\/acidente-quintana-3-.jpeg 984w, https:\/\/s2.glbimg.com\/OAnZnkP_COaPtl1Y7nyAe3ceHPY=\/0x0:1032x774\/640x0\/smart\/filters:strip_icc()\/i.s3.glbimg.com\/v1\/AUTH_59edd422c0c84a879bd37670ae4f538a\/internal_photos\/bs\/2020\/z\/V\/AuO8BlTqGelYdvSzNvWg\/acidente-quintana-3-.jpeg 640w, https:\/\/s2.glbimg.com\/Dcj5bIhuOEkJgCPxd3iEOMo0Zlc=\/0x0:1032x774\/600x0\/smart\/filters:strip_icc()\/i.s3.glbimg.com\/v1\/AUTH_59edd422c0c84a879bd37670ae4f538a\/internal_photos\/bs\/2020\/z\/V\/AuO8BlTqGelYdvSzNvWg\/acidente-quintana-3-.jpeg 600w\" alt=\"Carros colidiram na SP-294 em Quintana e tr\u00eas pessoas ficaram feridas \u2014 Foto: Pol\u00edcia Rodovi\u00e1ria \/ Divulga\u00e7\u00e3o \" \/><\/figure>\n<p class=\"content-media__description \" style=\"text-align: justify;\">Carros colidiram na SP-294 em Quintana e tr\u00eas pessoas ficaram feridas \u2014 Foto: Pol\u00edcia Rodovi\u00e1ria \/ Divulga\u00e7\u00e3o<\/p>\n<p>Fonte: G1<\/p>\n<\/div>\n<\/div>\n<\/div>\n","protected":false},"excerpt":{"rendered":"<p>Acidente foi no km 496 da Rodovia Comandante Jo\u00e3o Ribeiro de Barros. Ve\u00edculo invadiu pista contr\u00e1ria e bateu em outro carro. Tr\u00eas pessoas ficaram feridas, uma delas em estado grave, ap\u00f3s um acidente na Rodovia Comandante Jo\u00e3o Ribeiro de Barros em Quintana (SP), na noite de s\u00e1bado (10). Segundo informa\u00e7\u00f5es da Pol\u00edcia Rodovi\u00e1ria, o motorista [&hellip;]<\/p>\n","protected":false},"author":1,"featured_media":36774,"comment_status":"closed","ping_status":"open","sticky":false,"template":"","format":"standard","meta":{"footnotes":""},"categories":[170,110],"tags":[],"class_list":["post-36773","post","type-post","status-publish","format-standard","has-post-thumbnail","hentry","category-acidentes","category-noticiasdestaque"],"_links":{"self":[{"href":"https:\/\/jorgezanoni.com.br\/2019\/wp-json\/wp\/v2\/posts\/36773","targetHints":{"allow":["GET"]}}],"collection":[{"href":"https:\/\/jorgezanoni.com.br\/2019\/wp-json\/wp\/v2\/posts"}],"about":[{"href":"https:\/\/jorgezanoni.com.br\/2019\/wp-json\/wp\/v2\/types\/post"}],"author":[{"embeddable":true,"href":"https:\/\/jorgezanoni.com.br\/2019\/wp-json\/wp\/v2\/users\/1"}],"replies":[{"embeddable":true,"href":"https:\/\/jorgezanoni.com.br\/2019\/wp-json\/wp\/v2\/comments?post=36773"}],"version-history":[{"count":0,"href":"https:\/\/jorgezanoni.com.br\/2019\/wp-json\/wp\/v2\/posts\/36773\/revisions"}],"wp:featuredmedia":[{"embeddable":true,"href":"https:\/\/jorgezanoni.com.br\/2019\/wp-json\/wp\/v2\/media\/36774"}],"wp:attachment":[{"href":"https:\/\/jorgezanoni.com.br\/2019\/wp-json\/wp\/v2\/media?parent=36773"}],"wp:term":[{"taxonomy":"category","embeddable":true,"href":"https:\/\/jorgezanoni.com.br\/2019\/wp-json\/wp\/v2\/categories?post=36773"},{"taxonomy":"post_tag","embeddable":true,"href":"https:\/\/jorgezanoni.com.br\/2019\/wp-json\/wp\/v2\/tags?post=36773"}],"curies":[{"name":"wp","href":"https:\/\/api.w.org\/{rel}","templated":true}]}}