{"id":36770,"date":"2020-10-11T18:10:30","date_gmt":"2020-10-11T18:10:30","guid":{"rendered":"https:\/\/jorgezanoni.com.br\/2019\/?p=36770"},"modified":"2020-10-11T18:10:30","modified_gmt":"2020-10-11T18:10:30","slug":"helicoptero-de-pequeno-porte-cai-em-assentamento-rural-em-rosana","status":"publish","type":"post","link":"https:\/\/jorgezanoni.com.br\/2019\/helicoptero-de-pequeno-porte-cai-em-assentamento-rural-em-rosana\/","title":{"rendered":"Helic\u00f3ptero de pequeno porte cai em assentamento rural em Rosana"},"content":{"rendered":"<h2 class=\"content-head__subtitle\" style=\"text-align: justify;\"><strong>Corpo de Bombeiros informou que n\u00e3o h\u00e1 registro de v\u00edtimas. Uma testemunha informou que viu o piloto sair da aeronave.<\/strong><\/h2>\n<div class=\"mc-column content-text active-extra-styles \" data-block-type=\"unstyled\" data-block-weight=\"37\" data-block-id=\"2\">\n<p class=\"content-text__container \" style=\"text-align: justify;\" data-track-category=\"Link no Texto\" data-track-links=\"\">Um helic\u00f3ptero de pequeno porte caiu na manh\u00e3 deste domingo (11) no Assentamento Nova Pontal, em\u00a0<a href=\"https:\/\/g1.globo.com\/sp\/presidente-prudente-regiao\/cidade\/rosana\/\">Rosana (SP)<\/a>. De acordo com o Corpo de Bombeiros, o acidente foi registrado por volta das 8h22 e n\u00e3o houve v\u00edtimas.<\/p>\n<\/div>\n<div class=\"wall protected-content\">\n<div class=\"mc-column content-text active-extra-styles \" style=\"text-align: justify;\" data-block-type=\"unstyled\" data-block-weight=\"26\" data-block-id=\"3\">\n<p class=\"content-text__container \" data-track-category=\"Link no Texto\" data-track-links=\"\">Com o impacto, o local pegou fogo e a aeronave ficou destru\u00edda. A \u00e1rea onde a aeronave caiu \u00e9 formada por ch\u00e1caras e matas nas proximidades.<\/p>\n<\/div>\n<div class=\"mc-column content-text active-extra-styles \" style=\"text-align: justify;\" data-block-type=\"unstyled\" data-block-weight=\"15\" data-block-id=\"4\">\n<p class=\"content-text__container \" data-track-category=\"Link no Texto\" data-track-links=\"\">Al\u00e9m dos bombeiros, equipes das Pol\u00edcias Civil e Militar tamb\u00e9m est\u00e3o no local do acidente.<\/p>\n<\/div>\n<div class=\"mc-column content-text active-extra-styles \" style=\"text-align: justify;\" data-block-type=\"unstyled\" data-block-weight=\"25\" data-block-id=\"5\">\n<p class=\"content-text__container \" data-track-category=\"Link no Texto\" data-track-links=\"\">O delegado da Pol\u00edcia Civil Edmar Rog\u00e9rio Dias Caparroz informou ao\u00a0<strong>G1\u00a0<\/strong>que uma testemunha viu o piloto sair da aeronave antes dela pegar fogo.<\/p>\n<\/div>\n<div class=\"mc-column content-text active-extra-styles \" style=\"text-align: justify;\" data-block-type=\"unstyled\" data-block-weight=\"12\" data-block-id=\"6\">\n<p class=\"content-text__container \" data-track-category=\"Link no Texto\" data-track-links=\"\">O piloto est\u00e1 desaparecido, segundo Caparroz. Equipes policiais tentam localizar o piloto.<\/p>\n<\/div>\n<div class=\"mc-column content-text active-extra-styles \" style=\"text-align: justify;\" data-block-type=\"unstyled\" data-block-weight=\"20\" data-block-id=\"7\">\n<p class=\"content-text__container \" data-track-category=\"Link no Texto\" data-track-links=\"\">Ainda conforme o delegado, a per\u00edcia foi acionada para comparecer ao local e a Aeron\u00e1utica tamb\u00e9m foi comunicada do acidente.<\/p>\n<\/div>\n<div class=\"mc-column content-text active-extra-styles \" style=\"text-align: justify;\" data-block-type=\"unstyled\" data-block-weight=\"10\" data-block-id=\"8\">\n<p class=\"content-text__container \" data-track-category=\"Link no Texto\" data-track-links=\"\">O caso ser\u00e1 registrado na delegacia do distrito de Primavera.<\/p>\n<\/div>\n<div class=\"row medium-uncollapsed content-media content-photo\" style=\"text-align: justify;\" data-block-type=\"backstage-photo\" data-block-id=\"9\">\n<div class=\"mc-column content-media__container\">\n<figure><img decoding=\"async\" class=\"i-amphtml-fill-content i-amphtml-replaced-content\" src=\"https:\/\/s2.glbimg.com\/AO_cMhh39bzw5guwtt3Xv0Ea_WY=\/0x0:1280x622\/984x0\/smart\/filters:strip_icc()\/i.s3.glbimg.com\/v1\/AUTH_59edd422c0c84a879bd37670ae4f538a\/internal_photos\/bs\/2020\/h\/j\/pcpX7OR2mtiiYgADinAw\/t187fl5f830db98a7b4.jpeg\" sizes=\"(max-width: 1366px) 648px, 100vw\" srcset=\"https:\/\/s2.glbimg.com\/x_VaqqCpvnvUxg3PKSm6GhNDW3k=\/0x0:1280x622\/1000x0\/smart\/filters:strip_icc()\/i.s3.glbimg.com\/v1\/AUTH_59edd422c0c84a879bd37670ae4f538a\/internal_photos\/bs\/2020\/h\/j\/pcpX7OR2mtiiYgADinAw\/t187fl5f830db98a7b4.jpeg 1000w, https:\/\/s2.glbimg.com\/AO_cMhh39bzw5guwtt3Xv0Ea_WY=\/0x0:1280x622\/984x0\/smart\/filters:strip_icc()\/i.s3.glbimg.com\/v1\/AUTH_59edd422c0c84a879bd37670ae4f538a\/internal_photos\/bs\/2020\/h\/j\/pcpX7OR2mtiiYgADinAw\/t187fl5f830db98a7b4.jpeg 984w, https:\/\/s2.glbimg.com\/Fg-MEl6y6HGSWiGp4FdOHbbX4_k=\/0x0:1280x622\/640x0\/smart\/filters:strip_icc()\/i.s3.glbimg.com\/v1\/AUTH_59edd422c0c84a879bd37670ae4f538a\/internal_photos\/bs\/2020\/h\/j\/pcpX7OR2mtiiYgADinAw\/t187fl5f830db98a7b4.jpeg 640w, https:\/\/s2.glbimg.com\/ds8vV08CLy6b06EUG236qZVx-sk=\/0x0:1280x622\/600x0\/smart\/filters:strip_icc()\/i.s3.glbimg.com\/v1\/AUTH_59edd422c0c84a879bd37670ae4f538a\/internal_photos\/bs\/2020\/h\/j\/pcpX7OR2mtiiYgADinAw\/t187fl5f830db98a7b4.jpeg 600w\" alt=\"Helic\u00f3ptero caiu em um assentamento, em Rosana \u2014 Foto: Andr\u00e9 Cerilo da Silva\" \/><\/figure>\n<p class=\"content-media__description \">Helic\u00f3ptero caiu em um assentamento, em Rosana \u2014 Foto: Andr\u00e9 Cerilo da Silva<\/p>\n<\/div>\n<\/div>\n<div class=\"row medium-uncollapsed content-media content-photo\" style=\"text-align: justify;\" data-block-type=\"backstage-photo\" data-block-id=\"11\">\n<div class=\"mc-column content-media__container\">\n<figure><img decoding=\"async\" class=\"i-amphtml-fill-content i-amphtml-replaced-content\" src=\"https:\/\/s2.glbimg.com\/x8YQSg2oOrwFTpWqoEsOkUSeAyA=\/0x0:1280x622\/984x0\/smart\/filters:strip_icc()\/i.s3.glbimg.com\/v1\/AUTH_59edd422c0c84a879bd37670ae4f538a\/internal_photos\/bs\/2020\/g\/a\/6jtYs1SJ2E9aAB0S1ypw\/t187fl5f830db984ed0.jpeg\" sizes=\"(max-width: 1366px) 648px, 100vw\" srcset=\"https:\/\/s2.glbimg.com\/_hdJHyh8E5EM9t1lR748FiyS7i8=\/0x0:1280x622\/1000x0\/smart\/filters:strip_icc()\/i.s3.glbimg.com\/v1\/AUTH_59edd422c0c84a879bd37670ae4f538a\/internal_photos\/bs\/2020\/g\/a\/6jtYs1SJ2E9aAB0S1ypw\/t187fl5f830db984ed0.jpeg 1000w, https:\/\/s2.glbimg.com\/x8YQSg2oOrwFTpWqoEsOkUSeAyA=\/0x0:1280x622\/984x0\/smart\/filters:strip_icc()\/i.s3.glbimg.com\/v1\/AUTH_59edd422c0c84a879bd37670ae4f538a\/internal_photos\/bs\/2020\/g\/a\/6jtYs1SJ2E9aAB0S1ypw\/t187fl5f830db984ed0.jpeg 984w, https:\/\/s2.glbimg.com\/2SPaG2PmrwrLUs72RJUVLWomdck=\/0x0:1280x622\/640x0\/smart\/filters:strip_icc()\/i.s3.glbimg.com\/v1\/AUTH_59edd422c0c84a879bd37670ae4f538a\/internal_photos\/bs\/2020\/g\/a\/6jtYs1SJ2E9aAB0S1ypw\/t187fl5f830db984ed0.jpeg 640w, https:\/\/s2.glbimg.com\/d8QGJfsjnkG2_BODiqgwrGmOOIw=\/0x0:1280x622\/600x0\/smart\/filters:strip_icc()\/i.s3.glbimg.com\/v1\/AUTH_59edd422c0c84a879bd37670ae4f538a\/internal_photos\/bs\/2020\/g\/a\/6jtYs1SJ2E9aAB0S1ypw\/t187fl5f830db984ed0.jpeg 600w\" alt=\"Helic\u00f3ptero caiu em um assentamento, em Rosana \u2014 Foto: Andr\u00e9 Cerilo da Silva\" \/><\/figure>\n<p class=\"content-media__description \">Helic\u00f3ptero caiu em um assentamento, em Rosana \u2014 Foto: Andr\u00e9 Cerilo da Silva<\/p>\n<\/div>\n<\/div>\n<div class=\"row medium-uncollapsed content-media content-photo\" style=\"text-align: justify;\" data-block-type=\"backstage-photo\" data-block-id=\"12\">\n<div class=\"mc-column content-media__container\">\n<figure><img decoding=\"async\" class=\"i-amphtml-fill-content i-amphtml-replaced-content\" src=\"https:\/\/s2.glbimg.com\/DWexXKbvWHvOMGFg_GsGtUcFDCY=\/0x0:1032x581\/984x0\/smart\/filters:strip_icc()\/i.s3.glbimg.com\/v1\/AUTH_59edd422c0c84a879bd37670ae4f538a\/internal_photos\/bs\/2020\/6\/m\/Yhk0AzT5e94HPYjT9QRg\/t187fl5f830d66d0b2b.jpeg\" sizes=\"(max-width: 1366px) 648px, 100vw\" srcset=\"https:\/\/s2.glbimg.com\/J4aE2GKd4Xcqn9Xahi_5xdNRkok=\/0x0:1032x581\/1000x0\/smart\/filters:strip_icc()\/i.s3.glbimg.com\/v1\/AUTH_59edd422c0c84a879bd37670ae4f538a\/internal_photos\/bs\/2020\/6\/m\/Yhk0AzT5e94HPYjT9QRg\/t187fl5f830d66d0b2b.jpeg 1000w, https:\/\/s2.glbimg.com\/DWexXKbvWHvOMGFg_GsGtUcFDCY=\/0x0:1032x581\/984x0\/smart\/filters:strip_icc()\/i.s3.glbimg.com\/v1\/AUTH_59edd422c0c84a879bd37670ae4f538a\/internal_photos\/bs\/2020\/6\/m\/Yhk0AzT5e94HPYjT9QRg\/t187fl5f830d66d0b2b.jpeg 984w, https:\/\/s2.glbimg.com\/ECopaobLn0l38ChPAGOeXLz-aUo=\/0x0:1032x581\/640x0\/smart\/filters:strip_icc()\/i.s3.glbimg.com\/v1\/AUTH_59edd422c0c84a879bd37670ae4f538a\/internal_photos\/bs\/2020\/6\/m\/Yhk0AzT5e94HPYjT9QRg\/t187fl5f830d66d0b2b.jpeg 640w, https:\/\/s2.glbimg.com\/rK45LhXUrc3rvd9jPNv_5slJqrw=\/0x0:1032x581\/600x0\/smart\/filters:strip_icc()\/i.s3.glbimg.com\/v1\/AUTH_59edd422c0c84a879bd37670ae4f538a\/internal_photos\/bs\/2020\/6\/m\/Yhk0AzT5e94HPYjT9QRg\/t187fl5f830d66d0b2b.jpeg 600w\" alt=\"Helic\u00f3ptero caiu em um assentamento, em Rosana \u2014 Foto: Ricardo de Oliveira dos Santos\" \/><\/figure>\n<p class=\"content-media__description \">Helic\u00f3ptero caiu em um assentamento, em Rosana \u2014 Foto: Ricardo de Oliveira dos Santos<\/p>\n<\/div>\n<\/div>\n<div class=\"row medium-uncollapsed content-media content-photo\" style=\"text-align: justify;\" data-block-type=\"backstage-photo\" data-block-id=\"13\">\n<div class=\"mc-column content-media__container\">\n<figure><img decoding=\"async\" class=\"i-amphtml-fill-content i-amphtml-replaced-content\" src=\"https:\/\/s2.glbimg.com\/d_TZGWm57h1vRzyXYqws4jf8NvU=\/0x0:1814x909\/984x0\/smart\/filters:strip_icc()\/i.s3.glbimg.com\/v1\/AUTH_59edd422c0c84a879bd37670ae4f538a\/internal_photos\/bs\/2020\/w\/j\/ytNbB5RBK2imi6hb17xw\/helicoptero-rosana.jpg\" sizes=\"(max-width: 1366px) 648px, 100vw\" srcset=\"https:\/\/s2.glbimg.com\/9TJnYiB8drZdGWz8CtGODgYX84c=\/0x0:1814x909\/1000x0\/smart\/filters:strip_icc()\/i.s3.glbimg.com\/v1\/AUTH_59edd422c0c84a879bd37670ae4f538a\/internal_photos\/bs\/2020\/w\/j\/ytNbB5RBK2imi6hb17xw\/helicoptero-rosana.jpg 1000w, https:\/\/s2.glbimg.com\/d_TZGWm57h1vRzyXYqws4jf8NvU=\/0x0:1814x909\/984x0\/smart\/filters:strip_icc()\/i.s3.glbimg.com\/v1\/AUTH_59edd422c0c84a879bd37670ae4f538a\/internal_photos\/bs\/2020\/w\/j\/ytNbB5RBK2imi6hb17xw\/helicoptero-rosana.jpg 984w, https:\/\/s2.glbimg.com\/zjeskZXteKkRmN2topEeUaXQ5fA=\/0x0:1814x909\/640x0\/smart\/filters:strip_icc()\/i.s3.glbimg.com\/v1\/AUTH_59edd422c0c84a879bd37670ae4f538a\/internal_photos\/bs\/2020\/w\/j\/ytNbB5RBK2imi6hb17xw\/helicoptero-rosana.jpg 640w, https:\/\/s2.glbimg.com\/Jes0tgEBVq3QRAakrw9rzGKyqfk=\/0x0:1814x909\/600x0\/smart\/filters:strip_icc()\/i.s3.glbimg.com\/v1\/AUTH_59edd422c0c84a879bd37670ae4f538a\/internal_photos\/bs\/2020\/w\/j\/ytNbB5RBK2imi6hb17xw\/helicoptero-rosana.jpg 600w\" alt=\"Helic\u00f3ptero caiu em um assentamento, em Rosana \u2014 Foto: Pol\u00edcia Militar\" \/><\/figure>\n<p class=\"content-media__description \">Helic\u00f3ptero caiu em um assentamento, em Rosana \u2014 Foto: Pol\u00edcia Militar<\/p>\n<\/div>\n<\/div>\n<div class=\"content-ads content-ads--reveal\" style=\"text-align: justify;\" data-block-type=\"ads\" data-block-id=\"14\">\n<div id=\"banner_materia__8e288373-98ce-4dd2-9f13-9eff763c06ba\" class=\"tag-manager-publicidade-container mc-has-reveal mc-has-ad-lazyload\" data-id=\"banner_materia__8e288373-98ce-4dd2-9f13-9eff763c06ba\"><\/div>\n<\/div>\n<div class=\"row medium-uncollapsed content-media content-photo\" style=\"text-align: justify;\" data-block-type=\"backstage-photo\" data-block-id=\"15\">\n<div class=\"mc-column content-media__container\">\n<figure><img decoding=\"async\" class=\"i-amphtml-fill-content i-amphtml-replaced-content\" src=\"https:\/\/s2.glbimg.com\/ABeVmbXdv4KH5Lc0lOSOqLL8HFw=\/0x0:1280x622\/984x0\/smart\/filters:strip_icc()\/i.s3.glbimg.com\/v1\/AUTH_59edd422c0c84a879bd37670ae4f538a\/internal_photos\/bs\/2020\/t\/Y\/ASexX4TdWZXxlnyQXJXg\/t187fl5f8310fa1dfc2.jpeg\" sizes=\"(max-width: 1366px) 648px, 100vw\" srcset=\"https:\/\/s2.glbimg.com\/ZNlTglPWI0RWkKAjEPCEB8Bv7hM=\/0x0:1280x622\/1000x0\/smart\/filters:strip_icc()\/i.s3.glbimg.com\/v1\/AUTH_59edd422c0c84a879bd37670ae4f538a\/internal_photos\/bs\/2020\/t\/Y\/ASexX4TdWZXxlnyQXJXg\/t187fl5f8310fa1dfc2.jpeg 1000w, https:\/\/s2.glbimg.com\/ABeVmbXdv4KH5Lc0lOSOqLL8HFw=\/0x0:1280x622\/984x0\/smart\/filters:strip_icc()\/i.s3.glbimg.com\/v1\/AUTH_59edd422c0c84a879bd37670ae4f538a\/internal_photos\/bs\/2020\/t\/Y\/ASexX4TdWZXxlnyQXJXg\/t187fl5f8310fa1dfc2.jpeg 984w, https:\/\/s2.glbimg.com\/fGMPgqkPbE0XMGvfr4Ec0wdssOk=\/0x0:1280x622\/640x0\/smart\/filters:strip_icc()\/i.s3.glbimg.com\/v1\/AUTH_59edd422c0c84a879bd37670ae4f538a\/internal_photos\/bs\/2020\/t\/Y\/ASexX4TdWZXxlnyQXJXg\/t187fl5f8310fa1dfc2.jpeg 640w, https:\/\/s2.glbimg.com\/MWk6a_PwoBkU6LC30wrt-pHEIfs=\/0x0:1280x622\/600x0\/smart\/filters:strip_icc()\/i.s3.glbimg.com\/v1\/AUTH_59edd422c0c84a879bd37670ae4f538a\/internal_photos\/bs\/2020\/t\/Y\/ASexX4TdWZXxlnyQXJXg\/t187fl5f8310fa1dfc2.jpeg 600w\" alt=\"Helic\u00f3ptero caiu em um assentamento, em Rosana \u2014 Foto: Andr\u00e9 Cerilo da Silva\" \/><\/figure>\n<p class=\"content-media__description \">Helic\u00f3ptero caiu em um assentamento, em Rosana \u2014 Foto: Andr\u00e9 Cerilo da Silva<\/p>\n<\/div>\n<\/div>\n<div class=\"row medium-uncollapsed content-media content-photo\" style=\"text-align: justify;\" data-block-type=\"backstage-photo\" data-block-id=\"16\">\n<div class=\"mc-column content-media__container\">\n<figure><img decoding=\"async\" class=\"i-amphtml-fill-content i-amphtml-replaced-content\" src=\"https:\/\/s2.glbimg.com\/D6_vJMJCR8BsOApz-7WQf5JV2oo=\/0x0:1280x622\/984x0\/smart\/filters:strip_icc()\/i.s3.glbimg.com\/v1\/AUTH_59edd422c0c84a879bd37670ae4f538a\/internal_photos\/bs\/2020\/M\/e\/AqMgD1QCATKdSieFq0DA\/t187fl5f8310fa19bb0.jpeg\" sizes=\"(max-width: 1366px) 648px, 100vw\" srcset=\"https:\/\/s2.glbimg.com\/qe8ezRJjTqKBHq8aTUssp4C9uxE=\/0x0:1280x622\/1000x0\/smart\/filters:strip_icc()\/i.s3.glbimg.com\/v1\/AUTH_59edd422c0c84a879bd37670ae4f538a\/internal_photos\/bs\/2020\/M\/e\/AqMgD1QCATKdSieFq0DA\/t187fl5f8310fa19bb0.jpeg 1000w, https:\/\/s2.glbimg.com\/D6_vJMJCR8BsOApz-7WQf5JV2oo=\/0x0:1280x622\/984x0\/smart\/filters:strip_icc()\/i.s3.glbimg.com\/v1\/AUTH_59edd422c0c84a879bd37670ae4f538a\/internal_photos\/bs\/2020\/M\/e\/AqMgD1QCATKdSieFq0DA\/t187fl5f8310fa19bb0.jpeg 984w, https:\/\/s2.glbimg.com\/wrvANNcVeh9Ov-nZaGnHboT5CNY=\/0x0:1280x622\/640x0\/smart\/filters:strip_icc()\/i.s3.glbimg.com\/v1\/AUTH_59edd422c0c84a879bd37670ae4f538a\/internal_photos\/bs\/2020\/M\/e\/AqMgD1QCATKdSieFq0DA\/t187fl5f8310fa19bb0.jpeg 640w, https:\/\/s2.glbimg.com\/Z1gM49x91nzeFzs3N0l045QpOJs=\/0x0:1280x622\/600x0\/smart\/filters:strip_icc()\/i.s3.glbimg.com\/v1\/AUTH_59edd422c0c84a879bd37670ae4f538a\/internal_photos\/bs\/2020\/M\/e\/AqMgD1QCATKdSieFq0DA\/t187fl5f8310fa19bb0.jpeg 600w\" alt=\"Helic\u00f3ptero caiu em um assentamento, em Rosana \u2014 Foto: Andr\u00e9 Cerilo da Silva\" \/><\/figure>\n<p class=\"content-media__description \">Helic\u00f3ptero caiu em um assentamento, em Rosana \u2014 Foto: Andr\u00e9 Cerilo da Silva<\/p>\n<\/div>\n<\/div>\n<div class=\"row medium-uncollapsed content-media content-photo\" style=\"text-align: justify;\" data-block-type=\"backstage-photo\" data-block-id=\"17\">\n<div class=\"mc-column content-media__container\">\n<figure><img decoding=\"async\" class=\"i-amphtml-fill-content i-amphtml-replaced-content\" src=\"https:\/\/s2.glbimg.com\/yNPAIXnx76Lw97tucsJ2osAjB1Y=\/0x88:581x751\/984x0\/smart\/filters:strip_icc()\/i.s3.glbimg.com\/v1\/AUTH_59edd422c0c84a879bd37670ae4f538a\/internal_photos\/bs\/2020\/s\/n\/wXZlHKSvSISa9Q6ly5ZQ\/t187fl5f830d66d4cc4.jpeg\" sizes=\"(max-width: 1366px) 648px, 100vw\" srcset=\"https:\/\/s2.glbimg.com\/ZLU6gis_HEwJXyR9nDXtVzKe7Zo=\/0x88:581x751\/1000x0\/smart\/filters:strip_icc()\/i.s3.glbimg.com\/v1\/AUTH_59edd422c0c84a879bd37670ae4f538a\/internal_photos\/bs\/2020\/s\/n\/wXZlHKSvSISa9Q6ly5ZQ\/t187fl5f830d66d4cc4.jpeg 1000w, https:\/\/s2.glbimg.com\/yNPAIXnx76Lw97tucsJ2osAjB1Y=\/0x88:581x751\/984x0\/smart\/filters:strip_icc()\/i.s3.glbimg.com\/v1\/AUTH_59edd422c0c84a879bd37670ae4f538a\/internal_photos\/bs\/2020\/s\/n\/wXZlHKSvSISa9Q6ly5ZQ\/t187fl5f830d66d4cc4.jpeg 984w, https:\/\/s2.glbimg.com\/fsMfCL2upp7Yu_dOx1CjaaeCN7o=\/0x88:581x751\/640x0\/smart\/filters:strip_icc()\/i.s3.glbimg.com\/v1\/AUTH_59edd422c0c84a879bd37670ae4f538a\/internal_photos\/bs\/2020\/s\/n\/wXZlHKSvSISa9Q6ly5ZQ\/t187fl5f830d66d4cc4.jpeg 640w, https:\/\/s2.glbimg.com\/MMzGHiwOr3H8HyPyeLt6zneJFo4=\/0x88:581x751\/600x0\/smart\/filters:strip_icc()\/i.s3.glbimg.com\/v1\/AUTH_59edd422c0c84a879bd37670ae4f538a\/internal_photos\/bs\/2020\/s\/n\/wXZlHKSvSISa9Q6ly5ZQ\/t187fl5f830d66d4cc4.jpeg 600w\" alt=\"Helic\u00f3ptero caiu em um assentamento, em Rosana \u2014 Foto: Ricardo de Oliveira dos Santos\" \/><\/figure>\n<p class=\"content-media__description \">Helic\u00f3ptero caiu em um assentamento, em Rosana \u2014 Foto: Ricardo de Oliveira dos Santos<\/p>\n<\/div>\n<\/div>\n<div class=\"content-ads content-ads--reveal\" style=\"text-align: justify;\" data-block-type=\"ads\" data-block-id=\"18\">\n<div id=\"banner_materia__35fe38a7-495c-4a67-8722-68b30836ade9\" class=\"tag-manager-publicidade-container mc-has-reveal mc-has-ad-lazyload\" data-id=\"banner_materia__35fe38a7-495c-4a67-8722-68b30836ade9\"><\/div>\n<\/div>\n<div class=\"row medium-uncollapsed content-media content-photo\" data-block-type=\"backstage-photo\" data-block-id=\"19\">\n<div class=\"mc-column content-media__container\">\n<figure style=\"text-align: justify;\"><img decoding=\"async\" class=\"i-amphtml-fill-content i-amphtml-replaced-content\" src=\"https:\/\/s2.glbimg.com\/icDmGL4UXNONOSP0ABk7BMN-n0c=\/0x0:1280x622\/984x0\/smart\/filters:strip_icc()\/i.s3.glbimg.com\/v1\/AUTH_59edd422c0c84a879bd37670ae4f538a\/internal_photos\/bs\/2020\/I\/n\/oPdCS5SxCi4QpFk1KpeQ\/t187fl5f830db97f261.jpeg\" sizes=\"(max-width: 1366px) 648px, 100vw\" srcset=\"https:\/\/s2.glbimg.com\/fn4w5CWpJDq5JEMvSnqp5mMJDXk=\/0x0:1280x622\/1000x0\/smart\/filters:strip_icc()\/i.s3.glbimg.com\/v1\/AUTH_59edd422c0c84a879bd37670ae4f538a\/internal_photos\/bs\/2020\/I\/n\/oPdCS5SxCi4QpFk1KpeQ\/t187fl5f830db97f261.jpeg 1000w, https:\/\/s2.glbimg.com\/icDmGL4UXNONOSP0ABk7BMN-n0c=\/0x0:1280x622\/984x0\/smart\/filters:strip_icc()\/i.s3.glbimg.com\/v1\/AUTH_59edd422c0c84a879bd37670ae4f538a\/internal_photos\/bs\/2020\/I\/n\/oPdCS5SxCi4QpFk1KpeQ\/t187fl5f830db97f261.jpeg 984w, https:\/\/s2.glbimg.com\/3NZB04cy3CqynlB9cxjYg-wdc0A=\/0x0:1280x622\/640x0\/smart\/filters:strip_icc()\/i.s3.glbimg.com\/v1\/AUTH_59edd422c0c84a879bd37670ae4f538a\/internal_photos\/bs\/2020\/I\/n\/oPdCS5SxCi4QpFk1KpeQ\/t187fl5f830db97f261.jpeg 640w, https:\/\/s2.glbimg.com\/bZcCqzYPuvAPlZ0svww7GugVbFE=\/0x0:1280x622\/600x0\/smart\/filters:strip_icc()\/i.s3.glbimg.com\/v1\/AUTH_59edd422c0c84a879bd37670ae4f538a\/internal_photos\/bs\/2020\/I\/n\/oPdCS5SxCi4QpFk1KpeQ\/t187fl5f830db97f261.jpeg 600w\" alt=\"Helic\u00f3ptero caiu em um assentamento, em Rosana \u2014 Foto: Andr\u00e9 Cerilo da Silva\" \/><\/figure>\n<p class=\"content-media__description \" style=\"text-align: justify;\">Helic\u00f3ptero caiu em um assentamento, em Rosana \u2014 Foto: Andr\u00e9 Cerilo da Silva<\/p>\n<p style=\"text-align: justify;\">Fonte: G1<\/p>\n<\/div>\n<\/div>\n<\/div>\n","protected":false},"excerpt":{"rendered":"<p>Corpo de Bombeiros informou que n\u00e3o h\u00e1 registro de v\u00edtimas. Uma testemunha informou que viu o piloto sair da aeronave. Um helic\u00f3ptero de pequeno porte caiu na manh\u00e3 deste domingo (11) no Assentamento Nova Pontal, em\u00a0Rosana (SP). De acordo com o Corpo de Bombeiros, o acidente foi registrado por volta das 8h22 e n\u00e3o houve [&hellip;]<\/p>\n","protected":false},"author":1,"featured_media":36771,"comment_status":"closed","ping_status":"open","sticky":false,"template":"","format":"standard","meta":{"footnotes":""},"categories":[170,110],"tags":[],"class_list":["post-36770","post","type-post","status-publish","format-standard","has-post-thumbnail","hentry","category-acidentes","category-noticiasdestaque"],"_links":{"self":[{"href":"https:\/\/jorgezanoni.com.br\/2019\/wp-json\/wp\/v2\/posts\/36770","targetHints":{"allow":["GET"]}}],"collection":[{"href":"https:\/\/jorgezanoni.com.br\/2019\/wp-json\/wp\/v2\/posts"}],"about":[{"href":"https:\/\/jorgezanoni.com.br\/2019\/wp-json\/wp\/v2\/types\/post"}],"author":[{"embeddable":true,"href":"https:\/\/jorgezanoni.com.br\/2019\/wp-json\/wp\/v2\/users\/1"}],"replies":[{"embeddable":true,"href":"https:\/\/jorgezanoni.com.br\/2019\/wp-json\/wp\/v2\/comments?post=36770"}],"version-history":[{"count":0,"href":"https:\/\/jorgezanoni.com.br\/2019\/wp-json\/wp\/v2\/posts\/36770\/revisions"}],"wp:featuredmedia":[{"embeddable":true,"href":"https:\/\/jorgezanoni.com.br\/2019\/wp-json\/wp\/v2\/media\/36771"}],"wp:attachment":[{"href":"https:\/\/jorgezanoni.com.br\/2019\/wp-json\/wp\/v2\/media?parent=36770"}],"wp:term":[{"taxonomy":"category","embeddable":true,"href":"https:\/\/jorgezanoni.com.br\/2019\/wp-json\/wp\/v2\/categories?post=36770"},{"taxonomy":"post_tag","embeddable":true,"href":"https:\/\/jorgezanoni.com.br\/2019\/wp-json\/wp\/v2\/tags?post=36770"}],"curies":[{"name":"wp","href":"https:\/\/api.w.org\/{rel}","templated":true}]}}