{"id":36738,"date":"2020-10-10T22:05:27","date_gmt":"2020-10-10T22:05:27","guid":{"rendered":"https:\/\/jorgezanoni.com.br\/2019\/?p=36738"},"modified":"2020-10-10T22:05:27","modified_gmt":"2020-10-10T22:05:27","slug":"bombeiro-salvou-colega-em-incendio-que-atingiu-caminhao-da-corporacao-preservacao-da-vida-sempre-diz-comandante","status":"publish","type":"post","link":"https:\/\/jorgezanoni.com.br\/2019\/bombeiro-salvou-colega-em-incendio-que-atingiu-caminhao-da-corporacao-preservacao-da-vida-sempre-diz-comandante\/","title":{"rendered":"Bombeiro salvou colega em inc\u00eandio que atingiu caminh\u00e3o da corpora\u00e7\u00e3o: \u2018Preserva\u00e7\u00e3o da vida sempre\u2019, diz comandante"},"content":{"rendered":"<h2 class=\"content-head__subtitle\" style=\"text-align: justify;\"><strong>Dois bombeiros de Ja\u00fa (SP) combatiam as chamas em uma \u00e1rea de mata, quando o vento mudou a dire\u00e7\u00e3o das chamas.<\/strong><\/h2>\n<div class=\"mc-column content-text active-extra-styles \" data-block-type=\"unstyled\" data-block-weight=\"51\" data-block-id=\"2\">\n<p class=\"content-text__container \" style=\"text-align: justify;\" data-track-category=\"Link no Texto\" data-track-links=\"\">A combina\u00e7\u00e3o do tempo seco e o intenso calor dos \u00faltimos dias tem como uma das consequ\u00eancias o aumento das queimadas em todo o centro-oeste paulista. Diariamente, os bombeiros combatem as chamas que se espalham principalmente por \u00e1reas de mata, mas em Ja\u00fa (SP) uma ocorr\u00eancia chamou a aten\u00e7\u00e3o.<\/p>\n<\/div>\n<div class=\"wall protected-content\">\n<div class=\"mc-column content-text active-extra-styles \" style=\"text-align: justify;\" data-block-type=\"unstyled\" data-block-weight=\"52\" data-block-id=\"3\">\n<p class=\"content-text__container \" data-track-category=\"Link no Texto\" data-track-links=\"\">Dois bombeiros combatiam um inc\u00eandio em uma \u00e1rea de vegeta\u00e7\u00e3o entre Ja\u00fa e Guarapu\u00e3, distrito de Dois C\u00f3rregos, no dia 1\u00ba de outubro, quando um deles passou mal. Segundo o tenente Dante Dias Vivan, comandante do posto de bombeiros de Ja\u00fa, o integrante da corpora\u00e7\u00e3o foi salvo pelo colega de trabalho.<\/p>\n<\/div>\n<div class=\"mc-column content-text active-extra-styles \" style=\"text-align: justify;\" data-block-type=\"unstyled\" data-block-weight=\"58\" data-block-id=\"4\">\n<p class=\"content-text__container \" data-track-category=\"Link no Texto\" data-track-links=\"\">\u201cO bombeiro que estava na linha de frente no combate \u00e0s chamas acabou passando mal e acabou caindo, teve um desmaio. O colega que estava na bomba de inc\u00eandio, fazendo o controle, correu at\u00e9 ele e o retirou para uma \u00e1rea mais segura, longe das chamas, at\u00e9 que ele recobrasse os sentidos e acionou o socorro\u201d, conta.<\/p>\n<\/div>\n<div class=\"row medium-uncollapsed content-media content-photo\" style=\"text-align: justify;\" data-block-type=\"backstage-photo\" data-block-id=\"5\">\n<div class=\"mc-column content-media__container\">\n<figure><img decoding=\"async\" class=\"i-amphtml-fill-content i-amphtml-replaced-content\" src=\"https:\/\/s2.glbimg.com\/9pB9iz52L1QZSk0M_CEhoVt9BX8=\/0x0:441x467\/984x0\/smart\/filters:strip_icc()\/i.s3.glbimg.com\/v1\/AUTH_59edd422c0c84a879bd37670ae4f538a\/internal_photos\/bs\/2020\/q\/6\/mlpKf9T2utGXWIgrD4sw\/caminhao-bombeiros2.jpg\" sizes=\"(max-width: 1366px) 648px, 100vw\" srcset=\"https:\/\/s2.glbimg.com\/j5Yk1UyjHso0cRmZNpDQ9Wgl7eA=\/0x0:441x467\/1000x0\/smart\/filters:strip_icc()\/i.s3.glbimg.com\/v1\/AUTH_59edd422c0c84a879bd37670ae4f538a\/internal_photos\/bs\/2020\/q\/6\/mlpKf9T2utGXWIgrD4sw\/caminhao-bombeiros2.jpg 1000w, https:\/\/s2.glbimg.com\/9pB9iz52L1QZSk0M_CEhoVt9BX8=\/0x0:441x467\/984x0\/smart\/filters:strip_icc()\/i.s3.glbimg.com\/v1\/AUTH_59edd422c0c84a879bd37670ae4f538a\/internal_photos\/bs\/2020\/q\/6\/mlpKf9T2utGXWIgrD4sw\/caminhao-bombeiros2.jpg 984w, https:\/\/s2.glbimg.com\/a7tSdHQW8h1Og2GXPB3Ewno_T1w=\/0x0:441x467\/640x0\/smart\/filters:strip_icc()\/i.s3.glbimg.com\/v1\/AUTH_59edd422c0c84a879bd37670ae4f538a\/internal_photos\/bs\/2020\/q\/6\/mlpKf9T2utGXWIgrD4sw\/caminhao-bombeiros2.jpg 640w, https:\/\/s2.glbimg.com\/9zh2k4wNz2ZYMgoPt_FGtITLkmI=\/0x0:441x467\/600x0\/smart\/filters:strip_icc()\/i.s3.glbimg.com\/v1\/AUTH_59edd422c0c84a879bd37670ae4f538a\/internal_photos\/bs\/2020\/q\/6\/mlpKf9T2utGXWIgrD4sw\/caminhao-bombeiros2.jpg 600w\" alt=\"Frente do caminh\u00e3o do Corpo de Bombeiros de Ja\u00fa ficou danificada pelo fogo  \u2014 Foto: Corpo de Bombeiros\/ Divulga\u00e7\u00e3o \" \/><\/figure>\n<p class=\"content-media__description \">Frente do caminh\u00e3o do Corpo de Bombeiros de Ja\u00fa ficou danificada pelo fogo \u2014 Foto: Corpo de Bombeiros\/ Divulga\u00e7\u00e3o<\/p>\n<\/div>\n<\/div>\n<div class=\"content-ads content-ads--reveal\" style=\"text-align: justify;\" data-block-type=\"ads\" data-block-id=\"6\">\n<div id=\"banner_materia2\" class=\"tag-manager-publicidade-container mc-has-reveal mc-has-ad-lazyload\" data-id=\"banner_materia2\"><\/div>\n<\/div>\n<div class=\"mc-column content-text active-extra-styles \" style=\"text-align: justify;\" data-block-type=\"unstyled\" data-block-weight=\"30\" data-block-id=\"7\">\n<p class=\"content-text__container \" data-track-category=\"Link no Texto\" data-track-links=\"\">Enquanto o bombeiro socorria o colega, o vento mudou a dire\u00e7\u00e3o das chamas e o fogo acabou atingindo a frente do caminh\u00e3o da corpora\u00e7\u00e3o. A cabine ficou totalmente queimada.<\/p>\n<\/div>\n<div class=\"mc-column content-text active-extra-styles \" style=\"text-align: justify;\" data-block-type=\"unstyled\" data-block-weight=\"18\" data-block-id=\"8\">\n<p class=\"content-text__container \" data-track-category=\"Link no Texto\" data-track-links=\"\">O fogo atingiu partes pl\u00e1sticas do caminh\u00e3o, a parte el\u00e9trica e tamb\u00e9m os pneus, segundo o comandante.<\/p>\n<\/div>\n<div class=\"mc-column content-text active-extra-styles \" style=\"text-align: justify;\" data-block-type=\"unstyled\" data-block-weight=\"33\" data-block-id=\"9\">\n<p class=\"content-text__container \" data-track-category=\"Link no Texto\" data-track-links=\"\">\u201cAssim que ficamos sabendo da ocorr\u00eancia foi deslocada uma unidade de resgate, que encaminhou o bombeiro que passou mal para Santa Casa. Ele foi atendido e liberado, inclusive j\u00e1 retornou as atividades.<\/p>\n<\/div>\n<div class=\"mc-column content-text active-extra-styles\" style=\"text-align: justify;\" data-block-type=\"raw\" data-block-weight=\"30\" data-block-id=\"10\">\n<blockquote class=\"content-blockquote theme-border-color-primary-before\"><p>&#8220;Tivemos essas avarias na viatura, mas \u00e9 um risco que corremos todos os dias no nosso trabalho. Foram s\u00f3 danos materiais e o importante \u00e9 a preserva\u00e7\u00e3o da vida sempre.\u201d<\/p><\/blockquote>\n<\/div>\n<div class=\"mc-column content-text active-extra-styles \" style=\"text-align: justify;\" data-block-type=\"unstyled\" data-block-weight=\"41\" data-block-id=\"11\">\n<p class=\"content-text__container \" data-track-category=\"Link no Texto\" data-track-links=\"\">Ainda de acordo com o tenente Dante, os danos materiais n\u00e3o comprometeram o atendimento das ocorr\u00eancias. O posto dos bombeiros em Ja\u00fa tem viaturas reservas que foram acionadas para atendimento dessa ocorr\u00eancia e\u00a0<a href=\"https:\/\/g1.globo.com\/sp\/bauru-marilia\/noticia\/2020\/10\/08\/incendio-atinge-patio-de-veiculos-apreendidos-e-assusta-moradores-de-bairro-em-jau.ghtml\">tamb\u00e9m continua sendo utilizada nas demais solicita\u00e7\u00f5es.<\/a><\/p>\n<\/div>\n<div class=\"mc-column content-text active-extra-styles \" style=\"text-align: justify;\" data-block-type=\"unstyled\" data-block-weight=\"54\" data-block-id=\"12\">\n<p class=\"content-text__container \" data-track-category=\"Link no Texto\" data-track-links=\"\">\u201cCom rela\u00e7\u00e3o aos recursos operacionais n\u00e3o fomos afetados porque temos mais tr\u00eas viaturas de combate ao inc\u00eandio, uma semelhante a essa que foi atingida, uma que tem maior capacidade de armazenamento de \u00e1gua e uma terceira equipada com escada que \u00e9 para atendimento de ocorr\u00eancias em pr\u00e9dios, apartamentos, onde h\u00e1 necessidade desse equipamento.\u201d<\/p>\n<\/div>\n<div class=\"mc-column content-text active-extra-styles \" data-block-type=\"unstyled\" data-block-weight=\"46\" data-block-id=\"13\">\n<p class=\"content-text__container \" style=\"text-align: justify;\" data-track-category=\"Link no Texto\" data-track-links=\"\">Foi aberta uma sindic\u00e2ncia seguindo os protocolos administrativos da corpora\u00e7\u00e3o e a viatura atingida vai passar por per\u00edcia para avalia\u00e7\u00e3o dos danos causados pelo fogo. J\u00e1 os dois bombeiros envolvidos na ocorr\u00eancia n\u00e3o tiveram ferimentos. O comando da corpora\u00e7\u00e3o preferiu n\u00e3o divulgar a identidade deles.<\/p>\n<p style=\"text-align: justify;\" data-track-category=\"Link no Texto\" data-track-links=\"\">Fonte: G1<\/p>\n<\/div>\n<\/div>\n","protected":false},"excerpt":{"rendered":"<p>Dois bombeiros de Ja\u00fa (SP) combatiam as chamas em uma \u00e1rea de mata, quando o vento mudou a dire\u00e7\u00e3o das chamas. A combina\u00e7\u00e3o do tempo seco e o intenso calor dos \u00faltimos dias tem como uma das consequ\u00eancias o aumento das queimadas em todo o centro-oeste paulista. Diariamente, os bombeiros combatem as chamas que se [&hellip;]<\/p>\n","protected":false},"author":1,"featured_media":36739,"comment_status":"closed","ping_status":"open","sticky":false,"template":"","format":"standard","meta":{"footnotes":""},"categories":[170,110],"tags":[],"class_list":["post-36738","post","type-post","status-publish","format-standard","has-post-thumbnail","hentry","category-acidentes","category-noticiasdestaque"],"_links":{"self":[{"href":"https:\/\/jorgezanoni.com.br\/2019\/wp-json\/wp\/v2\/posts\/36738","targetHints":{"allow":["GET"]}}],"collection":[{"href":"https:\/\/jorgezanoni.com.br\/2019\/wp-json\/wp\/v2\/posts"}],"about":[{"href":"https:\/\/jorgezanoni.com.br\/2019\/wp-json\/wp\/v2\/types\/post"}],"author":[{"embeddable":true,"href":"https:\/\/jorgezanoni.com.br\/2019\/wp-json\/wp\/v2\/users\/1"}],"replies":[{"embeddable":true,"href":"https:\/\/jorgezanoni.com.br\/2019\/wp-json\/wp\/v2\/comments?post=36738"}],"version-history":[{"count":0,"href":"https:\/\/jorgezanoni.com.br\/2019\/wp-json\/wp\/v2\/posts\/36738\/revisions"}],"wp:featuredmedia":[{"embeddable":true,"href":"https:\/\/jorgezanoni.com.br\/2019\/wp-json\/wp\/v2\/media\/36739"}],"wp:attachment":[{"href":"https:\/\/jorgezanoni.com.br\/2019\/wp-json\/wp\/v2\/media?parent=36738"}],"wp:term":[{"taxonomy":"category","embeddable":true,"href":"https:\/\/jorgezanoni.com.br\/2019\/wp-json\/wp\/v2\/categories?post=36738"},{"taxonomy":"post_tag","embeddable":true,"href":"https:\/\/jorgezanoni.com.br\/2019\/wp-json\/wp\/v2\/tags?post=36738"}],"curies":[{"name":"wp","href":"https:\/\/api.w.org\/{rel}","templated":true}]}}