{"id":36735,"date":"2020-10-10T20:35:02","date_gmt":"2020-10-10T20:35:02","guid":{"rendered":"https:\/\/jorgezanoni.com.br\/2019\/?p=36735"},"modified":"2020-10-10T20:35:02","modified_gmt":"2020-10-10T20:35:02","slug":"depois-de-ser-atacado-por-abelhas-cachorro-morre-de-choque-anafilatico-em-osvaldo-cruz","status":"publish","type":"post","link":"https:\/\/jorgezanoni.com.br\/2019\/depois-de-ser-atacado-por-abelhas-cachorro-morre-de-choque-anafilatico-em-osvaldo-cruz\/","title":{"rendered":"Depois de ser atacado por abelhas, cachorro morre de choque anafil\u00e1tico em Osvaldo Cruz"},"content":{"rendered":"<h2 class=\"content-head__subtitle\" style=\"text-align: justify;\"><strong>Conforme o Corpo de Bombeiros, enxame estava na estrutura de uma caixa d\u2019\u00e1gua de uma casa. Ocorr\u00eancia foi registrada nesta sexta-feira (9).<\/strong><\/h2>\n<div class=\"mc-column content-text active-extra-styles \" data-block-type=\"unstyled\" data-block-weight=\"40\" data-block-id=\"2\">\n<p class=\"content-text__container \" style=\"text-align: justify;\" data-track-category=\"Link no Texto\" data-track-links=\"\">Um cachorro morreu ap\u00f3s ser atacado por abelhas nesta sexta-feira (9), no Jardim Bela Vista, em\u00a0<a href=\"https:\/\/g1.globo.com\/sp\/presidente-prudente-regiao\/cidade\/osvaldo-cruz\/\">Osvaldo Cruz<\/a>. Conforme o Corpo de Bombeiros, o enxame atacou tamb\u00e9m a dona do animal e o apicultor que auxiliou na conten\u00e7\u00e3o dos insetos.<\/p>\n<\/div>\n<div class=\"wall protected-content\">\n<div class=\"mc-column content-text active-extra-styles \" style=\"text-align: justify;\" data-block-type=\"unstyled\" data-block-weight=\"62\" data-block-id=\"3\">\n<p class=\"content-text__container \" data-track-category=\"Link no Texto\" data-track-links=\"\">Ainda de acordo com a corpora\u00e7\u00e3o, a colmeia estava embaixo de um suporte de alvenaria para caixa d\u2019\u00e1gua na resid\u00eancia vizinha em que o cachorro estava. O animal chegou a ser socorrido e levado para uma cl\u00ednica veterin\u00e1ria. A m\u00e9dica veterin\u00e1ria Alexia Martinez informou ao G1 que o c\u00e3o j\u00e1 tinha idade avan\u00e7ada, estava com 42\u00ba C de febre e com edemas.<\/p>\n<\/div>\n<div class=\"mc-column content-text active-extra-styles \" style=\"text-align: justify;\" data-block-type=\"unstyled\" data-block-weight=\"37\" data-block-id=\"4\">\n<p class=\"content-text__container \" data-track-category=\"Link no Texto\" data-track-links=\"\">Durante 40 minutos, o cachorro foi medicado para tentar conter as convuls\u00f5es. Os profissionais tentaram diminuir a febre colocando toalhas molhadas em cima dele. Apesar dos cuidados, ainda conforme a veterin\u00e1ria, o animal morreu por choque anafil\u00e1tico.<\/p>\n<\/div>\n<div class=\"mc-column content-text active-extra-styles \" style=\"text-align: justify;\" data-block-type=\"unstyled\" data-block-weight=\"32\" data-block-id=\"5\">\n<p class=\"content-text__container \" data-track-category=\"Link no Texto\" data-track-links=\"\">Os bombeiros informaram que realizaram a conten\u00e7\u00e3o emergencial das abelhas utilizando um saco de estopa para fechar o buraco da colmeia e fizeram fuma\u00e7a no local para que os insetos se acalmassem.<\/p>\n<\/div>\n<div class=\"mc-column content-text active-extra-styles \" style=\"text-align: justify;\" data-block-type=\"unstyled\" data-block-weight=\"24\" data-block-id=\"6\">\n<p class=\"content-text__container \" data-track-category=\"Link no Texto\" data-track-links=\"\">Posteriormente, a corpora\u00e7\u00e3o retornou ao local e, por conta do dif\u00edcil acesso, conseguiu remover apenas uma parte da colmeia. A outra precisou ser exterminada.<\/p>\n<\/div>\n<div class=\"row medium-uncollapsed content-media content-photo\" style=\"text-align: justify;\" data-block-type=\"backstage-photo\" data-block-id=\"7\">\n<div class=\"mc-column content-media__container\">\n<figure><img decoding=\"async\" class=\"i-amphtml-fill-content i-amphtml-replaced-content\" src=\"https:\/\/s2.glbimg.com\/tAr0TlnAQMHy4PjpYSNVT0xVc3I=\/0x0:810x431\/984x0\/smart\/filters:strip_icc()\/i.s3.glbimg.com\/v1\/AUTH_59edd422c0c84a879bd37670ae4f538a\/internal_photos\/bs\/2020\/d\/U\/AxTBGISRu1TDGPTN1RaQ\/abelha.jpg\" sizes=\"(max-width: 1366px) 648px, 100vw\" srcset=\"https:\/\/s2.glbimg.com\/6KaM8Qais2ao67H5AKl2UOLg4YA=\/0x0:810x431\/1000x0\/smart\/filters:strip_icc()\/i.s3.glbimg.com\/v1\/AUTH_59edd422c0c84a879bd37670ae4f538a\/internal_photos\/bs\/2020\/d\/U\/AxTBGISRu1TDGPTN1RaQ\/abelha.jpg 1000w, https:\/\/s2.glbimg.com\/tAr0TlnAQMHy4PjpYSNVT0xVc3I=\/0x0:810x431\/984x0\/smart\/filters:strip_icc()\/i.s3.glbimg.com\/v1\/AUTH_59edd422c0c84a879bd37670ae4f538a\/internal_photos\/bs\/2020\/d\/U\/AxTBGISRu1TDGPTN1RaQ\/abelha.jpg 984w, https:\/\/s2.glbimg.com\/AWKCC-ylaCtFtKkFVz6syjidT3o=\/0x0:810x431\/640x0\/smart\/filters:strip_icc()\/i.s3.glbimg.com\/v1\/AUTH_59edd422c0c84a879bd37670ae4f538a\/internal_photos\/bs\/2020\/d\/U\/AxTBGISRu1TDGPTN1RaQ\/abelha.jpg 640w, https:\/\/s2.glbimg.com\/S_WvZLeReA00XAYL0kpzFrmFaWQ=\/0x0:810x431\/600x0\/smart\/filters:strip_icc()\/i.s3.glbimg.com\/v1\/AUTH_59edd422c0c84a879bd37670ae4f538a\/internal_photos\/bs\/2020\/d\/U\/AxTBGISRu1TDGPTN1RaQ\/abelha.jpg 600w\" alt=\"Corpo de Bombeiros foi acionado para conter as abelhas \u2014 Foto: Corpo de Bombeiros\" \/><\/figure>\n<p class=\"content-media__description \">Corpo de Bombeiros foi acionado para conter as abelhas \u2014 Foto: Corpo de Bombeiros<\/p>\n<\/div>\n<\/div>\n<div class=\"mc-column content-text active-extra-styles\" style=\"text-align: justify;\" data-block-type=\"raw\" data-block-weight=\"4\" data-block-id=\"9\">\n<div class=\"content-intertitle\">\n<h2>Enxame e altas temperaturas<\/h2>\n<\/div>\n<\/div>\n<div class=\"mc-column content-text active-extra-styles \" style=\"text-align: justify;\" data-block-type=\"unstyled\" data-block-weight=\"74\" data-block-id=\"10\">\n<p class=\"content-text__container \" data-track-category=\"Link no Texto\" data-track-links=\"\">A bi\u00f3loga Ana Paula Nunes Zago Oliveira explicou que a enxamea\u00e7\u00e3o das abelhas ocorre nos meses de agosto e setembro. Por\u00e9m, com o clima quente dos \u00faltimos dias, o fen\u00f4meno se estendeu para o in\u00edcio de outubro. A tend\u00eancia \u00e9 de que os insetos migrem de um lugar para outro para constru\u00edrem um novo enxame. Nesta migra\u00e7\u00e3o, as que se perdem tentam voltar pr\u00f3ximas ao enxame e o mecanismo de defesa \u00e9 a ferroada.<\/p>\n<\/div>\n<div class=\"mc-column content-text active-extra-styles \" style=\"text-align: justify;\" data-block-type=\"unstyled\" data-block-weight=\"47\" data-block-id=\"11\">\n<p class=\"content-text__container \" data-track-category=\"Link no Texto\" data-track-links=\"\">A bi\u00f3loga ressaltou que as abelhas voam alvoro\u00e7adas quando a rainha n\u00e3o est\u00e1 pr\u00f3xima. Se a rainha estiver pr\u00f3xima, elas formar\u00e3o um \u201cbolo\u201d no local. Oliveira tamb\u00e9m disse que os insetos n\u00e3o gostam de barulho excessivo e este fator pode fazer com que as abelhas se estressem.<\/p>\n<\/div>\n<div class=\"mc-column content-text active-extra-styles \" data-block-type=\"unstyled\" data-block-weight=\"15\" data-block-id=\"12\">\n<p class=\"content-text__container \" style=\"text-align: justify;\" data-track-category=\"Link no Texto\" data-track-links=\"\">Em caso de enxame, a orienta\u00e7\u00e3o \u00e9 chamar o Corpo de Bombeiros pelo telefone 193.<\/p>\n<p style=\"text-align: justify;\" data-track-category=\"Link no Texto\" data-track-links=\"\">Fonte: G1<\/p>\n<\/div>\n<\/div>\n","protected":false},"excerpt":{"rendered":"<p>Conforme o Corpo de Bombeiros, enxame estava na estrutura de uma caixa d\u2019\u00e1gua de uma casa. Ocorr\u00eancia foi registrada nesta sexta-feira (9). Um cachorro morreu ap\u00f3s ser atacado por abelhas nesta sexta-feira (9), no Jardim Bela Vista, em\u00a0Osvaldo Cruz. Conforme o Corpo de Bombeiros, o enxame atacou tamb\u00e9m a dona do animal e o apicultor [&hellip;]<\/p>\n","protected":false},"author":1,"featured_media":36736,"comment_status":"closed","ping_status":"open","sticky":false,"template":"","format":"standard","meta":{"footnotes":""},"categories":[110,2],"tags":[],"class_list":["post-36735","post","type-post","status-publish","format-standard","has-post-thumbnail","hentry","category-noticiasdestaque","category-policial"],"_links":{"self":[{"href":"https:\/\/jorgezanoni.com.br\/2019\/wp-json\/wp\/v2\/posts\/36735","targetHints":{"allow":["GET"]}}],"collection":[{"href":"https:\/\/jorgezanoni.com.br\/2019\/wp-json\/wp\/v2\/posts"}],"about":[{"href":"https:\/\/jorgezanoni.com.br\/2019\/wp-json\/wp\/v2\/types\/post"}],"author":[{"embeddable":true,"href":"https:\/\/jorgezanoni.com.br\/2019\/wp-json\/wp\/v2\/users\/1"}],"replies":[{"embeddable":true,"href":"https:\/\/jorgezanoni.com.br\/2019\/wp-json\/wp\/v2\/comments?post=36735"}],"version-history":[{"count":0,"href":"https:\/\/jorgezanoni.com.br\/2019\/wp-json\/wp\/v2\/posts\/36735\/revisions"}],"wp:featuredmedia":[{"embeddable":true,"href":"https:\/\/jorgezanoni.com.br\/2019\/wp-json\/wp\/v2\/media\/36736"}],"wp:attachment":[{"href":"https:\/\/jorgezanoni.com.br\/2019\/wp-json\/wp\/v2\/media?parent=36735"}],"wp:term":[{"taxonomy":"category","embeddable":true,"href":"https:\/\/jorgezanoni.com.br\/2019\/wp-json\/wp\/v2\/categories?post=36735"},{"taxonomy":"post_tag","embeddable":true,"href":"https:\/\/jorgezanoni.com.br\/2019\/wp-json\/wp\/v2\/tags?post=36735"}],"curies":[{"name":"wp","href":"https:\/\/api.w.org\/{rel}","templated":true}]}}