{"id":3671,"date":"2019-08-12T15:19:05","date_gmt":"2019-08-12T15:19:05","guid":{"rendered":"https:\/\/jorgezanoni.com.br\/2019\/?p=3671"},"modified":"2019-08-12T15:19:05","modified_gmt":"2019-08-12T15:19:05","slug":"responsavel-pela-vigilancia-epidemiologica-fala-sobre-falta-de-vacinas-por-conta-de-queda-de-energia-eletrica","status":"publish","type":"post","link":"https:\/\/jorgezanoni.com.br\/2019\/responsavel-pela-vigilancia-epidemiologica-fala-sobre-falta-de-vacinas-por-conta-de-queda-de-energia-eletrica\/","title":{"rendered":"Respons\u00e1vel pela Vigil\u00e2ncia Epidemiol\u00f3gica fala sobre falta de Vacinas por conta de queda de Energia El\u00e9trica"},"content":{"rendered":"<p><iframe loading=\"lazy\" src=\"https:\/\/www.facebook.com\/plugins\/video.php?href=https%3A%2F%2Fwww.facebook.com%2Fjorgezanonidracena%2Fvideos%2F2909571002449843%2F&#038;show_text=0&#038;width=560\" width=\"560\" height=\"315\" style=\"border:none;overflow:hidden\" scrolling=\"no\" frameborder=\"0\" allowTransparency=\"true\" allowFullScreen=\"true\"><\/iframe><\/p>\n<p>A respons\u00e1vel pela Vigil\u00e2ncia Epidemiol\u00f3gica Karina Akiyama, falou com exclusividade ao Site JZ, da falta de Vacinas provocado provavelmente por um curto-circu\u00edto durante o final de semana<\/p>\n","protected":false},"excerpt":{"rendered":"<p>A respons\u00e1vel pela Vigil\u00e2ncia Epidemiol\u00f3gica Karina Akiyama, falou com exclusividade ao Site JZ, da falta de Vacinas provocado provavelmente por um curto-circu\u00edto durante o final de semana<\/p>\n","protected":false},"author":1,"featured_media":3672,"comment_status":"closed","ping_status":"open","sticky":false,"template":"","format":"video","meta":{"footnotes":""},"categories":[169],"tags":[],"class_list":["post-3671","post","type-post","status-publish","format-video","has-post-thumbnail","hentry","category-videos","post_format-post-format-video"],"_links":{"self":[{"href":"https:\/\/jorgezanoni.com.br\/2019\/wp-json\/wp\/v2\/posts\/3671","targetHints":{"allow":["GET"]}}],"collection":[{"href":"https:\/\/jorgezanoni.com.br\/2019\/wp-json\/wp\/v2\/posts"}],"about":[{"href":"https:\/\/jorgezanoni.com.br\/2019\/wp-json\/wp\/v2\/types\/post"}],"author":[{"embeddable":true,"href":"https:\/\/jorgezanoni.com.br\/2019\/wp-json\/wp\/v2\/users\/1"}],"replies":[{"embeddable":true,"href":"https:\/\/jorgezanoni.com.br\/2019\/wp-json\/wp\/v2\/comments?post=3671"}],"version-history":[{"count":0,"href":"https:\/\/jorgezanoni.com.br\/2019\/wp-json\/wp\/v2\/posts\/3671\/revisions"}],"wp:featuredmedia":[{"embeddable":true,"href":"https:\/\/jorgezanoni.com.br\/2019\/wp-json\/wp\/v2\/media\/3672"}],"wp:attachment":[{"href":"https:\/\/jorgezanoni.com.br\/2019\/wp-json\/wp\/v2\/media?parent=3671"}],"wp:term":[{"taxonomy":"category","embeddable":true,"href":"https:\/\/jorgezanoni.com.br\/2019\/wp-json\/wp\/v2\/categories?post=3671"},{"taxonomy":"post_tag","embeddable":true,"href":"https:\/\/jorgezanoni.com.br\/2019\/wp-json\/wp\/v2\/tags?post=3671"}],"curies":[{"name":"wp","href":"https:\/\/api.w.org\/{rel}","templated":true}]}}