{"id":36686,"date":"2020-10-10T00:27:15","date_gmt":"2020-10-10T00:27:15","guid":{"rendered":"https:\/\/jorgezanoni.com.br\/2019\/?p=36686"},"modified":"2020-10-10T00:27:15","modified_gmt":"2020-10-10T00:27:15","slug":"filho-e-preso-por-matar-a-mae-com-martelo-apos-ser-filmado-apanhando-dela-no-interior-de-sp","status":"publish","type":"post","link":"https:\/\/jorgezanoni.com.br\/2019\/filho-e-preso-por-matar-a-mae-com-martelo-apos-ser-filmado-apanhando-dela-no-interior-de-sp\/","title":{"rendered":"Filho \u00e9 preso por matar a m\u00e3e com martelo ap\u00f3s ser filmado apanhando dela no interior de SP"},"content":{"rendered":"<h2 class=\"content-head__subtitle\" style=\"text-align: justify;\"><strong>De acordo com a pol\u00edcia, homem de 35 anos ligou para uma tia confessando que havia matado a m\u00e3e por ter apanhado, em Ara\u00e7atuba. Suspeito foi preso nesta sexta-feira (9), em um conjunto habitacional.<\/strong><\/h2>\n<div class=\"mc-column content-text active-extra-styles \" data-block-type=\"unstyled\" data-block-weight=\"25\" data-block-id=\"2\">\n<p class=\"content-text__container \" style=\"text-align: justify;\" data-track-category=\"Link no Texto\" data-track-links=\"\">O homem suspeito de\u00a0<a href=\"https:\/\/g1.globo.com\/sp\/sao-jose-do-rio-preto-aracatuba\/noticia\/2020\/10\/09\/mae-e-morta-a-marteladas-pelo-proprio-filho-em-aracatuba.ghtml\">matar a m\u00e3e de 74 anos a marteladas\u00a0<\/a>foi preso em um conjunto habitacional, em Ara\u00e7atuba (SP), nesta sexta-feira (9).<\/p>\n<\/div>\n<div class=\"wall protected-content\">\n<div class=\"mc-column content-text active-extra-styles \" style=\"text-align: justify;\" data-block-type=\"unstyled\" data-block-weight=\"27\" data-block-id=\"3\">\n<p class=\"content-text__container \" data-track-category=\"Link no Texto\" data-track-links=\"\">De acordo com a Pol\u00edcia Militar, ele foi encontrado no interior de um im\u00f3vel depois de equipes avistarem o carro dele. Em seguida, foi levado \u00e0 delegacia.<\/p>\n<\/div>\n<div class=\"mc-column content-text active-extra-styles \" style=\"text-align: justify;\" data-block-type=\"unstyled\" data-block-weight=\"45\" data-block-id=\"4\">\n<p class=\"content-text__container \" data-track-category=\"Link no Texto\" data-track-links=\"\">O assassinato foi registrado na noite de quinta-feira (8), no bairro Nova Iorque, em Ara\u00e7atuba. De acordo com o boletim de ocorr\u00eancia, parentes relataram que o filho mais novo de Alzira Pinto da Silva ligou para uma tia confessando que tinha matado a m\u00e3e.<\/p>\n<\/div>\n<div class=\"mc-column content-text active-extra-styles \" style=\"text-align: justify;\" data-block-type=\"unstyled\" data-block-weight=\"51\" data-block-id=\"5\">\n<p class=\"content-text__container \" data-track-category=\"Link no Texto\" data-track-links=\"\">O motivo, segundo alegou na liga\u00e7\u00e3o, teria sido pelo fato da m\u00e3e o ter agredido no domingo (4) depois que ele chegou de um bar sob efeito de drogas e a agress\u00e3o ter sido postada nas redes sociais. No registro policial n\u00e3o informa quem teria filmado e feito a postagem.<\/p>\n<\/div>\n<div class=\"mc-column content-text active-extra-styles \" style=\"text-align: justify;\" data-block-type=\"unstyled\" data-block-weight=\"35\" data-block-id=\"6\">\n<p class=\"content-text__container \" data-track-category=\"Link no Texto\" data-track-links=\"\">Ainda segundo o boletim, um sobrinho da aposentada foi at\u00e9 a casa dela, arrombou a porta e encontrou a v\u00edtima ca\u00edda no ch\u00e3o. Uma unidade do Samu foi acionada, mas a aposentada morreu no local.<\/p>\n<\/div>\n<div class=\"mc-column content-text active-extra-styles \" style=\"text-align: justify;\" data-block-type=\"unstyled\" data-block-weight=\"29\" data-block-id=\"7\">\n<p class=\"content-text__container \" data-track-category=\"Link no Texto\" data-track-links=\"\">O caso foi registrado como homic\u00eddio qualificado, com emprego de crueldade, e feminic\u00eddio. O suspeito de matar a mulher \u00e9 irm\u00e3o do vereador professor Cl\u00e1udio Henrique da Silva.<\/p>\n<p data-track-category=\"Link no Texto\" data-track-links=\"\">Fonte: G1<\/p>\n<\/div>\n<div class=\"content-ads content-ads--reveal\" data-block-type=\"ads\" data-block-id=\"8\">\n<div id=\"banner_materia2\" class=\"tag-manager-publicidade-container mc-has-reveal mc-has-ad-lazyload\" style=\"text-align: justify;\" data-id=\"banner_materia2\"><\/div>\n<\/div>\n<div class=\"mc-column content-text active-extra-styles \" data-block-type=\"unstyled\" data-block-weight=\"11\" data-block-id=\"9\">\n<p class=\"content-text__container \" data-track-category=\"Link no Texto\" data-track-links=\"\">\n<\/div>\n<\/div>\n","protected":false},"excerpt":{"rendered":"<p>De acordo com a pol\u00edcia, homem de 35 anos ligou para uma tia confessando que havia matado a m\u00e3e por ter apanhado, em Ara\u00e7atuba. Suspeito foi preso nesta sexta-feira (9), em um conjunto habitacional. O homem suspeito de\u00a0matar a m\u00e3e de 74 anos a marteladas\u00a0foi preso em um conjunto habitacional, em Ara\u00e7atuba (SP), nesta sexta-feira [&hellip;]<\/p>\n","protected":false},"author":1,"featured_media":36687,"comment_status":"closed","ping_status":"open","sticky":false,"template":"","format":"standard","meta":{"footnotes":""},"categories":[110,2],"tags":[],"class_list":["post-36686","post","type-post","status-publish","format-standard","has-post-thumbnail","hentry","category-noticiasdestaque","category-policial"],"_links":{"self":[{"href":"https:\/\/jorgezanoni.com.br\/2019\/wp-json\/wp\/v2\/posts\/36686","targetHints":{"allow":["GET"]}}],"collection":[{"href":"https:\/\/jorgezanoni.com.br\/2019\/wp-json\/wp\/v2\/posts"}],"about":[{"href":"https:\/\/jorgezanoni.com.br\/2019\/wp-json\/wp\/v2\/types\/post"}],"author":[{"embeddable":true,"href":"https:\/\/jorgezanoni.com.br\/2019\/wp-json\/wp\/v2\/users\/1"}],"replies":[{"embeddable":true,"href":"https:\/\/jorgezanoni.com.br\/2019\/wp-json\/wp\/v2\/comments?post=36686"}],"version-history":[{"count":0,"href":"https:\/\/jorgezanoni.com.br\/2019\/wp-json\/wp\/v2\/posts\/36686\/revisions"}],"wp:featuredmedia":[{"embeddable":true,"href":"https:\/\/jorgezanoni.com.br\/2019\/wp-json\/wp\/v2\/media\/36687"}],"wp:attachment":[{"href":"https:\/\/jorgezanoni.com.br\/2019\/wp-json\/wp\/v2\/media?parent=36686"}],"wp:term":[{"taxonomy":"category","embeddable":true,"href":"https:\/\/jorgezanoni.com.br\/2019\/wp-json\/wp\/v2\/categories?post=36686"},{"taxonomy":"post_tag","embeddable":true,"href":"https:\/\/jorgezanoni.com.br\/2019\/wp-json\/wp\/v2\/tags?post=36686"}],"curies":[{"name":"wp","href":"https:\/\/api.w.org\/{rel}","templated":true}]}}