{"id":36683,"date":"2020-10-10T00:14:10","date_gmt":"2020-10-10T00:14:10","guid":{"rendered":"https:\/\/jorgezanoni.com.br\/2019\/?p=36683"},"modified":"2020-10-10T00:14:10","modified_gmt":"2020-10-10T00:14:10","slug":"cecil-thire-ator-e-diretor-morre-no-rio-aos-77-anos","status":"publish","type":"post","link":"https:\/\/jorgezanoni.com.br\/2019\/cecil-thire-ator-e-diretor-morre-no-rio-aos-77-anos\/","title":{"rendered":"Cecil Thir\u00e9, ator e diretor, morre no Rio aos 77 anos"},"content":{"rendered":"<h2 class=\"content-head__subtitle\" style=\"text-align: justify;\"><strong>&#8216;Lutou pela arte&#8217;, dizem filhos. Ator e diretor sofria do Mal de Parkinson e morreu de causas naturais, segundo fam\u00edlia. Ele deixou quatro filhos.<\/strong><\/h2>\n<div class=\"mc-column content-text active-extra-styles \" data-block-type=\"unstyled\" data-block-weight=\"34\" data-block-id=\"2\">\n<p class=\"content-text__container \" style=\"text-align: justify;\" data-track-category=\"Link no Texto\" data-track-links=\"\">O ator e diretor Cecil Thir\u00e9 morreu nesta sexta-feira (9) no Rio de Janeiro aos 77 anos. Ele sofria do Mal de Parkinson e morreu enquanto dormia em casa, na Zona Sul do Rio.<\/p>\n<\/div>\n<div class=\"wall protected-content\">\n<div class=\"mc-column content-text active-extra-styles \" style=\"text-align: justify;\" data-block-type=\"unstyled\" data-block-weight=\"58\" data-block-id=\"3\">\n<p class=\"content-text__container \" data-track-category=\"Link no Texto\" data-track-links=\"\">Cecil Aldary Portocarrero Thir\u00e9 nasceu em 28 de maio de 1943 no Rio de Janeiro. Ele foi o filho \u00fanico do casamento entre a atriz T\u00f4nia Carrero e o artista pl\u00e1stico Carlos Arthur Thir\u00e9. Uma de suas \u00faltimas apari\u00e7\u00f5es em p\u00fablico foi durante o vel\u00f3rio de sua m\u00e3e, que\u00a0<a href=\"https:\/\/g1.globo.com\/rj\/rio-de-janeiro\/noticia\/atriz-tonia-carrero-morre-no-rio-de-janeiro.ghtml\">morreu em mar\u00e7o<\/a>\u00a0de 2018 ap\u00f3s uma parada card\u00edaca.<\/p>\n<\/div>\n<div class=\"mc-column content-text active-extra-styles \" style=\"text-align: justify;\" data-block-type=\"unstyled\" data-block-weight=\"29\" data-block-id=\"4\">\n<p class=\"content-text__container \" data-track-category=\"Link no Texto\" data-track-links=\"\">Thir\u00e9 seguiu a tradi\u00e7\u00e3o art\u00edstica da fam\u00edlia desde a adolesc\u00eancia e trabalhou com teatro, cinema e televis\u00e3o. O primeiro curta-metragem que dirigiu foi &#8220;Os Mendigos&#8221; aos 19 anos.<\/p>\n<\/div>\n<div class=\"mc-column content-text active-extra-styles\" style=\"text-align: justify;\" data-block-type=\"raw\" data-block-weight=\"18\" data-block-id=\"5\">\n<ul class=\"content-unordered-list\">\n<li><a href=\"https:\/\/g1.globo.com\/pop-arte\/noticia\/2020\/10\/09\/cecil-thire-relembre-a-carreira-do-ator-e-diretor-em-fotos.ghtml\">Relembre a carreira do ator e diretor em FOTOS<\/a><\/li>\n<li><a href=\"https:\/\/g1.globo.com\/pop-arte\/noticia\/2020\/10\/09\/cecil-thire-famosos-lamentam-morte-do-ator.ghtml\">REPERCUSS\u00c3O: Claudia Raia, Walcir Carrasco e mais artistas lamentam<\/a><\/li>\n<\/ul>\n<\/div>\n<div class=\"row medium-uncollapsed content-media content-photo\" style=\"text-align: justify;\" data-block-type=\"backstage-photo\" data-block-id=\"6\">\n<div class=\"mc-column content-media__container\">\n<figure><img decoding=\"async\" class=\"i-amphtml-fill-content i-amphtml-replaced-content\" src=\"https:\/\/s2.glbimg.com\/9z_AXE154F_CcKsVEgTVhHQLxDk=\/0x0:1890x1257\/984x0\/smart\/filters:strip_icc()\/i.s3.glbimg.com\/v1\/AUTH_59edd422c0c84a879bd37670ae4f538a\/internal_photos\/bs\/2020\/6\/V\/Ln0SqfTXGcNfCZLdMmdw\/assets-fotos-645-138149.jpg\" sizes=\"(max-width: 1366px) 648px, 100vw\" srcset=\"https:\/\/s2.glbimg.com\/ZllmgWcMPXqKx-G-tYbcI3fV42M=\/0x0:1890x1257\/1000x0\/smart\/filters:strip_icc()\/i.s3.glbimg.com\/v1\/AUTH_59edd422c0c84a879bd37670ae4f538a\/internal_photos\/bs\/2020\/6\/V\/Ln0SqfTXGcNfCZLdMmdw\/assets-fotos-645-138149.jpg 1000w, https:\/\/s2.glbimg.com\/9z_AXE154F_CcKsVEgTVhHQLxDk=\/0x0:1890x1257\/984x0\/smart\/filters:strip_icc()\/i.s3.glbimg.com\/v1\/AUTH_59edd422c0c84a879bd37670ae4f538a\/internal_photos\/bs\/2020\/6\/V\/Ln0SqfTXGcNfCZLdMmdw\/assets-fotos-645-138149.jpg 984w, https:\/\/s2.glbimg.com\/IPTvu9ARTnAFKiWOizGxQajPxes=\/0x0:1890x1257\/640x0\/smart\/filters:strip_icc()\/i.s3.glbimg.com\/v1\/AUTH_59edd422c0c84a879bd37670ae4f538a\/internal_photos\/bs\/2020\/6\/V\/Ln0SqfTXGcNfCZLdMmdw\/assets-fotos-645-138149.jpg 640w, https:\/\/s2.glbimg.com\/3fKcym5AapcIsaMXlI546BFUB8o=\/0x0:1890x1257\/600x0\/smart\/filters:strip_icc()\/i.s3.glbimg.com\/v1\/AUTH_59edd422c0c84a879bd37670ae4f538a\/internal_photos\/bs\/2020\/6\/V\/Ln0SqfTXGcNfCZLdMmdw\/assets-fotos-645-138149.jpg 600w\" alt=\"Cecil Thir\u00e9 e Xuxa Lopes \u2014 Foto: TV Globo\/Christiana Carvalho\" \/><\/figure>\n<p class=\"content-media__description \">Cecil Thir\u00e9 e Xuxa Lopes \u2014 Foto: TV Globo\/Christiana Carvalho<\/p>\n<\/div>\n<\/div>\n<div class=\"content-ads content-ads--reveal\" style=\"text-align: justify;\" data-block-type=\"ads\" data-block-id=\"7\">\n<div id=\"banner_materia2\" class=\"tag-manager-publicidade-container mc-has-reveal mc-has-ad-lazyload\" data-id=\"banner_materia2\"><\/div>\n<\/div>\n<div class=\"row medium-uncollapsed content-media content-photo\" style=\"text-align: justify;\" data-block-type=\"backstage-photo\" data-block-id=\"8\">\n<div class=\"mc-column content-media__container\">\n<figure><img decoding=\"async\" class=\"i-amphtml-fill-content i-amphtml-replaced-content\" src=\"https:\/\/s2.glbimg.com\/W8tdFmBb60pGSdZOjY00cFzfQZc=\/0x0:652x408\/984x0\/smart\/filters:strip_icc()\/i.s3.glbimg.com\/v1\/AUTH_59edd422c0c84a879bd37670ae4f538a\/internal_photos\/bs\/2020\/a\/Z\/MYkjMiSFK1AfxR8Rsfxg\/cecil3.jpg\" sizes=\"(max-width: 1366px) 648px, 100vw\" srcset=\"https:\/\/s2.glbimg.com\/JLd5XdSK7vwRRiGoyvxCkZh_TP0=\/0x0:652x408\/1000x0\/smart\/filters:strip_icc()\/i.s3.glbimg.com\/v1\/AUTH_59edd422c0c84a879bd37670ae4f538a\/internal_photos\/bs\/2020\/a\/Z\/MYkjMiSFK1AfxR8Rsfxg\/cecil3.jpg 1000w, https:\/\/s2.glbimg.com\/W8tdFmBb60pGSdZOjY00cFzfQZc=\/0x0:652x408\/984x0\/smart\/filters:strip_icc()\/i.s3.glbimg.com\/v1\/AUTH_59edd422c0c84a879bd37670ae4f538a\/internal_photos\/bs\/2020\/a\/Z\/MYkjMiSFK1AfxR8Rsfxg\/cecil3.jpg 984w, https:\/\/s2.glbimg.com\/GSFdxsIOYsYM_pm9HsOeKi3ed7g=\/0x0:652x408\/640x0\/smart\/filters:strip_icc()\/i.s3.glbimg.com\/v1\/AUTH_59edd422c0c84a879bd37670ae4f538a\/internal_photos\/bs\/2020\/a\/Z\/MYkjMiSFK1AfxR8Rsfxg\/cecil3.jpg 640w, https:\/\/s2.glbimg.com\/Xm-td1WhQnIYt_fjUPQVWBMSNvg=\/0x0:652x408\/600x0\/smart\/filters:strip_icc()\/i.s3.glbimg.com\/v1\/AUTH_59edd422c0c84a879bd37670ae4f538a\/internal_photos\/bs\/2020\/a\/Z\/MYkjMiSFK1AfxR8Rsfxg\/cecil3.jpg 600w\" alt=\"Cecil Thir\u00e9 com Malu Mader na novela 'Top model' \u2014 Foto: Reprodu\u00e7\u00e3o\/TV Globo\" \/><\/figure>\n<p class=\"content-media__description \">Cecil Thir\u00e9 com Malu Mader na novela &#8216;Top model&#8217; \u2014 Foto: Reprodu\u00e7\u00e3o\/TV Globo<\/p>\n<\/div>\n<\/div>\n<div class=\"mc-column content-text active-extra-styles \" style=\"text-align: justify;\" data-block-type=\"unstyled\" data-block-weight=\"46\" data-block-id=\"9\">\n<p class=\"content-text__container \" data-track-category=\"Link no Texto\" data-track-links=\"\">Al\u00e9m de dirigir pe\u00e7as e filmes, o ator trabalhou em mais de 20 pap\u00e9is em novelas como &#8220;O Espig\u00e3o&#8221;, &#8220;Sol de Ver\u00e3o&#8221;, &#8220;Top Model&#8221; e &#8220;Celebridade&#8221;. Os maiores destaques foram nos pap\u00e9is de M\u00e1rio Liberato em &#8220;Roda de Fogo&#8221; e de Adalberto em &#8220;A Pr\u00f3xima V\u00edtima&#8221;.<\/p>\n<\/div>\n<div class=\"mc-column content-text active-extra-styles \" style=\"text-align: justify;\" data-block-type=\"unstyled\" data-block-weight=\"21\" data-block-id=\"10\">\n<p class=\"content-text__container \" data-track-category=\"Link no Texto\" data-track-links=\"\">&#8220;O Diabo mora no sangue&#8221; e &#8220;O Ibrahim do sub\u00farbio&#8221; s\u00e3o alguns dos filmes dirigidos por Thir\u00e9 nos anos 60.<\/p>\n<\/div>\n<div class=\"mc-column content-text active-extra-styles\" data-block-type=\"raw\" data-block-weight=\"5\" data-block-id=\"11\">\n<div class=\"content-intertitle\">\n<h2 style=\"text-align: justify;\">&#8216;Lutou pela arte&#8217;, diz filha<\/h2>\n<div class=\"mc-column content-text active-extra-styles \" style=\"text-align: justify;\" data-block-type=\"unstyled\" data-block-weight=\"36\" data-block-id=\"13\">\n<p class=\"content-text__container \" data-track-category=\"Link no Texto\" data-track-links=\"\">Ele foi pai de quatro filhos: Miguel Thir\u00e9, Carlos Thir\u00e9 e Lu\u00edsa Thir\u00e9, frutos do seu primeiro casamento com Norma Pesce, e de Jo\u00e3o Cavalcanti Thir\u00e9, nascido de sua uni\u00e3o com sua segunda esposa, Carolina Cavalcanti.<\/p>\n<\/div>\n<div class=\"content-ads content-ads--reveal\" style=\"text-align: justify;\" data-block-type=\"ads\" data-block-id=\"14\">\n<div id=\"banner_materia__694628c6-bd0c-412d-aa5d-4e0023b31748\" class=\"tag-manager-publicidade-container mc-has-reveal mc-has-ad-lazyload\" data-id=\"banner_materia__694628c6-bd0c-412d-aa5d-4e0023b31748\"><\/div>\n<\/div>\n<div class=\"mc-column content-text active-extra-styles \" data-block-type=\"unstyled\" data-block-weight=\"47\" data-block-id=\"15\">\n<p class=\"content-text__container \" style=\"text-align: justify;\" data-track-category=\"Link no Texto\" data-track-links=\"\">\u201cEle merecia ter o vel\u00f3rio mais lindo do mundo, cercado de gente que ele ama. Papai foi um guerreiro. Lutou pela democracia, pela arte, lutou pelo teatro. Teve quatro filhos, sete netos e foi um guerreiro at\u00e9 o \u00faltimo minuto\u201d, disse a filha de Cecil, Luisa Thir\u00e9.<\/p>\n<p style=\"text-align: justify;\" data-track-category=\"Link no Texto\" data-track-links=\"\">Fonte: https:\/\/g1.globo.com\/rj\/rio-de-janeiro\/noticia\/2020\/10\/09\/cecil-thire-morre-no-rio.ghtml<\/p>\n<\/div>\n<\/div>\n<\/div>\n<\/div>\n","protected":false},"excerpt":{"rendered":"<p>&#8216;Lutou pela arte&#8217;, dizem filhos. Ator e diretor sofria do Mal de Parkinson e morreu de causas naturais, segundo fam\u00edlia. Ele deixou quatro filhos. O ator e diretor Cecil Thir\u00e9 morreu nesta sexta-feira (9) no Rio de Janeiro aos 77 anos. Ele sofria do Mal de Parkinson e morreu enquanto dormia em casa, na Zona [&hellip;]<\/p>\n","protected":false},"author":1,"featured_media":36684,"comment_status":"closed","ping_status":"open","sticky":false,"template":"","format":"standard","meta":{"footnotes":""},"categories":[178,110],"tags":[],"class_list":["post-36683","post","type-post","status-publish","format-standard","has-post-thumbnail","hentry","category-notadefalecimento","category-noticiasdestaque"],"_links":{"self":[{"href":"https:\/\/jorgezanoni.com.br\/2019\/wp-json\/wp\/v2\/posts\/36683","targetHints":{"allow":["GET"]}}],"collection":[{"href":"https:\/\/jorgezanoni.com.br\/2019\/wp-json\/wp\/v2\/posts"}],"about":[{"href":"https:\/\/jorgezanoni.com.br\/2019\/wp-json\/wp\/v2\/types\/post"}],"author":[{"embeddable":true,"href":"https:\/\/jorgezanoni.com.br\/2019\/wp-json\/wp\/v2\/users\/1"}],"replies":[{"embeddable":true,"href":"https:\/\/jorgezanoni.com.br\/2019\/wp-json\/wp\/v2\/comments?post=36683"}],"version-history":[{"count":0,"href":"https:\/\/jorgezanoni.com.br\/2019\/wp-json\/wp\/v2\/posts\/36683\/revisions"}],"wp:featuredmedia":[{"embeddable":true,"href":"https:\/\/jorgezanoni.com.br\/2019\/wp-json\/wp\/v2\/media\/36684"}],"wp:attachment":[{"href":"https:\/\/jorgezanoni.com.br\/2019\/wp-json\/wp\/v2\/media?parent=36683"}],"wp:term":[{"taxonomy":"category","embeddable":true,"href":"https:\/\/jorgezanoni.com.br\/2019\/wp-json\/wp\/v2\/categories?post=36683"},{"taxonomy":"post_tag","embeddable":true,"href":"https:\/\/jorgezanoni.com.br\/2019\/wp-json\/wp\/v2\/tags?post=36683"}],"curies":[{"name":"wp","href":"https:\/\/api.w.org\/{rel}","templated":true}]}}