{"id":36669,"date":"2020-10-09T22:02:22","date_gmt":"2020-10-09T22:02:22","guid":{"rendered":"https:\/\/jorgezanoni.com.br\/2019\/?p=36669"},"modified":"2020-10-09T22:07:39","modified_gmt":"2020-10-09T22:07:39","slug":"mulher-e-atuada-em-r-6-mil-pela-pm-ambiental-por-maus-tratos-e-morte-de-cachorro","status":"publish","type":"post","link":"https:\/\/jorgezanoni.com.br\/2019\/mulher-e-atuada-em-r-6-mil-pela-pm-ambiental-por-maus-tratos-e-morte-de-cachorro\/","title":{"rendered":"Mulher \u00e9 atuada em R$ 6 mil pela PM Ambiental por maus tratos e morte de cachorro em Dracena"},"content":{"rendered":"<h2 class=\"subtitulo\" style=\"text-align: justify;\"><strong>Animal morreu por desnutri\u00e7\u00e3o, desidrata\u00e7\u00e3o e anemia profunda.<\/strong><\/h2>\n<p style=\"font-weight: 400; text-align: justify;\">Nesta sexta-feira (9), durante continua\u00e7\u00e3o da Opera\u00e7\u00e3o Francisco de Assis, uma equipe da Pol\u00edcia Militar Ambiental foi atender uma den\u00fancia de maus tratos a um animal dom\u00e9stico (cachorro) no munic\u00edpio de Dracena.<\/p>\n<p style=\"font-weight: 400; text-align: justify;\">Chegando ao local os policiais foram informados que uma ONG j\u00e1 havia recolhido o c\u00e3o e levado at\u00e9 uma cl\u00ednica veterin\u00e1ria devido ao estado cr\u00edtico que o animal se encontrava.<\/p>\n<p><img loading=\"lazy\" decoding=\"async\" class=\"alignnone size-full wp-image-36670\" src=\"https:\/\/jorgezanoni.com.br\/2019\/wp-content\/uploads\/2020\/10\/cachorro1.jpg\" alt=\"\" width=\"581\" height=\"1032\" srcset=\"https:\/\/jorgezanoni.com.br\/2019\/wp-content\/uploads\/2020\/10\/cachorro1.jpg 581w, https:\/\/jorgezanoni.com.br\/2019\/wp-content\/uploads\/2020\/10\/cachorro1-169x300.jpg 169w, https:\/\/jorgezanoni.com.br\/2019\/wp-content\/uploads\/2020\/10\/cachorro1-576x1024.jpg 576w, https:\/\/jorgezanoni.com.br\/2019\/wp-content\/uploads\/2020\/10\/cachorro1-236x420.jpg 236w\" sizes=\"auto, (max-width: 581px) 100vw, 581px\" \/><\/p>\n<p style=\"text-align: justify;\">Ao chegar \u00e0 cl\u00ednica veterin\u00e1ria o animal j\u00e1 tinha morrido por desnutri\u00e7\u00e3o, desidrata\u00e7\u00e3o e anemia profunda, conforme laudo de m\u00e9dico veterin\u00e1rio.<\/p>\n<p style=\"font-weight: 400; text-align: justify;\">Diante das constata\u00e7\u00f5es foi elaborado em desfavor da envolvida (uma mulher de 34 anos) um Auto de Infra\u00e7\u00e3o Ambiental por maus tratos a animais no valor de R$ 6 mil, conforme Artigo 29 da Resolu\u00e7\u00e3o SMA 48\/2014.<\/p>\n<p style=\"font-weight: 400; text-align: justify;\">A PM Ambiental destaca que em casos de maus tratos o valor da multa \u00e9 de R$ 3 mil por animal, mas nesse caso foi elaborada a multa em dobro pelo fato do animal ter vindo a \u00f3bito.<\/p>\n<p style=\"font-weight: 400; text-align: justify;\">Penalmente, segundo a corpora\u00e7\u00e3o, a mulher infringiu o artigo 32 da Lei n\u00ba 9605\/98.<\/p>\n<p style=\"text-align: justify;\">Fonte: simais.com<\/p>\n<p>&nbsp;<\/p>\n<p>&nbsp;<\/p>\n<p>&nbsp;<\/p>\n<p>&nbsp;<\/p>\n","protected":false},"excerpt":{"rendered":"<p>Animal morreu por desnutri\u00e7\u00e3o, desidrata\u00e7\u00e3o e anemia profunda. Nesta sexta-feira (9), durante continua\u00e7\u00e3o da Opera\u00e7\u00e3o Francisco de Assis, uma equipe da Pol\u00edcia Militar Ambiental foi atender uma den\u00fancia de maus tratos a um animal dom\u00e9stico (cachorro) no munic\u00edpio de Dracena. Chegando ao local os policiais foram informados que uma ONG j\u00e1 havia recolhido o c\u00e3o [&hellip;]<\/p>\n","protected":false},"author":1,"featured_media":36671,"comment_status":"closed","ping_status":"open","sticky":false,"template":"","format":"standard","meta":{"footnotes":""},"categories":[195,179,110],"tags":[],"class_list":["post-36669","post","type-post","status-publish","format-standard","has-post-thumbnail","hentry","category-adamantina","category-cidadeseregiao","category-noticiasdestaque"],"_links":{"self":[{"href":"https:\/\/jorgezanoni.com.br\/2019\/wp-json\/wp\/v2\/posts\/36669","targetHints":{"allow":["GET"]}}],"collection":[{"href":"https:\/\/jorgezanoni.com.br\/2019\/wp-json\/wp\/v2\/posts"}],"about":[{"href":"https:\/\/jorgezanoni.com.br\/2019\/wp-json\/wp\/v2\/types\/post"}],"author":[{"embeddable":true,"href":"https:\/\/jorgezanoni.com.br\/2019\/wp-json\/wp\/v2\/users\/1"}],"replies":[{"embeddable":true,"href":"https:\/\/jorgezanoni.com.br\/2019\/wp-json\/wp\/v2\/comments?post=36669"}],"version-history":[{"count":0,"href":"https:\/\/jorgezanoni.com.br\/2019\/wp-json\/wp\/v2\/posts\/36669\/revisions"}],"wp:featuredmedia":[{"embeddable":true,"href":"https:\/\/jorgezanoni.com.br\/2019\/wp-json\/wp\/v2\/media\/36671"}],"wp:attachment":[{"href":"https:\/\/jorgezanoni.com.br\/2019\/wp-json\/wp\/v2\/media?parent=36669"}],"wp:term":[{"taxonomy":"category","embeddable":true,"href":"https:\/\/jorgezanoni.com.br\/2019\/wp-json\/wp\/v2\/categories?post=36669"},{"taxonomy":"post_tag","embeddable":true,"href":"https:\/\/jorgezanoni.com.br\/2019\/wp-json\/wp\/v2\/tags?post=36669"}],"curies":[{"name":"wp","href":"https:\/\/api.w.org\/{rel}","templated":true}]}}