{"id":36658,"date":"2020-10-09T16:22:56","date_gmt":"2020-10-09T16:22:56","guid":{"rendered":"https:\/\/jorgezanoni.com.br\/2019\/?p=36658"},"modified":"2020-10-09T16:22:56","modified_gmt":"2020-10-09T16:22:56","slug":"em-nova-atualizacao-do-plano-sao-paulo-oeste-paulista-permanece-na-fase-amarela","status":"publish","type":"post","link":"https:\/\/jorgezanoni.com.br\/2019\/em-nova-atualizacao-do-plano-sao-paulo-oeste-paulista-permanece-na-fase-amarela\/","title":{"rendered":"Em nova atualiza\u00e7\u00e3o do Plano S\u00e3o Paulo, Oeste Paulista permanece na fase amarela"},"content":{"rendered":"<h2 class=\"content-head__subtitle\" style=\"text-align: justify;\"><strong>Munic\u00edpios pertencentes aos Departamentos Regionais de Sa\u00fade (DRSs) de Mar\u00edlia e de Presidente Prudente est\u00e3o na etapa menos restritiva desde o dia 8 de setembro.<\/strong><\/h2>\n<div class=\"mc-column content-text active-extra-styles \" style=\"text-align: justify;\" data-block-type=\"unstyled\" data-block-weight=\"28\" data-block-id=\"2\">\n<p class=\"content-text__container \" data-track-category=\"Link no Texto\" data-track-links=\"\">Na nova atualiza\u00e7\u00e3o do\u00a0<a href=\"https:\/\/www.saopaulo.sp.gov.br\/wp-content\/uploads\/2020\/09\/13-balanco-plano-sp-04092020.pdf\" target=\"_blank\" rel=\"noopener noreferrer\">Plano S\u00e3o Paulo<\/a>\u00a0feita pelo governo do Estado de S\u00e3o Paulo nesta sexta-feira (9), os 56 munic\u00edpios do Oeste Paulista permanecem na fase amarela.<\/p>\n<\/div>\n<div class=\"wall protected-content\">\n<div class=\"mc-column content-text active-extra-styles \" style=\"text-align: justify;\" data-block-type=\"unstyled\" data-block-weight=\"54\" data-block-id=\"3\">\n<p class=\"content-text__container \" data-track-category=\"Link no Texto\" data-track-links=\"\">Os Departamentos Regionais de Sa\u00fade (DRSs) de\u00a0<a href=\"https:\/\/g1.globo.com\/sp\/bauru-marilia\/cidade\/marilia\/\">Mar\u00edlia<\/a>\u00a0e de\u00a0<a href=\"https:\/\/g1.globo.com\/sp\/presidente-prudente-regiao\/cidade\/presidente-prudente\/\">Presidente Prudente<\/a>, aos quais est\u00e3o vinculadas as 56 cidades do Oeste Paulista tiveram a fase amarela confirmada na \u00faltima atualiza\u00e7\u00e3o do governo do Estado de S\u00e3o Paulo, no dia 4 de setembro. No entanto, a fase amarela teve in\u00edcio no dia 8 de setembro.<\/p>\n<\/div>\n<div class=\"mc-column content-text active-extra-styles \" style=\"text-align: justify;\" data-block-type=\"unstyled\" data-block-weight=\"20\" data-block-id=\"4\">\n<p class=\"content-text__container \" data-track-category=\"Link no Texto\" data-track-links=\"\">Desde o in\u00edcio da fase amarela,\u00a0<a href=\"https:\/\/g1.globo.com\/sp\/presidente-prudente-regiao\/noticia\/2020\/10\/09\/em-pouco-mais-de-um-mes-na-fase-amarela-presidente-prudente-registra-1092-casos-de-covid-19-e-38-mortes-causadas-pelo-novo-coronavirus.ghtml\">Presidente Prudente registrou 1.092 casos de Covid-19 e 38 mortes<\/a>\u00a0causadas pelo novo coronav\u00edrus.<\/p>\n<\/div>\n<div class=\"mc-column content-text active-extra-styles\" style=\"text-align: justify;\" data-block-type=\"raw\" data-block-weight=\"23\" data-block-id=\"5\">\n<ul class=\"content-unordered-list\">\n<li><a href=\"https:\/\/g1.globo.com\/sp\/presidente-prudente-regiao\/noticia\/2020\/10\/09\/em-pouco-mais-de-um-mes-na-fase-amarela-presidente-prudente-registra-1092-casos-de-covid-19-e-38-mortes-causadas-pelo-novo-coronavirus.ghtml\">Em pouco mais de um m\u00eas na fase amarela, Presidente Prudente registra 1.092 casos de Covid-19 e 38 mortes causadas pelo novo coronav\u00edrus<\/a><\/li>\n<\/ul>\n<\/div>\n<div class=\"mc-column content-text active-extra-styles \" style=\"text-align: justify;\" data-block-type=\"unstyled\" data-block-weight=\"76\" data-block-id=\"6\">\n<p class=\"content-text__container \" data-track-category=\"Link no Texto\" data-track-links=\"\">Quando come\u00e7aram as atualiza\u00e7\u00f5es do Plano S\u00e3o Paulo, em 27 de maio, os munic\u00edpios do DRS de Presidente Prudente estavam classificados na fase amarela. Depois, em 10 de junho, regrediram para a fase vermelha, na qual permaneceram at\u00e9 10 de julho, quando subiram para a etapa laranja. Desde ent\u00e3o, esta regi\u00e3o continuava estagnada, sem evolu\u00e7\u00e3o ou decr\u00e9scimo, na fase laranja, at\u00e9 conseguir passar para a etapa amarela, que foi anunciada no dia 4 de setembro.<\/p>\n<\/div>\n<div class=\"mc-column content-text active-extra-styles \" style=\"text-align: justify;\" data-block-type=\"unstyled\" data-block-weight=\"80\" data-block-id=\"8\">\n<p class=\"content-text__container \" data-track-category=\"Link no Texto\" data-track-links=\"\">J\u00e1 os munic\u00edpios do DRS de Mar\u00edlia come\u00e7aram, em 27 de maio, na fase laranja. Em 19 de junho, deca\u00edram para a fase vermelha. Em 10 de julho, subiram para a fase laranja, na qual ficaram at\u00e9 a atualiza\u00e7\u00e3o feita em 7 de agosto, quando evolu\u00edram pela primeira vez para a etapa amarela. No dia 21 de agosto, voltaram a regredir para a fase laranja, na qual permaneceram at\u00e9 o dia 4 de setembro, quando retornaram para a etapa amarela.<\/p>\n<\/div>\n<div class=\"mc-column content-text active-extra-styles \" style=\"text-align: justify;\" data-block-type=\"unstyled\" data-block-weight=\"30\" data-block-id=\"9\">\n<p class=\"content-text__container \" data-track-category=\"Link no Texto\" data-track-links=\"\">A fase amarela permite reabrir bares, restaurantes e sal\u00f5es de beleza com 40% da capacidade, al\u00e9m de academias com 30% de vagas e expediente limitado a oito horas por dia.<\/p>\n<\/div>\n<div class=\"mc-column content-text active-extra-styles\" style=\"text-align: justify;\" data-block-type=\"raw\" data-block-weight=\"10\" data-block-id=\"10\">\n<ul class=\"content-unordered-list\">\n<li><a href=\"https:\/\/www.saopaulo.sp.gov.br\/wp-content\/uploads\/2020\/09\/13-balanco-plano-sp-04092020.pdf\" target=\"_blank\" rel=\"noopener noreferrer\">Clique aqui e confira os dados do Plano S\u00e3o Paulo<\/a><\/li>\n<\/ul>\n<\/div>\n<div class=\"mc-column content-text active-extra-styles\" style=\"text-align: justify;\" data-block-type=\"raw\" data-block-weight=\"3\" data-block-id=\"11\">\n<div class=\"content-intertitle\">\n<h2>Plano S\u00e3o Paulo<\/h2>\n<\/div>\n<\/div>\n<div class=\"mc-column content-text active-extra-styles \" style=\"text-align: justify;\" data-block-type=\"unstyled\" data-block-weight=\"63\" data-block-id=\"12\">\n<p class=\"content-text__container \" data-track-category=\"Link no Texto\" data-track-links=\"\">Para come\u00e7ar a reabertura do Estado em 1\u00ba de junho, o governo dividiu o territ\u00f3rio de acordo com os 17 Departamentos Regionais de Sa\u00fade. A Grande S\u00e3o Paulo foi subdividida em outras 6 regi\u00f5es, uma para a capital e outras 5 para cada grupo de cidades da Regi\u00e3o Metropolitana. A flexibiliza\u00e7\u00e3o da quarentena \u00e9 feita de modo diferente em cada uma dessas regi\u00f5es.<\/p>\n<\/div>\n<div class=\"mc-column content-text active-extra-styles \" style=\"text-align: justify;\" data-block-type=\"unstyled\" data-block-weight=\"9\" data-block-id=\"13\">\n<p class=\"content-text__container \" data-track-category=\"Link no Texto\" data-track-links=\"\">Os crit\u00e9rios que baseiam a classifica\u00e7\u00e3o das regi\u00f5es s\u00e3o:<\/p>\n<\/div>\n<div class=\"mc-column content-text active-extra-styles\" style=\"text-align: justify;\" data-block-type=\"raw\" data-block-weight=\"48\" data-block-id=\"14\">\n<ul class=\"content-unordered-list\">\n<li>ocupa\u00e7\u00e3o de leitos de Unidades de Terapia Intensiva;<\/li>\n<li>total de leitos por 100 mil habitantes;<\/li>\n<li>varia\u00e7\u00e3o de novas interna\u00e7\u00f5es, em compara\u00e7\u00e3o com a semana anterior;<\/li>\n<li>varia\u00e7\u00e3o de novos casos confirmados, em compara\u00e7\u00e3o com a semana anterior; e<\/li>\n<li>varia\u00e7\u00e3o de novos \u00f3bitos confirmados, em compara\u00e7\u00e3o com a semana anterior.<\/li>\n<\/ul>\n<\/div>\n<div class=\"mc-column content-text active-extra-styles \" style=\"text-align: justify;\" data-block-type=\"unstyled\" data-block-weight=\"14\" data-block-id=\"15\">\n<p class=\"content-text__container \" data-track-category=\"Link no Texto\" data-track-links=\"\">Na fase verde tamb\u00e9m s\u00e3o considerados \u00f3bitos e casos para cada 100 mil habitantes.<\/p>\n<\/div>\n<div class=\"mc-column content-text active-extra-styles \" style=\"text-align: justify;\" data-block-type=\"unstyled\" data-block-weight=\"37\" data-block-id=\"16\">\n<p class=\"content-text__container \" data-track-category=\"Link no Texto\" data-track-links=\"\">Regi\u00f5es que atingirem as fases 3 (amarela) ou 4 (verde) permanecer\u00e3o nessas fases desde que tenham indicadores semanais inferiores a 40 interna\u00e7\u00f5es por Covid-19 a cada 100 mil habitantes e 5 mortes a cada 100 mil habitantes.<\/p>\n<\/div>\n<div class=\"mc-column content-text active-extra-styles \" style=\"text-align: justify;\" data-block-type=\"unstyled\" data-block-weight=\"16\" data-block-id=\"17\">\n<p class=\"content-text__container \" data-track-category=\"Link no Texto\" data-track-links=\"\">Esses crit\u00e9rios definem em qual das cinco fases de permiss\u00e3o de reabertura a regi\u00e3o se encontra:<\/p>\n<\/div>\n<div class=\"mc-column content-text active-extra-styles\" style=\"text-align: justify;\" data-block-type=\"raw\" data-block-weight=\"28\" data-block-id=\"19\">\n<ul class=\"content-unordered-list\">\n<li>Fase 1 &#8211; Vermelha: Alerta m\u00e1ximo<\/li>\n<li>Fase 2 &#8211; Laranja: Controle<\/li>\n<li>Fase 3 &#8211; Amarela: Flexibiliza\u00e7\u00e3o<\/li>\n<li>Fase 4 &#8211; Verde: Abertura parcial<\/li>\n<li>Fase 5 &#8211; Azul: Normal controlado<\/li>\n<\/ul>\n<\/div>\n<div class=\"mc-column content-text active-extra-styles \" style=\"text-align: justify;\" data-block-type=\"unstyled\" data-block-weight=\"5\" data-block-id=\"20\">\n<p class=\"content-text__container \" data-track-category=\"Link no Texto\" data-track-links=\"\"><strong>Reabertura de setores da economia:<\/strong><\/p>\n<\/div>\n<div class=\"mc-column content-text active-extra-styles\" style=\"text-align: justify;\" data-block-type=\"raw\" data-block-weight=\"85\" data-block-id=\"21\">\n<ul class=\"content-unordered-list\">\n<li>Fase vermelha: Permitido o funcionamento apenas de servi\u00e7os essenciais.<\/li>\n<li>Fase laranja: Tamb\u00e9m podem reabrir imobili\u00e1rias, concession\u00e1rias, escrit\u00f3rios, com\u00e9rcio e shoppings podem reabrir, mas com restri\u00e7\u00f5es.<\/li>\n<li>Fase Amarela: Tamb\u00e9m podem reabrir sal\u00f5es de beleza, bares, restaurantes, academias, parques e atividades culturais com p\u00fablico sentado podem funcionar, mas com restri\u00e7\u00f5es.<\/li>\n<li>Fase verde: Tamb\u00e9m podem reabrir eventos, conven\u00e7\u00f5es e atividades culturais com p\u00fablico em p\u00e9 poder\u00e3o voltar a acontecer quando houver uma estabilidade de quatro semanas do Estado de S\u00e3o Paulo na fase verde (4), tamb\u00e9m com restri\u00e7\u00f5es.<\/li>\n<\/ul>\n<\/div>\n<div class=\"mc-column content-text active-extra-styles\" style=\"text-align: justify;\" data-block-type=\"raw\" data-block-weight=\"1\" data-block-id=\"22\">\n<div class=\"content-intertitle\">\n<h2>Abrang\u00eancia<\/h2>\n<\/div>\n<\/div>\n<div class=\"mc-column content-text active-extra-styles \" style=\"text-align: justify;\" data-block-type=\"unstyled\" data-block-weight=\"12\" data-block-id=\"23\">\n<p class=\"content-text__container \" data-track-category=\"Link no Texto\" data-track-links=\"\">Ao Departamento Regional de Sa\u00fade de Presidente Prudente pertencem as seguintes cidades:<\/p>\n<\/div>\n<div class=\"mc-column content-text active-extra-styles\" style=\"text-align: justify;\" data-block-type=\"raw\" data-block-weight=\"75\" data-block-id=\"24\">\n<ul class=\"content-unordered-list\">\n<li>Alfredo Marcondes<\/li>\n<li>\u00c1lvares Machado<\/li>\n<li>Anhumas<\/li>\n<li>Caiabu<\/li>\n<li>Caiu\u00e1<\/li>\n<li>Dracena<\/li>\n<li>Emilian\u00f3polis<\/li>\n<li>Estrela do Norte<\/li>\n<li>Euclides da Cunha Paulista<\/li>\n<li>Flora Rica<\/li>\n<li>Iep\u00ea<\/li>\n<li>Indiana<\/li>\n<li>Irapuru<\/li>\n<li>Jo\u00e3o Ramalho<\/li>\n<li>Junqueir\u00f3polis<\/li>\n<li>Marab\u00e1 Paulista<\/li>\n<li>Martin\u00f3polis<\/li>\n<li>Mirante do Paranapanema<\/li>\n<li>Monte Castelo<\/li>\n<li>Nantes<\/li>\n<li>Narandiba<\/li>\n<li>Nova Guataporanga<\/li>\n<li>Ouro Verde<\/li>\n<li>Panorama<\/li>\n<li>Paulic\u00e9ia<\/li>\n<li>Piquerobi<\/li>\n<li>Pirapozinho<\/li>\n<li>Presidente Bernardes<\/li>\n<li>Presidente Epit\u00e1cio<\/li>\n<li>Presidente Prudente<\/li>\n<li>Presidente Venceslau<\/li>\n<li>Rancharia<\/li>\n<li>Regente Feij\u00f3<\/li>\n<li>Ribeir\u00e3o dos \u00cdndios<\/li>\n<li>Rosana<\/li>\n<li>Sandovalina<\/li>\n<li>Santa Mercedes<\/li>\n<li>Santo Anast\u00e1cio<\/li>\n<li>Santo Expedito<\/li>\n<li>S\u00e3o Jo\u00e3o do Pau D&#8217;alho<\/li>\n<li>Taciba<\/li>\n<li>Tarabai<\/li>\n<li>Teodoro Sampaio<\/li>\n<li>Tupi Paulista<\/li>\n<\/ul>\n<\/div>\n<div class=\"mc-column content-text active-extra-styles \" style=\"text-align: justify;\" data-block-type=\"unstyled\" data-block-weight=\"13\" data-block-id=\"25\">\n<p class=\"content-text__container \" data-track-category=\"Link no Texto\" data-track-links=\"\">J\u00e1 as cidades do Oeste Paulista que pertencem ao DRS de Mar\u00edlia s\u00e3o:<\/p>\n<\/div>\n<div class=\"mc-column content-text active-extra-styles\" data-block-type=\"raw\" data-block-weight=\"15\" data-block-id=\"26\">\n<ul class=\"content-unordered-list\" style=\"text-align: justify;\">\n<li>Adamantina<\/li>\n<li>Fl\u00f3rida Paulista<\/li>\n<li>In\u00fabia Paulista<\/li>\n<li>Luc\u00e9lia<\/li>\n<li>Mari\u00e1polis<\/li>\n<li>Osvaldo Cruz<\/li>\n<li>Pacaembu<\/li>\n<li>Parapu\u00e3<\/li>\n<li>Pracinha<\/li>\n<li>Rin\u00f3polis<\/li>\n<li>Sagres<\/li>\n<li>Salmour\u00e3o<\/li>\n<\/ul>\n<p style=\"text-align: justify;\">Fonte: G1<\/p>\n<\/div>\n<\/div>\n","protected":false},"excerpt":{"rendered":"<p>Munic\u00edpios pertencentes aos Departamentos Regionais de Sa\u00fade (DRSs) de Mar\u00edlia e de Presidente Prudente est\u00e3o na etapa menos restritiva desde o dia 8 de setembro. Na nova atualiza\u00e7\u00e3o do\u00a0Plano S\u00e3o Paulo\u00a0feita pelo governo do Estado de S\u00e3o Paulo nesta sexta-feira (9), os 56 munic\u00edpios do Oeste Paulista permanecem na fase amarela. Os Departamentos Regionais de [&hellip;]<\/p>\n","protected":false},"author":1,"featured_media":36660,"comment_status":"closed","ping_status":"open","sticky":false,"template":"","format":"standard","meta":{"footnotes":""},"categories":[110,116],"tags":[],"class_list":["post-36658","post","type-post","status-publish","format-standard","has-post-thumbnail","hentry","category-noticiasdestaque","category-politicaeeconomia"],"_links":{"self":[{"href":"https:\/\/jorgezanoni.com.br\/2019\/wp-json\/wp\/v2\/posts\/36658","targetHints":{"allow":["GET"]}}],"collection":[{"href":"https:\/\/jorgezanoni.com.br\/2019\/wp-json\/wp\/v2\/posts"}],"about":[{"href":"https:\/\/jorgezanoni.com.br\/2019\/wp-json\/wp\/v2\/types\/post"}],"author":[{"embeddable":true,"href":"https:\/\/jorgezanoni.com.br\/2019\/wp-json\/wp\/v2\/users\/1"}],"replies":[{"embeddable":true,"href":"https:\/\/jorgezanoni.com.br\/2019\/wp-json\/wp\/v2\/comments?post=36658"}],"version-history":[{"count":0,"href":"https:\/\/jorgezanoni.com.br\/2019\/wp-json\/wp\/v2\/posts\/36658\/revisions"}],"wp:featuredmedia":[{"embeddable":true,"href":"https:\/\/jorgezanoni.com.br\/2019\/wp-json\/wp\/v2\/media\/36660"}],"wp:attachment":[{"href":"https:\/\/jorgezanoni.com.br\/2019\/wp-json\/wp\/v2\/media?parent=36658"}],"wp:term":[{"taxonomy":"category","embeddable":true,"href":"https:\/\/jorgezanoni.com.br\/2019\/wp-json\/wp\/v2\/categories?post=36658"},{"taxonomy":"post_tag","embeddable":true,"href":"https:\/\/jorgezanoni.com.br\/2019\/wp-json\/wp\/v2\/tags?post=36658"}],"curies":[{"name":"wp","href":"https:\/\/api.w.org\/{rel}","templated":true}]}}