{"id":36655,"date":"2020-10-09T15:52:30","date_gmt":"2020-10-09T15:52:30","guid":{"rendered":"https:\/\/jorgezanoni.com.br\/2019\/?p=36655"},"modified":"2020-10-09T15:52:30","modified_gmt":"2020-10-09T15:52:30","slug":"vitimas-fatais-de-acidente-entre-carro-e-caminhao-eram-marido-e-mulher","status":"publish","type":"post","link":"https:\/\/jorgezanoni.com.br\/2019\/vitimas-fatais-de-acidente-entre-carro-e-caminhao-eram-marido-e-mulher\/","title":{"rendered":"V\u00edtimas fatais de acidente entre carro e caminh\u00e3o eram marido e mulher"},"content":{"rendered":"<p style=\"text-align: justify;\"><strong>As v\u00edtimas fatais no acidente que envolveu dois carros e um caminh\u00e3o na Rodovia Brigadeiro Eduardo Gomes (SP-425) em Bastos, eram marido e mulher.<\/strong><\/p>\n<p style=\"text-align: justify;\">Segundo apurado pelo N\u00facleo de Jornalismo do Grupo Folha Regional, o ajudante de pedreiro Adriano Pereira dos Santos Fernandes tinha 37 anos e a esposa que era faxineira Silvana de Souza Oliveira, 41 anos.<\/p>\n<p style=\"text-align: justify;\">Eles ocupavam um ve\u00edculo Gol com placas de Bastos e seguiam sentido a Rancharia quando ocorreu o acidente por volta das 7h.<\/p>\n<p style=\"text-align: justify;\">Tamb\u00e9m se envolveram nesta acidente al\u00e9m do carro em que estavam os bastenses e o caminh\u00e3o, um outro ve\u00edculo Gol com placas de Maraca\u00ed cujos ocupantes tiveram apenas ferimentos leves.<\/p>\n<p style=\"text-align: justify;\">Ap\u00f3s os trabalhos periciais, os corpos de Adriano e Silvana foram removidos pela Funer\u00e1ria de Parapu\u00e3 que contou com o apoio da Funer\u00e1ria Frei Galv\u00e3o de Rin\u00f3polis.<\/p>\n<p style=\"text-align: justify;\">Ap\u00f3s libera\u00e7\u00e3o da Pol\u00edcia Civil de Bastos, os corpos foram levados para o Instituto M\u00e9dico Legal de Tup\u00e3 para a realiza\u00e7\u00e3o de exames necrosc\u00f3picos.<\/p>\n<p style=\"text-align: justify;\">As causas do acidente ainda s\u00e3o desconhecidas e um laudo que ser\u00e1 emitido pela Pol\u00edcia Cient\u00edfica vai apontar o fator resultante da colis\u00e3o.<br \/>\n<strong><br \/>\nVEL\u00d3RIO E SEPULTAMENTO<\/strong><\/p>\n<p style=\"text-align: justify;\">Segundo a Funer\u00e1ria de Parapu\u00e3 e Funer\u00e1ria Frei Galv\u00e3o, ap\u00f3s a realiza\u00e7\u00e3o dos exames do IML, os corpos ser\u00e3o preparados e posteriormente ser\u00e3o velados em Bastos onde tamb\u00e9m ser\u00e3o sepultados.<\/p>\n<p style=\"text-align: justify;\">Fonte: \u00a0Folha Regional \/ Foto: Reprodu\u00e7\u00e3o &#8211; Redes Sociais<\/p>\n","protected":false},"excerpt":{"rendered":"<p>As v\u00edtimas fatais no acidente que envolveu dois carros e um caminh\u00e3o na Rodovia Brigadeiro Eduardo Gomes (SP-425) em Bastos, eram marido e mulher. Segundo apurado pelo N\u00facleo de Jornalismo do Grupo Folha Regional, o ajudante de pedreiro Adriano Pereira dos Santos Fernandes tinha 37 anos e a esposa que era faxineira Silvana de Souza [&hellip;]<\/p>\n","protected":false},"author":1,"featured_media":36656,"comment_status":"closed","ping_status":"open","sticky":false,"template":"","format":"standard","meta":{"footnotes":""},"categories":[170,110],"tags":[],"class_list":["post-36655","post","type-post","status-publish","format-standard","has-post-thumbnail","hentry","category-acidentes","category-noticiasdestaque"],"_links":{"self":[{"href":"https:\/\/jorgezanoni.com.br\/2019\/wp-json\/wp\/v2\/posts\/36655","targetHints":{"allow":["GET"]}}],"collection":[{"href":"https:\/\/jorgezanoni.com.br\/2019\/wp-json\/wp\/v2\/posts"}],"about":[{"href":"https:\/\/jorgezanoni.com.br\/2019\/wp-json\/wp\/v2\/types\/post"}],"author":[{"embeddable":true,"href":"https:\/\/jorgezanoni.com.br\/2019\/wp-json\/wp\/v2\/users\/1"}],"replies":[{"embeddable":true,"href":"https:\/\/jorgezanoni.com.br\/2019\/wp-json\/wp\/v2\/comments?post=36655"}],"version-history":[{"count":0,"href":"https:\/\/jorgezanoni.com.br\/2019\/wp-json\/wp\/v2\/posts\/36655\/revisions"}],"wp:featuredmedia":[{"embeddable":true,"href":"https:\/\/jorgezanoni.com.br\/2019\/wp-json\/wp\/v2\/media\/36656"}],"wp:attachment":[{"href":"https:\/\/jorgezanoni.com.br\/2019\/wp-json\/wp\/v2\/media?parent=36655"}],"wp:term":[{"taxonomy":"category","embeddable":true,"href":"https:\/\/jorgezanoni.com.br\/2019\/wp-json\/wp\/v2\/categories?post=36655"},{"taxonomy":"post_tag","embeddable":true,"href":"https:\/\/jorgezanoni.com.br\/2019\/wp-json\/wp\/v2\/tags?post=36655"}],"curies":[{"name":"wp","href":"https:\/\/api.w.org\/{rel}","templated":true}]}}