{"id":36639,"date":"2020-10-09T13:46:16","date_gmt":"2020-10-09T13:46:16","guid":{"rendered":"https:\/\/jorgezanoni.com.br\/2019\/?p=36639"},"modified":"2020-10-09T13:46:16","modified_gmt":"2020-10-09T13:46:16","slug":"acidente-entre-carro-e-caminhao-deixa-duas-pessoas-mortas","status":"publish","type":"post","link":"https:\/\/jorgezanoni.com.br\/2019\/acidente-entre-carro-e-caminhao-deixa-duas-pessoas-mortas\/","title":{"rendered":"Acidente entre carro e caminh\u00e3o deixa duas pessoas mortas"},"content":{"rendered":"<p style=\"text-align: justify;\">Um homem e uma mulher que estavam em ve\u00edculo placas de Bastos, morreram em um acidente grav\u00edssimo ocorrido no Rodovia Brigadeiro Eduardo Gomes (SP-457), por volta das 07h00 da manh\u00e3 desta sexta-feira (9).<\/p>\n<p style=\"text-align: justify;\">Segundo as primeiras informa\u00e7\u00f5es, o homem e a mulher estavam em um Gol, placas de Bastos, e seguiam no sentido a Rancharia quando houve a colis\u00e3o envolvendo um caminh\u00e3o com um motorista e um ajudante e outro ve\u00edculo um Gol, placas de Maraca\u00ed.<\/p>\n<p style=\"text-align: justify;\">Um dos carros colidiu na frente e outro na traseira do caminh\u00e3o. O ve\u00edculo de Maraca\u00ed e o caminh\u00e3o vinham no sentido Rancharia a Bastos.<\/p>\n<p style=\"text-align: justify;\">As causas do acidente n\u00e3o foram informadas.<\/p>\n<p style=\"text-align: justify;\">O homem e a mulher do carro de Bastos morreram presos as ferragens do ve\u00edculo e ap\u00f3s os trabalhos da Pol\u00edcia, foram removidos pela Funer\u00e1ria de Parapu\u00e3 com o apoio da Funer\u00e1ria Frei Galv\u00e3o de Rin\u00f3polis.<\/p>\n<p style=\"text-align: justify;\"><a href=\"https:\/\/i1.wp.com\/ifolharegional.com.br\/wp-content\/uploads\/2020\/10\/viatura-funeraria.jpg?ssl=1\"><img loading=\"lazy\" decoding=\"async\" class=\"aligncenter wp-image-26457 lazy loaded\" src=\"https:\/\/i1.wp.com\/ifolharegional.com.br\/wp-content\/uploads\/2020\/10\/viatura-funeraria.jpg?resize=589%2C375&amp;ssl=1\" sizes=\"auto, (max-width: 589px) 100vw, 589px\" srcset=\"https:\/\/i1.wp.com\/ifolharegional.com.br\/wp-content\/uploads\/2020\/10\/viatura-funeraria.jpg?w=800&amp;ssl=1 800w, https:\/\/i1.wp.com\/ifolharegional.com.br\/wp-content\/uploads\/2020\/10\/viatura-funeraria.jpg?resize=300%2C191&amp;ssl=1 300w, https:\/\/i1.wp.com\/ifolharegional.com.br\/wp-content\/uploads\/2020\/10\/viatura-funeraria.jpg?resize=768%2C489&amp;ssl=1 768w\" alt=\"\" width=\"589\" height=\"375\" data-attachment-id=\"26457\" data-permalink=\"https:\/\/ifolharegional.com.br\/2020\/10\/09\/acidente-entre-carro-e-caminhao-deixa-duas-pessoas-mortas\/viatura-funeraria\/\" data-orig-file=\"https:\/\/i1.wp.com\/ifolharegional.com.br\/wp-content\/uploads\/2020\/10\/viatura-funeraria.jpg?fit=800%2C509&amp;ssl=1\" data-orig-size=\"800,509\" data-comments-opened=\"0\" data-image-meta=\"{&quot;aperture&quot;:&quot;0&quot;,&quot;credit&quot;:&quot;&quot;,&quot;camera&quot;:&quot;&quot;,&quot;caption&quot;:&quot;&quot;,&quot;created_timestamp&quot;:&quot;0&quot;,&quot;copyright&quot;:&quot;&quot;,&quot;focal_length&quot;:&quot;0&quot;,&quot;iso&quot;:&quot;0&quot;,&quot;shutter_speed&quot;:&quot;0&quot;,&quot;title&quot;:&quot;&quot;,&quot;orientation&quot;:&quot;1&quot;}\" data-image-title=\"viatura-funeraria\" data-image-description=\"\" data-medium-file=\"https:\/\/i1.wp.com\/ifolharegional.com.br\/wp-content\/uploads\/2020\/10\/viatura-funeraria.jpg?fit=300%2C191&amp;ssl=1\" data-large-file=\"https:\/\/i1.wp.com\/ifolharegional.com.br\/wp-content\/uploads\/2020\/10\/viatura-funeraria.jpg?fit=740%2C471&amp;ssl=1\" data-src=\"https:\/\/i1.wp.com\/ifolharegional.com.br\/wp-content\/uploads\/2020\/10\/viatura-funeraria.jpg?resize=589%2C375&amp;ssl=1\" data-srcset=\"https:\/\/i1.wp.com\/ifolharegional.com.br\/wp-content\/uploads\/2020\/10\/viatura-funeraria.jpg?w=800&amp;ssl=1 800w, https:\/\/i1.wp.com\/ifolharegional.com.br\/wp-content\/uploads\/2020\/10\/viatura-funeraria.jpg?resize=300%2C191&amp;ssl=1 300w, https:\/\/i1.wp.com\/ifolharegional.com.br\/wp-content\/uploads\/2020\/10\/viatura-funeraria.jpg?resize=768%2C489&amp;ssl=1 768w\" data-sizes=\"(max-width: 589px) 100vw, 589px\" data-was-processed=\"true\" \/><\/a><\/p>\n<p style=\"text-align: justify;\">Fonte: Valdecir Luis de Souza \/ Bastos<\/p>\n","protected":false},"excerpt":{"rendered":"<p>Um homem e uma mulher que estavam em ve\u00edculo placas de Bastos, morreram em um acidente grav\u00edssimo ocorrido no Rodovia Brigadeiro Eduardo Gomes (SP-457), por volta das 07h00 da manh\u00e3 desta sexta-feira (9). Segundo as primeiras informa\u00e7\u00f5es, o homem e a mulher estavam em um Gol, placas de Bastos, e seguiam no sentido a Rancharia [&hellip;]<\/p>\n","protected":false},"author":1,"featured_media":36640,"comment_status":"closed","ping_status":"open","sticky":false,"template":"","format":"standard","meta":{"footnotes":""},"categories":[170,110],"tags":[],"class_list":["post-36639","post","type-post","status-publish","format-standard","has-post-thumbnail","hentry","category-acidentes","category-noticiasdestaque"],"_links":{"self":[{"href":"https:\/\/jorgezanoni.com.br\/2019\/wp-json\/wp\/v2\/posts\/36639","targetHints":{"allow":["GET"]}}],"collection":[{"href":"https:\/\/jorgezanoni.com.br\/2019\/wp-json\/wp\/v2\/posts"}],"about":[{"href":"https:\/\/jorgezanoni.com.br\/2019\/wp-json\/wp\/v2\/types\/post"}],"author":[{"embeddable":true,"href":"https:\/\/jorgezanoni.com.br\/2019\/wp-json\/wp\/v2\/users\/1"}],"replies":[{"embeddable":true,"href":"https:\/\/jorgezanoni.com.br\/2019\/wp-json\/wp\/v2\/comments?post=36639"}],"version-history":[{"count":0,"href":"https:\/\/jorgezanoni.com.br\/2019\/wp-json\/wp\/v2\/posts\/36639\/revisions"}],"wp:featuredmedia":[{"embeddable":true,"href":"https:\/\/jorgezanoni.com.br\/2019\/wp-json\/wp\/v2\/media\/36640"}],"wp:attachment":[{"href":"https:\/\/jorgezanoni.com.br\/2019\/wp-json\/wp\/v2\/media?parent=36639"}],"wp:term":[{"taxonomy":"category","embeddable":true,"href":"https:\/\/jorgezanoni.com.br\/2019\/wp-json\/wp\/v2\/categories?post=36639"},{"taxonomy":"post_tag","embeddable":true,"href":"https:\/\/jorgezanoni.com.br\/2019\/wp-json\/wp\/v2\/tags?post=36639"}],"curies":[{"name":"wp","href":"https:\/\/api.w.org\/{rel}","templated":true}]}}