{"id":36596,"date":"2020-10-09T01:46:30","date_gmt":"2020-10-09T01:46:30","guid":{"rendered":"https:\/\/jorgezanoni.com.br\/2019\/?p=36596"},"modified":"2020-10-09T01:46:30","modified_gmt":"2020-10-09T01:46:30","slug":"funcionario-morre-apos-trator-tombar-em-cima-dele-em-distrito-de-tupa","status":"publish","type":"post","link":"https:\/\/jorgezanoni.com.br\/2019\/funcionario-morre-apos-trator-tombar-em-cima-dele-em-distrito-de-tupa\/","title":{"rendered":"Funcion\u00e1rio morre ap\u00f3s trator tombar em cima dele em distrito de Tup\u00e3"},"content":{"rendered":"<h2 class=\"content-head__subtitle\" style=\"text-align: justify;\"><strong>Servidor p\u00fablico de 70 anos trabalhava nas obras de constru\u00e7\u00e3o de uma ponte sobre o Rio do Peixe quando sofreu o acidente.<\/strong><\/h2>\n<div class=\"mc-column content-text active-extra-styles \" data-block-type=\"unstyled\" data-block-weight=\"28\" data-block-id=\"2\">\n<p class=\"content-text__container \" style=\"text-align: justify;\" data-track-category=\"Link no Texto\" data-track-links=\"\">Um servidor p\u00fablico de 70 anos morreu depois que um trator tombou em cima dele na manh\u00e3 desta quinta-feira (8) no distrito de Varpa, em Tup\u00e3 (SP).<\/p>\n<\/div>\n<div class=\"wall protected-content\">\n<div class=\"mc-column content-text active-extra-styles \" style=\"text-align: justify;\" data-block-type=\"unstyled\" data-block-weight=\"31\" data-block-id=\"3\">\n<p class=\"content-text__container \" data-track-category=\"Link no Texto\" data-track-links=\"\">Segundo o Corpo de Bombeiros, Salvador Pereira de Ara\u00fajo trabalhava nas obras de constru\u00e7\u00e3o de uma ponte sobre o Rio do Peixe quando sofreu o acidente por volta das 10h.<\/p>\n<\/div>\n<div class=\"row medium-uncollapsed content-media content-photo\" style=\"text-align: justify;\" data-block-type=\"backstage-photo\" data-block-id=\"4\">\n<div class=\"mc-column content-media__container\">\n<figure><img decoding=\"async\" class=\"i-amphtml-fill-content i-amphtml-replaced-content\" src=\"https:\/\/s2.glbimg.com\/wsOrRhEl8HZheKKWQxY4W-QSPFE=\/0x0:720x715\/984x0\/smart\/filters:strip_icc()\/i.s3.glbimg.com\/v1\/AUTH_59edd422c0c84a879bd37670ae4f538a\/internal_photos\/bs\/2020\/B\/s\/EzeHmBSam1PQoyKlOSJg\/whatsapp-image-2020-10-08-at-12.47.57.jpeg\" sizes=\"(max-width: 1366px) 648px, 100vw\" srcset=\"https:\/\/s2.glbimg.com\/FStKeFLpEoxm4fp7SbSzPplk-4w=\/0x0:720x715\/1000x0\/smart\/filters:strip_icc()\/i.s3.glbimg.com\/v1\/AUTH_59edd422c0c84a879bd37670ae4f538a\/internal_photos\/bs\/2020\/B\/s\/EzeHmBSam1PQoyKlOSJg\/whatsapp-image-2020-10-08-at-12.47.57.jpeg 1000w, https:\/\/s2.glbimg.com\/wsOrRhEl8HZheKKWQxY4W-QSPFE=\/0x0:720x715\/984x0\/smart\/filters:strip_icc()\/i.s3.glbimg.com\/v1\/AUTH_59edd422c0c84a879bd37670ae4f538a\/internal_photos\/bs\/2020\/B\/s\/EzeHmBSam1PQoyKlOSJg\/whatsapp-image-2020-10-08-at-12.47.57.jpeg 984w, https:\/\/s2.glbimg.com\/kbYs3d-oAZ_G6A9qJ-SkBQ2Xqw0=\/0x0:720x715\/640x0\/smart\/filters:strip_icc()\/i.s3.glbimg.com\/v1\/AUTH_59edd422c0c84a879bd37670ae4f538a\/internal_photos\/bs\/2020\/B\/s\/EzeHmBSam1PQoyKlOSJg\/whatsapp-image-2020-10-08-at-12.47.57.jpeg 640w, https:\/\/s2.glbimg.com\/5Trj6o5xiB_PPXr3LPVayEgntz4=\/0x0:720x715\/600x0\/smart\/filters:strip_icc()\/i.s3.glbimg.com\/v1\/AUTH_59edd422c0c84a879bd37670ae4f538a\/internal_photos\/bs\/2020\/B\/s\/EzeHmBSam1PQoyKlOSJg\/whatsapp-image-2020-10-08-at-12.47.57.jpeg 600w\" alt=\"Salvador Pereira de Ara\u00fajo, de 70 anos, morreu em acidente com trator em Tup\u00e3 \u2014 Foto: Arquivo pessoal\" \/><\/figure>\n<p class=\"content-media__description \">Salvador Pereira de Ara\u00fajo, de 70 anos, morreu em acidente com trator em Tup\u00e3 \u2014 Foto: Arquivo pessoal<\/p>\n<\/div>\n<\/div>\n<div class=\"mc-column content-text active-extra-styles \" style=\"text-align: justify;\" data-block-type=\"unstyled\" data-block-weight=\"26\" data-block-id=\"5\">\n<p class=\"content-text__container \" data-track-category=\"Link no Texto\" data-track-links=\"\">Os bombeiros informaram que o homem foi socorrido com parada cardiorrespirat\u00f3ria para a Santa Casa de Tup\u00e3, mas n\u00e3o resistiu aos ferimentos e morreu no hospital.<\/p>\n<\/div>\n<div class=\"mc-column content-text active-extra-styles \" style=\"text-align: justify;\" data-block-type=\"unstyled\" data-block-weight=\"22\" data-block-id=\"6\">\n<p class=\"content-text__container \" data-track-category=\"Link no Texto\" data-track-links=\"\">A\u00a0<strong>TV TEM<\/strong>\u00a0entrou em contato com a prefeitura de Tup\u00e3, mas n\u00e3o obteve retorno at\u00e9 a \u00faltima atualiza\u00e7\u00e3o desta reportagem.<\/p>\n<\/div>\n<div class=\"content-ads content-ads--reveal\" style=\"text-align: justify;\" data-block-type=\"ads\" data-block-id=\"7\">\n<div id=\"banner_materia2\" class=\"tag-manager-publicidade-container mc-has-reveal mc-has-ad-lazyload\" data-id=\"banner_materia2\"><\/div>\n<\/div>\n<div class=\"row medium-uncollapsed content-media content-photo\" data-block-type=\"backstage-photo\" data-block-id=\"8\">\n<div class=\"mc-column content-media__container\">\n<figure style=\"text-align: justify;\"><img decoding=\"async\" class=\"i-amphtml-fill-content i-amphtml-replaced-content\" src=\"https:\/\/s2.glbimg.com\/wRrJHLb6eUJ5IETRzL0gE8gkbyk=\/0x0:720x1280\/984x0\/smart\/filters:strip_icc()\/i.s3.glbimg.com\/v1\/AUTH_59edd422c0c84a879bd37670ae4f538a\/internal_photos\/bs\/2020\/n\/l\/BwUJMcRfiiZMkVoMw48Q\/whatsapp-image-2020-10-08-at-12.47.45.jpeg\" sizes=\"(max-width: 1366px) 648px, 100vw\" srcset=\"https:\/\/s2.glbimg.com\/PuZfY_9YjgFMkS7wT6fU5MVcMyI=\/0x0:720x1280\/1000x0\/smart\/filters:strip_icc()\/i.s3.glbimg.com\/v1\/AUTH_59edd422c0c84a879bd37670ae4f538a\/internal_photos\/bs\/2020\/n\/l\/BwUJMcRfiiZMkVoMw48Q\/whatsapp-image-2020-10-08-at-12.47.45.jpeg 1000w, https:\/\/s2.glbimg.com\/wRrJHLb6eUJ5IETRzL0gE8gkbyk=\/0x0:720x1280\/984x0\/smart\/filters:strip_icc()\/i.s3.glbimg.com\/v1\/AUTH_59edd422c0c84a879bd37670ae4f538a\/internal_photos\/bs\/2020\/n\/l\/BwUJMcRfiiZMkVoMw48Q\/whatsapp-image-2020-10-08-at-12.47.45.jpeg 984w, https:\/\/s2.glbimg.com\/eH2Hwg5bGL3LObj7x216qSJtVWE=\/0x0:720x1280\/640x0\/smart\/filters:strip_icc()\/i.s3.glbimg.com\/v1\/AUTH_59edd422c0c84a879bd37670ae4f538a\/internal_photos\/bs\/2020\/n\/l\/BwUJMcRfiiZMkVoMw48Q\/whatsapp-image-2020-10-08-at-12.47.45.jpeg 640w, https:\/\/s2.glbimg.com\/9ZVrnKoSQcJ7LcDsTKKrLhClMU0=\/0x0:720x1280\/600x0\/smart\/filters:strip_icc()\/i.s3.glbimg.com\/v1\/AUTH_59edd422c0c84a879bd37670ae4f538a\/internal_photos\/bs\/2020\/n\/l\/BwUJMcRfiiZMkVoMw48Q\/whatsapp-image-2020-10-08-at-12.47.45.jpeg 600w\" alt=\"V\u00edtima trabalhava nas obras de constru\u00e7\u00e3o de uma ponte sobre o Rio do Peixe em Tup\u00e3 \u2014 Foto: Arquivo pessoal\" \/><\/figure>\n<p class=\"content-media__description \" style=\"text-align: justify;\">V\u00edtima trabalhava nas obras de constru\u00e7\u00e3o de uma ponte sobre o Rio do Peixe em Tup\u00e3 \u2014 Foto: Arquivo pessoal<\/p>\n<p style=\"text-align: justify;\">Fonte: G1<\/p>\n<\/div>\n<\/div>\n<\/div>\n","protected":false},"excerpt":{"rendered":"<p>Servidor p\u00fablico de 70 anos trabalhava nas obras de constru\u00e7\u00e3o de uma ponte sobre o Rio do Peixe quando sofreu o acidente. Um servidor p\u00fablico de 70 anos morreu depois que um trator tombou em cima dele na manh\u00e3 desta quinta-feira (8) no distrito de Varpa, em Tup\u00e3 (SP). Segundo o Corpo de Bombeiros, Salvador [&hellip;]<\/p>\n","protected":false},"author":1,"featured_media":36597,"comment_status":"closed","ping_status":"open","sticky":false,"template":"","format":"standard","meta":{"footnotes":""},"categories":[170,110],"tags":[],"class_list":["post-36596","post","type-post","status-publish","format-standard","has-post-thumbnail","hentry","category-acidentes","category-noticiasdestaque"],"_links":{"self":[{"href":"https:\/\/jorgezanoni.com.br\/2019\/wp-json\/wp\/v2\/posts\/36596","targetHints":{"allow":["GET"]}}],"collection":[{"href":"https:\/\/jorgezanoni.com.br\/2019\/wp-json\/wp\/v2\/posts"}],"about":[{"href":"https:\/\/jorgezanoni.com.br\/2019\/wp-json\/wp\/v2\/types\/post"}],"author":[{"embeddable":true,"href":"https:\/\/jorgezanoni.com.br\/2019\/wp-json\/wp\/v2\/users\/1"}],"replies":[{"embeddable":true,"href":"https:\/\/jorgezanoni.com.br\/2019\/wp-json\/wp\/v2\/comments?post=36596"}],"version-history":[{"count":0,"href":"https:\/\/jorgezanoni.com.br\/2019\/wp-json\/wp\/v2\/posts\/36596\/revisions"}],"wp:featuredmedia":[{"embeddable":true,"href":"https:\/\/jorgezanoni.com.br\/2019\/wp-json\/wp\/v2\/media\/36597"}],"wp:attachment":[{"href":"https:\/\/jorgezanoni.com.br\/2019\/wp-json\/wp\/v2\/media?parent=36596"}],"wp:term":[{"taxonomy":"category","embeddable":true,"href":"https:\/\/jorgezanoni.com.br\/2019\/wp-json\/wp\/v2\/categories?post=36596"},{"taxonomy":"post_tag","embeddable":true,"href":"https:\/\/jorgezanoni.com.br\/2019\/wp-json\/wp\/v2\/tags?post=36596"}],"curies":[{"name":"wp","href":"https:\/\/api.w.org\/{rel}","templated":true}]}}