{"id":36593,"date":"2020-10-09T01:25:08","date_gmt":"2020-10-09T01:25:08","guid":{"rendered":"https:\/\/jorgezanoni.com.br\/2019\/?p=36593"},"modified":"2020-10-09T01:25:08","modified_gmt":"2020-10-09T01:25:08","slug":"gemeos-de-72-anos-morrem-vitimas-do-novo-coronavirus-em-lucelia","status":"publish","type":"post","link":"https:\/\/jorgezanoni.com.br\/2019\/gemeos-de-72-anos-morrem-vitimas-do-novo-coronavirus-em-lucelia\/","title":{"rendered":"G\u00eameos de 72 anos morrem v\u00edtimas do novo coronav\u00edrus em Luc\u00e9lia"},"content":{"rendered":"<h2 class=\"content-head__subtitle\" style=\"text-align: justify;\"><strong>Irm\u00e3os estavam internados na Santa Casa. Um deles morreu nesta quarta-feira (7) e o outro nesta quinta-feira (8). Boletim oficial indica que o munic\u00edpio tem 98 casos positivos de Covid-19.<\/strong><\/h2>\n<p><main class=\"mc-body theme\"><\/p>\n<div class=\"mc-article-body\">\n<article>\n<div class=\"row medium-uncollapsed content-media content-photo\" data-block-type=\"backstage-photo\" data-block-id=\"0\">\n<div class=\"column medium-22 large-20 medium-centered content-media__container\">\n<figure><img decoding=\"async\" class=\"i-amphtml-fill-content i-amphtml-replaced-content\" src=\"https:\/\/s2.glbimg.com\/5eFDNr-S8wacZu5f0ltDGTQLNkI=\/0x0:1600x660\/1008x0\/smart\/filters:strip_icc()\/i.s3.glbimg.com\/v1\/AUTH_59edd422c0c84a879bd37670ae4f538a\/internal_photos\/bs\/2020\/O\/U\/h5Gk8XTAadwFaKp4AuRw\/captura-de-tela-4-.png\" srcset=\"\" alt=\"Boletim de casos de Covid-19 em Luc\u00e9lia, em 8 de outubro \u2014 Foto: Reprodu\u00e7\u00e3o\" \/><\/figure>\n<p class=\"content-media__description \" style=\"text-align: justify;\">Boletim de casos de Covid-19 em Luc\u00e9lia, em 8 de outubro \u2014 Foto: Reprodu\u00e7\u00e3o<\/p>\n<\/div>\n<\/div>\n<div class=\"mc-column content-text active-extra-styles \" style=\"text-align: justify;\" data-block-type=\"unstyled\" data-block-weight=\"20\" data-block-id=\"2\">\n<p class=\"content-text__container \" data-track-category=\"Link no Texto\" data-track-links=\"\"><a href=\"https:\/\/g1.globo.com\/sp\/presidente-prudente-regiao\/cidade\/lucelia\/\">Luc\u00e9lia\u00a0<\/a>divulgou nesta quinta-feira (8) mais duas mortes causadas pela Covid-19. Com isso, o munic\u00edpio contabiliza sete \u00f3bitos pela doen\u00e7a.<\/p>\n<\/div>\n<div class=\"wall protected-content\">\n<div class=\"mc-column content-text active-extra-styles \" style=\"text-align: justify;\" data-block-type=\"unstyled\" data-block-weight=\"32\" data-block-id=\"3\">\n<p class=\"content-text__container \" data-track-category=\"Link no Texto\" data-track-links=\"\">As v\u00edtimas foram dois homens de 72 anos, que eram irm\u00e3os g\u00eameos. Segundo a Prefeitura, um deles morreu nesta quarta-feira (7) logo ap\u00f3s ser internado. J\u00e1 o outro, faleceu nesta quinta-feira (8).<\/p>\n<\/div>\n<div class=\"mc-column content-text active-extra-styles \" style=\"text-align: justify;\" data-block-type=\"unstyled\" data-block-weight=\"8\" data-block-id=\"4\">\n<p class=\"content-text__container \" data-track-category=\"Link no Texto\" data-track-links=\"\">Ambos estavam internados na Santa Casa de Luc\u00e9lia.<\/p>\n<\/div>\n<div class=\"mc-column content-text active-extra-styles \" data-block-type=\"unstyled\" data-block-weight=\"22\" data-block-id=\"5\">\n<p class=\"content-text__container \" style=\"text-align: justify;\" data-track-category=\"Link no Texto\" data-track-links=\"\">O boletim oficial indica que a cidade tem 98 casos positivos de Covid-19. Registros suspeitos s\u00e3o 11 e j\u00e1 descartados s\u00e3o 413.<\/p>\n<p data-track-category=\"Link no Texto\" data-track-links=\"\">Fonte: G1<\/p>\n<\/div>\n<\/div>\n<\/article>\n<\/div>\n<p><\/main><\/p>\n","protected":false},"excerpt":{"rendered":"<p>Irm\u00e3os estavam internados na Santa Casa. Um deles morreu nesta quarta-feira (7) e o outro nesta quinta-feira (8). Boletim oficial indica que o munic\u00edpio tem 98 casos positivos de Covid-19. Boletim de casos de Covid-19 em Luc\u00e9lia, em 8 de outubro \u2014 Foto: Reprodu\u00e7\u00e3o Luc\u00e9lia\u00a0divulgou nesta quinta-feira (8) mais duas mortes causadas pela Covid-19. Com [&hellip;]<\/p>\n","protected":false},"author":1,"featured_media":36594,"comment_status":"closed","ping_status":"open","sticky":false,"template":"","format":"standard","meta":{"footnotes":""},"categories":[110,122],"tags":[],"class_list":["post-36593","post","type-post","status-publish","format-standard","has-post-thumbnail","hentry","category-noticiasdestaque","category-saudeeducacaoeconcurso"],"_links":{"self":[{"href":"https:\/\/jorgezanoni.com.br\/2019\/wp-json\/wp\/v2\/posts\/36593","targetHints":{"allow":["GET"]}}],"collection":[{"href":"https:\/\/jorgezanoni.com.br\/2019\/wp-json\/wp\/v2\/posts"}],"about":[{"href":"https:\/\/jorgezanoni.com.br\/2019\/wp-json\/wp\/v2\/types\/post"}],"author":[{"embeddable":true,"href":"https:\/\/jorgezanoni.com.br\/2019\/wp-json\/wp\/v2\/users\/1"}],"replies":[{"embeddable":true,"href":"https:\/\/jorgezanoni.com.br\/2019\/wp-json\/wp\/v2\/comments?post=36593"}],"version-history":[{"count":0,"href":"https:\/\/jorgezanoni.com.br\/2019\/wp-json\/wp\/v2\/posts\/36593\/revisions"}],"wp:featuredmedia":[{"embeddable":true,"href":"https:\/\/jorgezanoni.com.br\/2019\/wp-json\/wp\/v2\/media\/36594"}],"wp:attachment":[{"href":"https:\/\/jorgezanoni.com.br\/2019\/wp-json\/wp\/v2\/media?parent=36593"}],"wp:term":[{"taxonomy":"category","embeddable":true,"href":"https:\/\/jorgezanoni.com.br\/2019\/wp-json\/wp\/v2\/categories?post=36593"},{"taxonomy":"post_tag","embeddable":true,"href":"https:\/\/jorgezanoni.com.br\/2019\/wp-json\/wp\/v2\/tags?post=36593"}],"curies":[{"name":"wp","href":"https:\/\/api.w.org\/{rel}","templated":true}]}}