{"id":36590,"date":"2020-10-09T01:10:31","date_gmt":"2020-10-09T01:10:31","guid":{"rendered":"https:\/\/jorgezanoni.com.br\/2019\/?p=36590"},"modified":"2020-10-09T01:10:31","modified_gmt":"2020-10-09T01:10:31","slug":"policia-militar-ambiental-apreende-couro-de-onca-pintada-e-multa-homem-em-r-5-mil","status":"publish","type":"post","link":"https:\/\/jorgezanoni.com.br\/2019\/policia-militar-ambiental-apreende-couro-de-onca-pintada-e-multa-homem-em-r-5-mil\/","title":{"rendered":"Pol\u00edcia Militar Ambiental apreende couro de on\u00e7a-pintada e multa homem em R$ 5 mil"},"content":{"rendered":"<h2 class=\"content-head__subtitle\" style=\"text-align: justify;\"><strong>Pele do animal foi encontrada em uma resid\u00eancia, em \u00c1lvares Machado. Apreens\u00e3o foi feita durante a Opera\u00e7\u00e3o Francisco de Assis.<\/strong><\/h2>\n<div class=\"mc-column content-text active-extra-styles \" style=\"text-align: justify;\" data-block-type=\"unstyled\" data-block-weight=\"29\" data-block-id=\"2\">\n<p class=\"content-text__container \" data-track-category=\"Link no Texto\" data-track-links=\"\">A Pol\u00edcia Militar Ambiental apreendeu nesta quinta-feira (8) um couro de on\u00e7a-pintada, em uma resid\u00eancia, em\u00a0<a href=\"https:\/\/g1.globo.com\/sp\/presidente-prudente-regiao\/cidade\/alvares-machado\/\">\u00c1lvares Machado<\/a>. O morador recebeu uma multa no valor de R$ 5 mil.<\/p>\n<\/div>\n<div class=\"wall protected-content\">\n<div class=\"mc-column content-text active-extra-styles \" style=\"text-align: justify;\" data-block-type=\"unstyled\" data-block-weight=\"41\" data-block-id=\"3\">\n<p class=\"content-text__container \" data-track-category=\"Link no Texto\" data-track-links=\"\">Durante a Opera\u00e7\u00e3o Francisco de Assis, uma equipe de militares foi at\u00e9 uma resid\u00eancia para averiguar uma den\u00fancia de guarda de couro de animal silvestre. No local, os policiais fizeram contato com o morador, que autorizou a realiza\u00e7\u00e3o da vistoria.<\/p>\n<\/div>\n<div class=\"mc-column content-text active-extra-styles \" style=\"text-align: justify;\" data-block-type=\"unstyled\" data-block-weight=\"15\" data-block-id=\"4\">\n<p class=\"content-text__container \" data-track-category=\"Link no Texto\" data-track-links=\"\">Dentro de um quarto, nos fundos da resid\u00eancia, foi encontrado um couro de on\u00e7a pintada.<\/p>\n<\/div>\n<div class=\"mc-column content-text active-extra-styles \" style=\"text-align: justify;\" data-block-type=\"unstyled\" data-block-weight=\"19\" data-block-id=\"5\">\n<p class=\"content-text__container \" data-track-category=\"Link no Texto\" data-track-links=\"\">Mediante as evid\u00eancias, o homem foi autuado em R$ 5 mil por ter em dep\u00f3sito produto da fauna silvestre.<\/p>\n<\/div>\n<div class=\"mc-column content-text active-extra-styles \" style=\"text-align: justify;\" data-block-type=\"unstyled\" data-block-weight=\"31\" data-block-id=\"6\">\n<p class=\"content-text__container \" data-track-category=\"Link no Texto\" data-track-links=\"\">Segundo a pol\u00edcia, de acordo com o decreto 63853\/18 esse animal est\u00e1 amea\u00e7ado de extin\u00e7\u00e3o. Penalmente, o morador infringiu o artigo 29, par\u00e1grafo 1\u00b0, inciso III da lei federal 9.605\/98.<\/p>\n<\/div>\n<div class=\"mc-column content-text active-extra-styles \" style=\"text-align: justify;\" data-block-type=\"unstyled\" data-block-weight=\"10\" data-block-id=\"7\">\n<p class=\"content-text__container \" data-track-category=\"Link no Texto\" data-track-links=\"\">O couro foi apreendido e ficar\u00e1 a disposi\u00e7\u00e3o da Justi\u00e7a.<\/p>\n<\/div>\n<div class=\"row medium-uncollapsed content-media content-photo\" data-block-type=\"backstage-photo\" data-block-id=\"8\">\n<div class=\"mc-column content-media__container\">\n<figure style=\"text-align: justify;\"><img decoding=\"async\" class=\"i-amphtml-fill-content i-amphtml-replaced-content\" src=\"https:\/\/s2.glbimg.com\/fwOr3io9xq7Ul2nDuTSJ4fOvCpM=\/0x0:1032x502\/984x0\/smart\/filters:strip_icc()\/i.s3.glbimg.com\/v1\/AUTH_59edd422c0c84a879bd37670ae4f538a\/internal_photos\/bs\/2020\/A\/D\/tzX4jwT6e9r3Ci7BJw4w\/whatsapp-image-2020-10-08-at-20.03.51.jpeg\" sizes=\"(max-width: 1366px) 648px, 100vw\" srcset=\"https:\/\/s2.glbimg.com\/SN5Xj1IjOjW4oRVLCs8h3BFNVSQ=\/0x0:1032x502\/1000x0\/smart\/filters:strip_icc()\/i.s3.glbimg.com\/v1\/AUTH_59edd422c0c84a879bd37670ae4f538a\/internal_photos\/bs\/2020\/A\/D\/tzX4jwT6e9r3Ci7BJw4w\/whatsapp-image-2020-10-08-at-20.03.51.jpeg 1000w, https:\/\/s2.glbimg.com\/fwOr3io9xq7Ul2nDuTSJ4fOvCpM=\/0x0:1032x502\/984x0\/smart\/filters:strip_icc()\/i.s3.glbimg.com\/v1\/AUTH_59edd422c0c84a879bd37670ae4f538a\/internal_photos\/bs\/2020\/A\/D\/tzX4jwT6e9r3Ci7BJw4w\/whatsapp-image-2020-10-08-at-20.03.51.jpeg 984w, https:\/\/s2.glbimg.com\/mXht_8W1iKYoDzZJ_HEej0VO7G4=\/0x0:1032x502\/640x0\/smart\/filters:strip_icc()\/i.s3.glbimg.com\/v1\/AUTH_59edd422c0c84a879bd37670ae4f538a\/internal_photos\/bs\/2020\/A\/D\/tzX4jwT6e9r3Ci7BJw4w\/whatsapp-image-2020-10-08-at-20.03.51.jpeg 640w, https:\/\/s2.glbimg.com\/4AZU7FE7l-F_wb3s1UBanOMDr5A=\/0x0:1032x502\/600x0\/smart\/filters:strip_icc()\/i.s3.glbimg.com\/v1\/AUTH_59edd422c0c84a879bd37670ae4f538a\/internal_photos\/bs\/2020\/A\/D\/tzX4jwT6e9r3Ci7BJw4w\/whatsapp-image-2020-10-08-at-20.03.51.jpeg 600w\" alt=\"Couro de on\u00e7a-pintada foi apreendido em \u00c1lvares Machado \u2014 Foto: Pol\u00edcia Militar Ambiental\" \/><\/figure>\n<p class=\"content-media__description \" style=\"text-align: justify;\">Couro de on\u00e7a-pintada foi apreendido em \u00c1lvares Machado \u2014 Foto: Pol\u00edcia Militar Ambiental<\/p>\n<p style=\"text-align: justify;\">Fonte: G1<\/p>\n<\/div>\n<\/div>\n<\/div>\n","protected":false},"excerpt":{"rendered":"<p>Pele do animal foi encontrada em uma resid\u00eancia, em \u00c1lvares Machado. Apreens\u00e3o foi feita durante a Opera\u00e7\u00e3o Francisco de Assis. A Pol\u00edcia Militar Ambiental apreendeu nesta quinta-feira (8) um couro de on\u00e7a-pintada, em uma resid\u00eancia, em\u00a0\u00c1lvares Machado. O morador recebeu uma multa no valor de R$ 5 mil. Durante a Opera\u00e7\u00e3o Francisco de Assis, uma [&hellip;]<\/p>\n","protected":false},"author":1,"featured_media":36591,"comment_status":"closed","ping_status":"open","sticky":false,"template":"","format":"standard","meta":{"footnotes":""},"categories":[176,110],"tags":[],"class_list":["post-36590","post","type-post","status-publish","format-standard","has-post-thumbnail","hentry","category-meioambienteeagricultura","category-noticiasdestaque"],"_links":{"self":[{"href":"https:\/\/jorgezanoni.com.br\/2019\/wp-json\/wp\/v2\/posts\/36590","targetHints":{"allow":["GET"]}}],"collection":[{"href":"https:\/\/jorgezanoni.com.br\/2019\/wp-json\/wp\/v2\/posts"}],"about":[{"href":"https:\/\/jorgezanoni.com.br\/2019\/wp-json\/wp\/v2\/types\/post"}],"author":[{"embeddable":true,"href":"https:\/\/jorgezanoni.com.br\/2019\/wp-json\/wp\/v2\/users\/1"}],"replies":[{"embeddable":true,"href":"https:\/\/jorgezanoni.com.br\/2019\/wp-json\/wp\/v2\/comments?post=36590"}],"version-history":[{"count":0,"href":"https:\/\/jorgezanoni.com.br\/2019\/wp-json\/wp\/v2\/posts\/36590\/revisions"}],"wp:featuredmedia":[{"embeddable":true,"href":"https:\/\/jorgezanoni.com.br\/2019\/wp-json\/wp\/v2\/media\/36591"}],"wp:attachment":[{"href":"https:\/\/jorgezanoni.com.br\/2019\/wp-json\/wp\/v2\/media?parent=36590"}],"wp:term":[{"taxonomy":"category","embeddable":true,"href":"https:\/\/jorgezanoni.com.br\/2019\/wp-json\/wp\/v2\/categories?post=36590"},{"taxonomy":"post_tag","embeddable":true,"href":"https:\/\/jorgezanoni.com.br\/2019\/wp-json\/wp\/v2\/tags?post=36590"}],"curies":[{"name":"wp","href":"https:\/\/api.w.org\/{rel}","templated":true}]}}