{"id":36586,"date":"2020-10-09T00:55:42","date_gmt":"2020-10-09T00:55:42","guid":{"rendered":"https:\/\/jorgezanoni.com.br\/2019\/?p=36586"},"modified":"2020-10-09T00:55:42","modified_gmt":"2020-10-09T00:55:42","slug":"tatu-e-resgatado-por-populares-de-buraco-em-calcada-no-centro-de-dracena","status":"publish","type":"post","link":"https:\/\/jorgezanoni.com.br\/2019\/tatu-e-resgatado-por-populares-de-buraco-em-calcada-no-centro-de-dracena\/","title":{"rendered":"Tatu \u00e9 resgatado por populares de buraco em cal\u00e7ada no Centro de Dracena"},"content":{"rendered":"<h2 class=\"content-head__subtitle\" style=\"text-align: justify;\"><strong>Moradores utilizaram dois baldes de \u00e1gua para retirar o animal do local, na manh\u00e3 desta quinta-feira (8). Bicho foi solto no bairro rural Canta Galo.<\/strong><\/h2>\n<div class=\"mc-column content-text active-extra-styles \" data-block-type=\"unstyled\" data-block-weight=\"21\" data-block-id=\"2\">\n<p class=\"content-text__container \" style=\"text-align: justify;\" data-track-category=\"Link no Texto\" data-track-links=\"\">Um tatu-peba (<em>Euphractus sexcintus<\/em>) foi resgatado por populares na manh\u00e3 desta quinta-feira (8), na Avenida Roosevelt, no Centro de\u00a0<a href=\"https:\/\/g1.globo.com\/sp\/presidente-prudente-regiao\/cidade\/dracena\/\">Dracena (SP)<\/a>.<\/p>\n<\/div>\n<div class=\"wall protected-content\">\n<div class=\"mc-column content-text active-extra-styles \" style=\"text-align: justify;\" data-block-type=\"unstyled\" data-block-weight=\"29\" data-block-id=\"3\">\n<p class=\"content-text__container \" data-track-category=\"Link no Texto\" data-track-links=\"\">Ao\u00a0<strong>G1<\/strong>, uma das pessoas que ajudaram no resgate disse que o animal estava escondido em um buraco de terra em uma cal\u00e7ada, em frente a uma loja.<\/p>\n<\/div>\n<div class=\"mc-column content-text active-extra-styles \" style=\"text-align: justify;\" data-block-type=\"unstyled\" data-block-weight=\"49\" data-block-id=\"4\">\n<p class=\"content-text__container \" data-track-category=\"Link no Texto\" data-track-links=\"\">&#8220;Perguntei brincando ao dono da loja se ele estava fazendo reforma e foi quando ele disse que um senhor havia passado na frente do estabelecimento e dito que o buraco na terra teria sido feito por um tatu e que o animal estaria dentro do buraco&#8221;, contou ao\u00a0<strong>G1<\/strong>.<\/p>\n<\/div>\n<div class=\"mc-column content-text active-extra-styles \" style=\"text-align: justify;\" data-block-type=\"unstyled\" data-block-weight=\"34\" data-block-id=\"5\">\n<p class=\"content-text__container \" data-track-category=\"Link no Texto\" data-track-links=\"\">O morador de Dracena, que j\u00e1 tinha visto familiares fazerem o resgate de tatus, utilizou \u00e1gua para retirar o animal. Dois baldes de \u00e1gua foram jogados no buraco, at\u00e9 que o bicho sa\u00edsse.<\/p>\n<\/div>\n<div class=\"mc-column content-text active-extra-styles \" style=\"text-align: justify;\" data-block-type=\"unstyled\" data-block-weight=\"20\" data-block-id=\"6\">\n<p class=\"content-text__container \" data-track-category=\"Link no Texto\" data-track-links=\"\">A Pol\u00edcia Militar Ambiental foi acionada e levou o animal, que foi solto no bairro rural Canta Galo, em Dracena.<\/p>\n<\/div>\n<div class=\"mc-column content-text active-extra-styles \" style=\"text-align: justify;\" data-block-type=\"unstyled\" data-block-weight=\"18\" data-block-id=\"7\">\n<p class=\"content-text__container \" data-track-category=\"Link no Texto\" data-track-links=\"\">Ainda segundo a pol\u00edcia, o tatu-peba mantinha as caracter\u00edsticas de animal selvagem e n\u00e3o possu\u00eda sinais de domestica\u00e7\u00e3o.<\/p>\n<\/div>\n<div class=\"row medium-uncollapsed content-media content-photo\" style=\"text-align: justify;\" data-block-type=\"backstage-photo\" data-block-id=\"8\">\n<div class=\"mc-column content-media__container\">\n<figure><img decoding=\"async\" class=\"i-amphtml-fill-content i-amphtml-replaced-content\" src=\"https:\/\/s2.glbimg.com\/PCOALgIW18Ach111SyjTbWAfWkQ=\/0x330:581x841\/984x0\/smart\/filters:strip_icc()\/i.s3.glbimg.com\/v1\/AUTH_59edd422c0c84a879bd37670ae4f538a\/internal_photos\/bs\/2020\/6\/R\/rwok9DSQa6GryT9hfAFA\/whatsapp-image-2020-10-08-at-15.55.31.jpeg\" sizes=\"(max-width: 1366px) 648px, 100vw\" srcset=\"https:\/\/s2.glbimg.com\/RDsoW0IybU6PPGXSuZUuR99meSk=\/0x330:581x841\/1000x0\/smart\/filters:strip_icc()\/i.s3.glbimg.com\/v1\/AUTH_59edd422c0c84a879bd37670ae4f538a\/internal_photos\/bs\/2020\/6\/R\/rwok9DSQa6GryT9hfAFA\/whatsapp-image-2020-10-08-at-15.55.31.jpeg 1000w, https:\/\/s2.glbimg.com\/PCOALgIW18Ach111SyjTbWAfWkQ=\/0x330:581x841\/984x0\/smart\/filters:strip_icc()\/i.s3.glbimg.com\/v1\/AUTH_59edd422c0c84a879bd37670ae4f538a\/internal_photos\/bs\/2020\/6\/R\/rwok9DSQa6GryT9hfAFA\/whatsapp-image-2020-10-08-at-15.55.31.jpeg 984w, https:\/\/s2.glbimg.com\/DNAzjqO4Ed56SmnqRFUjdOQOWGM=\/0x330:581x841\/640x0\/smart\/filters:strip_icc()\/i.s3.glbimg.com\/v1\/AUTH_59edd422c0c84a879bd37670ae4f538a\/internal_photos\/bs\/2020\/6\/R\/rwok9DSQa6GryT9hfAFA\/whatsapp-image-2020-10-08-at-15.55.31.jpeg 640w, https:\/\/s2.glbimg.com\/f2kBIlsEuS9wHvdk67VVzhIxATU=\/0x330:581x841\/600x0\/smart\/filters:strip_icc()\/i.s3.glbimg.com\/v1\/AUTH_59edd422c0c84a879bd37670ae4f538a\/internal_photos\/bs\/2020\/6\/R\/rwok9DSQa6GryT9hfAFA\/whatsapp-image-2020-10-08-at-15.55.31.jpeg 600w\" alt=\"Tatu foi resgatado de buraco por populares no Centro de Dracena \u2014 Foto: Pol\u00edcia Militar Ambiental \" \/><\/figure>\n<p class=\"content-media__description \">Tatu foi resgatado de buraco por populares no Centro de Dracena \u2014 Foto: Pol\u00edcia Militar Ambiental<\/p>\n<\/div>\n<\/div>\n<div class=\"content-ads content-ads--reveal\" style=\"text-align: justify;\" data-block-type=\"ads\" data-block-id=\"9\">\n<div id=\"banner_materia2\" class=\"tag-manager-publicidade-container mc-has-reveal mc-has-ad-lazyload\" data-id=\"banner_materia2\"><\/div>\n<\/div>\n<div class=\"mc-column content-text active-extra-styles\" style=\"text-align: justify;\" data-block-type=\"raw\" data-block-weight=\"4\" data-block-id=\"10\">\n<div class=\"content-intertitle\">\n<h2>Fun\u00e7\u00e3o ecol\u00f3gica de peso<\/h2>\n<\/div>\n<\/div>\n<div class=\"mc-column content-text active-extra-styles \" style=\"text-align: justify;\" data-block-type=\"unstyled\" data-block-weight=\"53\" data-block-id=\"11\">\n<p class=\"content-text__container \" data-track-category=\"Link no Texto\" data-track-links=\"\">O tatu-peba mede de 40 a 95 cent\u00edmetros e pode pesar entre 3,2 e 6,5 quilos. Seu nome \u00e9 popular e generalista. Tatu vem do tupi. E, claro, se refere \u00e0 sua carapa\u00e7a \u00f3ssea e protetora (<em>ta\u00a0<\/em>= duro;\u00a0<em>tu\u00a0<\/em>= espesso). Dizem que nem um ve\u00edculo, ao atropel\u00e1-lo, consegue perfurar a armadura.<\/p>\n<\/div>\n<div class=\"mc-column content-text active-extra-styles \" style=\"text-align: justify;\" data-block-type=\"unstyled\" data-block-weight=\"48\" data-block-id=\"12\">\n<p class=\"content-text__container \" data-track-category=\"Link no Texto\" data-track-links=\"\">Mas o bichinho sofre mesmo por ser muito ca\u00e7ado por causa da carne. Poucos sabem, mas os tatus t\u00eam atribui\u00e7\u00f5es importantes na natureza.\u00a0<a href=\"http:\/\/g1.globo.com\/sp\/campinas-regiao\/terra-da-gente\/fauna\/noticia\/2015\/02\/tatu-peba.html\">Este mam\u00edfero tem fun\u00e7\u00e3o ecol\u00f3gica de peso, pois \u00e9 capaz de se alimentar de insetos, contribuindo para o equil\u00edbrio de popula\u00e7\u00f5es de formigas e cupins<\/a>.<\/p>\n<\/div>\n<div class=\"mc-column content-text active-extra-styles \" style=\"text-align: justify;\" data-block-type=\"unstyled\" data-block-weight=\"40\" data-block-id=\"13\">\n<p class=\"content-text__container \" data-track-category=\"Link no Texto\" data-track-links=\"\">No Brasil, existem oito g\u00eaneros e 21 esp\u00e9cies conhecidas de tatu. Todas s\u00e3o origin\u00e1rias das Am\u00e9ricas e pertencentes \u00e0 mesma fam\u00edlia, a\u00a0<em>Dasypodidae<\/em>. O tatu-peba (tamb\u00e9m conhecido como tatu-peludo) tem colora\u00e7\u00e3o amarronzada e a carapa\u00e7a \u00e9 provida de pelos esparsos.<\/p>\n<\/div>\n<div class=\"mc-column content-text active-extra-styles \" style=\"text-align: justify;\" data-block-type=\"unstyled\" data-block-weight=\"48\" data-block-id=\"14\">\n<p class=\"content-text__container \" data-track-category=\"Link no Texto\" data-track-links=\"\">\u00c9 um animal not\u00edvago, solit\u00e1rio e on\u00edvoro. A toca \u00e9 cavada com uma profundidade de aproximadamente dois metros, geralmente nos campos mais \u00e1ridos. \u00c0s vezes, ele causa grandes preju\u00edzos \u00e0 lavoura, pois se alimenta de brotos de milho e outras plantas. O tatu-peba vive cerca de 18 anos.<\/p>\n<\/div>\n<div class=\"mc-column content-text active-extra-styles \" style=\"text-align: justify;\" data-block-type=\"unstyled\" data-block-weight=\"22\" data-block-id=\"15\">\n<p class=\"content-text__container \" data-track-category=\"Link no Texto\" data-track-links=\"\">A esp\u00e9cie est\u00e1 distribu\u00edda no Suriname, no leste dos Andes e no norte da Argentina. No Brasil, ocorre quase no pa\u00eds inteiro.<\/p>\n<\/div>\n<div class=\"mc-column content-text active-extra-styles \" style=\"text-align: justify;\" data-block-type=\"unstyled\" data-block-weight=\"19\" data-block-id=\"16\">\n<p class=\"content-text__container \" data-track-category=\"Link no Texto\" data-track-links=\"\">O per\u00edodo de gesta\u00e7\u00e3o vai de 60 a 65 dias e os filhotes atingem a maturidade aos nove meses.<\/p>\n<\/div>\n<div class=\"row medium-uncollapsed content-media content-photo\" data-block-type=\"backstage-photo\" data-block-id=\"17\">\n<div class=\"mc-column content-media__container\">\n<figure style=\"text-align: justify;\"><img decoding=\"async\" class=\"i-amphtml-fill-content i-amphtml-replaced-content\" src=\"https:\/\/s2.glbimg.com\/PjRmabidRgjEvnrWpR4IWgcFxdg=\/0x0:720x1280\/984x0\/smart\/filters:strip_icc()\/i.s3.glbimg.com\/v1\/AUTH_59edd422c0c84a879bd37670ae4f538a\/internal_photos\/bs\/2020\/C\/J\/Bq7XG6TIW5r0GqMpkC6Q\/8c3ef190-c385-44a9-ab71-f634e29f2c21.jpg\" sizes=\"(max-width: 1366px) 648px, 100vw\" srcset=\"https:\/\/s2.glbimg.com\/91lE167w-eNxABbKJSZGikJs-QU=\/0x0:720x1280\/1000x0\/smart\/filters:strip_icc()\/i.s3.glbimg.com\/v1\/AUTH_59edd422c0c84a879bd37670ae4f538a\/internal_photos\/bs\/2020\/C\/J\/Bq7XG6TIW5r0GqMpkC6Q\/8c3ef190-c385-44a9-ab71-f634e29f2c21.jpg 1000w, https:\/\/s2.glbimg.com\/PjRmabidRgjEvnrWpR4IWgcFxdg=\/0x0:720x1280\/984x0\/smart\/filters:strip_icc()\/i.s3.glbimg.com\/v1\/AUTH_59edd422c0c84a879bd37670ae4f538a\/internal_photos\/bs\/2020\/C\/J\/Bq7XG6TIW5r0GqMpkC6Q\/8c3ef190-c385-44a9-ab71-f634e29f2c21.jpg 984w, https:\/\/s2.glbimg.com\/3KpjOBH9DV0dvL49jDhv21Nihj0=\/0x0:720x1280\/640x0\/smart\/filters:strip_icc()\/i.s3.glbimg.com\/v1\/AUTH_59edd422c0c84a879bd37670ae4f538a\/internal_photos\/bs\/2020\/C\/J\/Bq7XG6TIW5r0GqMpkC6Q\/8c3ef190-c385-44a9-ab71-f634e29f2c21.jpg 640w, https:\/\/s2.glbimg.com\/FW_DVKUx5WiVQQ6iWUAj5rS94hs=\/0x0:720x1280\/600x0\/smart\/filters:strip_icc()\/i.s3.glbimg.com\/v1\/AUTH_59edd422c0c84a879bd37670ae4f538a\/internal_photos\/bs\/2020\/C\/J\/Bq7XG6TIW5r0GqMpkC6Q\/8c3ef190-c385-44a9-ab71-f634e29f2c21.jpg 600w\" alt=\"Tatu foi resgatado de buraco por populares no Centro de Dracena \u2014 Foto: Jana\u00edna Cristina Pereira\" \/><\/figure>\n<p class=\"content-media__description \" style=\"text-align: justify;\">Tatu foi resgatado de buraco por populares no Centro de Dracena \u2014 Foto: Jana\u00edna Cristina Pereira<\/p>\n<p>Fonte: G1<\/p>\n<div style=\"width: 640px;\" class=\"wp-video\"><video class=\"wp-video-shortcode\" id=\"video-36586-1\" width=\"640\" height=\"352\" preload=\"metadata\" controls=\"controls\"><source type=\"video\/mp4\" src=\"https:\/\/jorgezanoni.com.br\/2019\/wp-content\/uploads\/2020\/10\/WhatsApp-Video-2020-10-08-at-13.08.09.mp4?_=1\" \/><a href=\"https:\/\/jorgezanoni.com.br\/2019\/wp-content\/uploads\/2020\/10\/WhatsApp-Video-2020-10-08-at-13.08.09.mp4\">https:\/\/jorgezanoni.com.br\/2019\/wp-content\/uploads\/2020\/10\/WhatsApp-Video-2020-10-08-at-13.08.09.mp4<\/a><\/video><\/div>\n<p>Video de Internauta<\/p>\n<\/div>\n<\/div>\n<\/div>\n","protected":false},"excerpt":{"rendered":"<p>Moradores utilizaram dois baldes de \u00e1gua para retirar o animal do local, na manh\u00e3 desta quinta-feira (8). Bicho foi solto no bairro rural Canta Galo. Um tatu-peba (Euphractus sexcintus) foi resgatado por populares na manh\u00e3 desta quinta-feira (8), na Avenida Roosevelt, no Centro de\u00a0Dracena (SP). Ao\u00a0G1, uma das pessoas que ajudaram no resgate disse que [&hellip;]<\/p>\n","protected":false},"author":1,"featured_media":36588,"comment_status":"closed","ping_status":"open","sticky":false,"template":"","format":"video","meta":{"footnotes":""},"categories":[176,110,169],"tags":[],"class_list":["post-36586","post","type-post","status-publish","format-video","has-post-thumbnail","hentry","category-meioambienteeagricultura","category-noticiasdestaque","category-videos","post_format-post-format-video"],"_links":{"self":[{"href":"https:\/\/jorgezanoni.com.br\/2019\/wp-json\/wp\/v2\/posts\/36586","targetHints":{"allow":["GET"]}}],"collection":[{"href":"https:\/\/jorgezanoni.com.br\/2019\/wp-json\/wp\/v2\/posts"}],"about":[{"href":"https:\/\/jorgezanoni.com.br\/2019\/wp-json\/wp\/v2\/types\/post"}],"author":[{"embeddable":true,"href":"https:\/\/jorgezanoni.com.br\/2019\/wp-json\/wp\/v2\/users\/1"}],"replies":[{"embeddable":true,"href":"https:\/\/jorgezanoni.com.br\/2019\/wp-json\/wp\/v2\/comments?post=36586"}],"version-history":[{"count":0,"href":"https:\/\/jorgezanoni.com.br\/2019\/wp-json\/wp\/v2\/posts\/36586\/revisions"}],"wp:featuredmedia":[{"embeddable":true,"href":"https:\/\/jorgezanoni.com.br\/2019\/wp-json\/wp\/v2\/media\/36588"}],"wp:attachment":[{"href":"https:\/\/jorgezanoni.com.br\/2019\/wp-json\/wp\/v2\/media?parent=36586"}],"wp:term":[{"taxonomy":"category","embeddable":true,"href":"https:\/\/jorgezanoni.com.br\/2019\/wp-json\/wp\/v2\/categories?post=36586"},{"taxonomy":"post_tag","embeddable":true,"href":"https:\/\/jorgezanoni.com.br\/2019\/wp-json\/wp\/v2\/tags?post=36586"}],"curies":[{"name":"wp","href":"https:\/\/api.w.org\/{rel}","templated":true}]}}