{"id":36505,"date":"2020-10-08T00:57:38","date_gmt":"2020-10-08T00:57:38","guid":{"rendered":"https:\/\/jorgezanoni.com.br\/2019\/?p=36505"},"modified":"2020-10-08T00:57:38","modified_gmt":"2020-10-08T00:57:38","slug":"incendio-em-vegetacao-destroi-onibus-em-terreno-ao-lado-da-ferrovia-no-jardim-brasil-em-adamantina","status":"publish","type":"post","link":"https:\/\/jorgezanoni.com.br\/2019\/incendio-em-vegetacao-destroi-onibus-em-terreno-ao-lado-da-ferrovia-no-jardim-brasil-em-adamantina\/","title":{"rendered":"Inc\u00eandio em vegeta\u00e7\u00e3o destr\u00f3i \u00f4nibus em terreno ao lado da ferrovia, no Jardim Brasil em Adamantina"},"content":{"rendered":"<h2 class=\"subtitulo\" style=\"text-align: justify;\"><strong>Dono dos ve\u00edculos n\u00e3o soube precisar os preju\u00edzos, o que ainda depende de avalia\u00e7\u00f5es.<\/strong><\/h2>\n<p style=\"text-align: justify;\">Um inc\u00eandio no terreno p\u00fablico tradicionalmente usado para a instala\u00e7\u00e3o de circos e parques, \u00e0s margens da ferrovia, altura do Jardim Brasil, destruiu pelo menos dois \u00f4nibus e a carca\u00e7a de outros dois ve\u00edculos, pertencentes a uma empresa de transporte coletivo. Uma moto, de terceiro, tamb\u00e9m foi destru\u00edda pelas chamas.<\/p>\n<p style=\"text-align: justify;\">O fogo come\u00e7ou pr\u00f3ximo ao local onde estavam os ve\u00edculos, por volta das 12h30, iniciadas em vegeta\u00e7\u00e3o, no barranco entre o terreno e a ferrovia. Diante do forte calor, da baixa umidade relativa do ar e dos ventos, o fogo rapidamente se espalhou pela vegeta\u00e7\u00e3o e atingiu os ve\u00edculos.<\/p>\n<p style=\"font-weight: 400; text-align: justify;\">O representante da empresa dona dos \u00f4nibus n\u00e3o soube informar o preju\u00edzo financeiro, o que ainda depende de avalia\u00e7\u00f5es, mas lamentou as perdas.<\/p>\n<p style=\"font-weight: 400; text-align: justify;\">O terreno onde ocorreu o inc\u00eandio fica ao lado do Corpo de Bombeiros, instalado em paralelo, logo ap\u00f3s a via f\u00e9rrea. A corpora\u00e7\u00e3o foi acionada e atuou na conten\u00e7\u00e3o das chamas. Um caminh\u00e3o pipa da Prefeitura de Adamantina tamb\u00e9m apoiou a opera\u00e7\u00e3o. A Pol\u00edcia Militar tamb\u00e9m foi mobilizada para o registro da ocorr\u00eancia. Ningu\u00e9m se feriu.<\/p>\n<p style=\"text-align: justify;\">Fonte: https:\/\/www.sigamais.com\/noticias\/policia\/incendio-em-vegetacao-destroi-onibus-em-terreno-ao-lado-da-ferrovia-no-jardim-brasil\/<\/p>\n","protected":false},"excerpt":{"rendered":"<p>Dono dos ve\u00edculos n\u00e3o soube precisar os preju\u00edzos, o que ainda depende de avalia\u00e7\u00f5es. Um inc\u00eandio no terreno p\u00fablico tradicionalmente usado para a instala\u00e7\u00e3o de circos e parques, \u00e0s margens da ferrovia, altura do Jardim Brasil, destruiu pelo menos dois \u00f4nibus e a carca\u00e7a de outros dois ve\u00edculos, pertencentes a uma empresa de transporte coletivo. [&hellip;]<\/p>\n","protected":false},"author":1,"featured_media":36506,"comment_status":"closed","ping_status":"open","sticky":false,"template":"","format":"standard","meta":{"footnotes":""},"categories":[110,2],"tags":[],"class_list":["post-36505","post","type-post","status-publish","format-standard","has-post-thumbnail","hentry","category-noticiasdestaque","category-policial"],"_links":{"self":[{"href":"https:\/\/jorgezanoni.com.br\/2019\/wp-json\/wp\/v2\/posts\/36505","targetHints":{"allow":["GET"]}}],"collection":[{"href":"https:\/\/jorgezanoni.com.br\/2019\/wp-json\/wp\/v2\/posts"}],"about":[{"href":"https:\/\/jorgezanoni.com.br\/2019\/wp-json\/wp\/v2\/types\/post"}],"author":[{"embeddable":true,"href":"https:\/\/jorgezanoni.com.br\/2019\/wp-json\/wp\/v2\/users\/1"}],"replies":[{"embeddable":true,"href":"https:\/\/jorgezanoni.com.br\/2019\/wp-json\/wp\/v2\/comments?post=36505"}],"version-history":[{"count":0,"href":"https:\/\/jorgezanoni.com.br\/2019\/wp-json\/wp\/v2\/posts\/36505\/revisions"}],"wp:featuredmedia":[{"embeddable":true,"href":"https:\/\/jorgezanoni.com.br\/2019\/wp-json\/wp\/v2\/media\/36506"}],"wp:attachment":[{"href":"https:\/\/jorgezanoni.com.br\/2019\/wp-json\/wp\/v2\/media?parent=36505"}],"wp:term":[{"taxonomy":"category","embeddable":true,"href":"https:\/\/jorgezanoni.com.br\/2019\/wp-json\/wp\/v2\/categories?post=36505"},{"taxonomy":"post_tag","embeddable":true,"href":"https:\/\/jorgezanoni.com.br\/2019\/wp-json\/wp\/v2\/tags?post=36505"}],"curies":[{"name":"wp","href":"https:\/\/api.w.org\/{rel}","templated":true}]}}