{"id":36502,"date":"2020-10-08T00:16:07","date_gmt":"2020-10-08T00:16:07","guid":{"rendered":"https:\/\/jorgezanoni.com.br\/2019\/?p=36502"},"modified":"2020-10-08T00:16:07","modified_gmt":"2020-10-08T00:16:07","slug":"motorista-morre-apos-bater-em-praca-de-pedagio-e-capotar-na-rodovia-raposo-tavares","status":"publish","type":"post","link":"https:\/\/jorgezanoni.com.br\/2019\/motorista-morre-apos-bater-em-praca-de-pedagio-e-capotar-na-rodovia-raposo-tavares\/","title":{"rendered":"Motorista morre ap\u00f3s bater em pra\u00e7a de ped\u00e1gio e capotar na Rodovia Raposo Tavares"},"content":{"rendered":"<h2 class=\"content-head__subtitle\" style=\"text-align: justify;\">Acidente aconteceu no quil\u00f4metro 453, trecho em Palmital (SP); causas da batida ser\u00e3o investigadas.<\/h2>\n<div class=\"mc-column content-text active-extra-styles \" data-block-type=\"unstyled\" data-block-weight=\"33\" data-block-id=\"2\">\n<p class=\"content-text__container \" style=\"text-align: justify;\" data-track-category=\"Link no Texto\" data-track-links=\"\">Um motorista de 50 anos morreu depois bater o carro em uma pra\u00e7a de ped\u00e1gio e capotar no final da noite desta ter\u00e7a-feira (6) na Rodovia Raposo Tavares (SP-270), em Palmital (SP).<\/p>\n<\/div>\n<div class=\"wall protected-content\">\n<div class=\"mc-column content-text active-extra-styles \" data-block-type=\"unstyled\" data-block-weight=\"26\" data-block-id=\"3\">\n<p class=\"content-text__container \" style=\"text-align: justify;\" data-track-category=\"Link no Texto\" data-track-links=\"\">Segundo a Pol\u00edcia Rodovi\u00e1ria, o homem bateu contra a barreira que divide as cabines de cobran\u00e7a do ped\u00e1gio, no quil\u00f4metro 453,5, e o ve\u00edculo capotou.<\/p>\n<p class=\"content-text__container \" style=\"text-align: justify;\" data-track-category=\"Link no Texto\" data-track-links=\"\">Equipes da concession\u00e1ria que administra a rodovia e da Pol\u00edcia Rodovi\u00e1ria foram acionadas para fazer o socorro, mas o motorista morreu n\u00e3o resistiu. As causas do acidente ser\u00e3o investigadas.<\/p>\n<p style=\"text-align: justify;\" data-track-category=\"Link no Texto\" data-track-links=\"\">Fonte: G1<\/p>\n<\/div>\n<\/div>\n","protected":false},"excerpt":{"rendered":"<p>Acidente aconteceu no quil\u00f4metro 453, trecho em Palmital (SP); causas da batida ser\u00e3o investigadas. Um motorista de 50 anos morreu depois bater o carro em uma pra\u00e7a de ped\u00e1gio e capotar no final da noite desta ter\u00e7a-feira (6) na Rodovia Raposo Tavares (SP-270), em Palmital (SP). Segundo a Pol\u00edcia Rodovi\u00e1ria, o homem bateu contra a [&hellip;]<\/p>\n","protected":false},"author":1,"featured_media":36503,"comment_status":"closed","ping_status":"open","sticky":false,"template":"","format":"standard","meta":{"footnotes":""},"categories":[170,110],"tags":[],"class_list":["post-36502","post","type-post","status-publish","format-standard","has-post-thumbnail","hentry","category-acidentes","category-noticiasdestaque"],"_links":{"self":[{"href":"https:\/\/jorgezanoni.com.br\/2019\/wp-json\/wp\/v2\/posts\/36502","targetHints":{"allow":["GET"]}}],"collection":[{"href":"https:\/\/jorgezanoni.com.br\/2019\/wp-json\/wp\/v2\/posts"}],"about":[{"href":"https:\/\/jorgezanoni.com.br\/2019\/wp-json\/wp\/v2\/types\/post"}],"author":[{"embeddable":true,"href":"https:\/\/jorgezanoni.com.br\/2019\/wp-json\/wp\/v2\/users\/1"}],"replies":[{"embeddable":true,"href":"https:\/\/jorgezanoni.com.br\/2019\/wp-json\/wp\/v2\/comments?post=36502"}],"version-history":[{"count":0,"href":"https:\/\/jorgezanoni.com.br\/2019\/wp-json\/wp\/v2\/posts\/36502\/revisions"}],"wp:featuredmedia":[{"embeddable":true,"href":"https:\/\/jorgezanoni.com.br\/2019\/wp-json\/wp\/v2\/media\/36503"}],"wp:attachment":[{"href":"https:\/\/jorgezanoni.com.br\/2019\/wp-json\/wp\/v2\/media?parent=36502"}],"wp:term":[{"taxonomy":"category","embeddable":true,"href":"https:\/\/jorgezanoni.com.br\/2019\/wp-json\/wp\/v2\/categories?post=36502"},{"taxonomy":"post_tag","embeddable":true,"href":"https:\/\/jorgezanoni.com.br\/2019\/wp-json\/wp\/v2\/tags?post=36502"}],"curies":[{"name":"wp","href":"https:\/\/api.w.org\/{rel}","templated":true}]}}