{"id":36499,"date":"2020-10-08T00:00:23","date_gmt":"2020-10-08T00:00:23","guid":{"rendered":"https:\/\/jorgezanoni.com.br\/2019\/?p=36499"},"modified":"2020-10-08T00:00:23","modified_gmt":"2020-10-08T00:00:23","slug":"lins-registra-435oc-a-maior-temperatura-da-historia-no-estado-de-sp","status":"publish","type":"post","link":"https:\/\/jorgezanoni.com.br\/2019\/lins-registra-435oc-a-maior-temperatura-da-historia-no-estado-de-sp\/","title":{"rendered":"Lins registra 43,5\u00baC, a maior temperatura da hist\u00f3ria no estado de SP"},"content":{"rendered":"<h2 class=\"content-head__subtitle\" style=\"text-align: justify;\"><strong>Term\u00f4metros marcaram 43,5\u00baC \u00e0s 15h nesta quarta-feira (7), segundo medi\u00e7\u00f5es do Instituto Nacional de Meteorologia (Inmet).<\/strong><\/h2>\n<div class=\"mc-column content-text active-extra-styles \" data-block-type=\"unstyled\" data-block-weight=\"36\" data-block-id=\"2\">\n<p class=\"content-text__container \" style=\"text-align: justify;\" data-track-category=\"Link no Texto\" data-track-links=\"\">O\u00a0<span class=\"highlight highlighted\">estado de S\u00e3o Paulo registrou a maior temperatura dos \u00faltimos 87 anos<\/span>, nesta quarta-feira (7), segundo o Instituto Nacional de Meteorologia (Inmet). O\u00a0<span class=\"highlight highlighted\">recorde hist\u00f3rico foi marcado em Lins<\/span>, cidade do interior paulista,\u00a0<span class=\"highlight highlighted\">com 43,5\u00baC<\/span>.<\/p>\n<\/div>\n<div class=\"wall protected-content\">\n<div class=\"mc-column content-text active-extra-styles \" style=\"text-align: justify;\" data-block-type=\"unstyled\" data-block-weight=\"23\" data-block-id=\"3\">\n<p class=\"content-text__container \" data-track-category=\"Link no Texto\" data-track-links=\"\">De acordo com o Instituto, at\u00e9 ent\u00e3o a maior temperatura havia sido registrada em Iguape, no dia 3 de fevereiro de 1933.<\/p>\n<\/div>\n<div class=\"mc-column content-text active-extra-styles \" style=\"text-align: justify;\" data-block-type=\"unstyled\" data-block-weight=\"5\" data-block-id=\"4\">\n<p class=\"content-text__container \" data-track-category=\"Link no Texto\" data-track-links=\"\"><strong>Veja, abaixo, as m\u00e1ximas hist\u00f3ricas:<\/strong><\/p>\n<\/div>\n<div class=\"mc-column content-text active-extra-styles\" style=\"text-align: justify;\" data-block-type=\"raw\" data-block-weight=\"68\" data-block-id=\"5\">\n<ul class=\"content-unordered-list\">\n<li>43,5\u00b0C de Lins em 07\/10\/2020<\/li>\n<li>43,0\u00b0C de Iguape em 03\/02\/1933<\/li>\n<li>42,9\u00b0C de Barretos em 07\/10\/2020<\/li>\n<li>42,8\u00b0C de Registro em 02\/10\/2020<\/li>\n<li>42,6\u00b0C de Ibitinga em 07\/10\/2020<\/li>\n<li>42,4\u00b0C de Dracena em 06\/10\/2020<\/li>\n<li>42,2\u00b0C de Catanduva em 05\/10\/2020<\/li>\n<li>42,1\u00b0C de Iguape em 16\/01\/1956, Catanduva e Votuporanga em 03\/10\/2020<\/li>\n<li>42,0\u00b0C de Jales em 07\/10\/2020<\/li>\n<li>41,9\u00b0C de Lins em 30\/09\/2020 e 06\/10\/2020 e Dracena em 03\/10\/2020<\/li>\n<\/ul>\n<\/div>\n<div class=\"mc-column content-text active-extra-styles \" style=\"text-align: justify;\" data-block-type=\"unstyled\" data-block-weight=\"31\" data-block-id=\"6\">\n<p class=\"content-text__container \" data-track-category=\"Link no Texto\" data-track-links=\"\">Conforme o Inmet, Lins registrou a alta temperatura \u00e0s 15h. At\u00e9 esta quarta, a maior temperatura na cidade tinha sido registrada\u00a0<a href=\"https:\/\/g1.globo.com\/sp\/bauru-marilia\/noticia\/2020\/10\/02\/com-414oc-lins-registra-maior-temperatura-do-centro-oeste-paulista.ghtml\">no dia 30 de setembro deste ano, sendo 41,9\u00baC.<\/a><\/p>\n<\/div>\n<div class=\"mc-column content-text active-extra-styles\" style=\"text-align: justify;\" data-block-type=\"raw\" data-block-weight=\"19\" data-block-id=\"7\">\n<ul class=\"content-unordered-list\">\n<li><a href=\"https:\/\/g1.globo.com\/natureza\/stories\/2020\/10\/01\/entenda-a-forte-onda-de-calor-pelo-pais.ghtml\">Entenda o &#8216;calor\u00e3o&#8217; pelo Brasil<\/a><\/li>\n<li><a href=\"https:\/\/g1.globo.com\/natureza\/noticia\/2020\/10\/01\/onda-de-calor-na-primavera-como-sera-o-verao-no-brasil.ghtml\">Esta\u00e7\u00e3o ser\u00e1 mais quente que o normal?<\/a><\/li>\n<li><a href=\"https:\/\/g1.globo.com\/sp\/sao-paulo\/noticia\/2020\/10\/07\/sp-registra-373oc-nesta-quarta-terceira-maior-temperatura-na-historia.ghtml\">Cidade de SP registra 37,3\u00baC nesta quarta<\/a><\/li>\n<\/ul>\n<\/div>\n<div class=\"mc-column content-text active-extra-styles \" style=\"text-align: justify;\" data-block-type=\"unstyled\" data-block-weight=\"30\" data-block-id=\"8\">\n<p class=\"content-text__container \" data-track-category=\"Link no Texto\" data-track-links=\"\">Na cidade de S\u00e3o Paulo,\u00a0<a href=\"https:\/\/g1.globo.com\/sp\/sao-paulo\/noticia\/2020\/10\/06\/calor-chega-364c-na-cidade-de-sp-nesta-terca-capital-tem-a-5a-maior-temperatura-para-o-mes-de-outubro.ghtml\">tr\u00eas dos cinco dias mais quentes para um m\u00eas de outubro foram registrados em 2020<\/a>. A m\u00e1xima j\u00e1 registrada foi 37,8\u00baC, em outubro de 2014<\/p>\n<\/div>\n<div class=\"mc-column content-media content-video\" style=\"text-align: justify;\" data-block-type=\"backstage-video\" data-block-id=\"10\">\n<div class=\"content-media__container\">\n<p class=\"content-media__description\">Onda de calor continua e Inmet alerta para risco de morte em parte do Brasil<\/p>\n<\/div>\n<\/div>\n<div class=\"mc-column content-text active-extra-styles\" style=\"text-align: justify;\" data-block-type=\"raw\" data-block-weight=\"3\" data-block-id=\"11\">\n<div class=\"content-intertitle\">\n<h2>Mais de 40\u00baC<\/h2>\n<\/div>\n<\/div>\n<div class=\"mc-column content-text active-extra-styles \" style=\"text-align: justify;\" data-block-type=\"unstyled\" data-block-weight=\"33\" data-block-id=\"12\">\n<p class=\"content-text__container \" data-track-category=\"Link no Texto\" data-track-links=\"\">A cidade de Bauru, que fica na regi\u00e3o de Lins, tamb\u00e9m\u00a0<span class=\"highlight highlighted\">ultrapassou a marca de 41\u00baC<\/span>\u00a0nesta quarta, atingindo novamente o recorde de\u00a0<span class=\"highlight highlighted\">maior temperatura no munic\u00edpio<\/span>\u00a0em pelo menos 19 anos.<\/p>\n<\/div>\n<div class=\"mc-column content-text active-extra-styles \" style=\"text-align: justify;\" data-block-type=\"unstyled\" data-block-weight=\"20\" data-block-id=\"13\">\n<p class=\"content-text__container \" data-track-category=\"Link no Texto\" data-track-links=\"\">Segundo o Instituto de Pesquisas Meteorol\u00f3gicas (IPMet), da Universidade Estadual Paulista (Unesp) local, os\u00a0<span class=\"highlight highlighted\">term\u00f4metros marcaram 41,2\u00baC<\/span>\u00a0\u00e0s 13h20.<\/p>\n<\/div>\n<div class=\"mc-column content-text active-extra-styles \" style=\"text-align: justify;\" data-block-type=\"unstyled\" data-block-weight=\"47\" data-block-id=\"14\">\n<p class=\"content-text__container \" data-track-category=\"Link no Texto\" data-track-links=\"\">A sequ\u00eancia de recordes teve in\u00edcio no final do m\u00eas de setembro, quando\u00a0<a href=\"https:\/\/g1.globo.com\/sp\/bauru-marilia\/noticia\/2020\/09\/30\/com-recorde-de-temperatura-bauru-tem-tarde-mais-quente-do-ano.ghtml\">Bauru registrou 39,9\u00baC no dia 30<\/a>. De acordo com dados do IPMet, essa j\u00e1 seria a temperatura mais alta no munic\u00edpio desde 2001, ano em que o instituto come\u00e7ou a registrar o indicador.<\/p>\n<\/div>\n<div class=\"mc-column content-text active-extra-styles \" data-block-type=\"unstyled\" data-block-weight=\"12\" data-block-id=\"15\">\n<p class=\"content-text__container \" style=\"text-align: justify;\" data-track-category=\"Link no Texto\" data-track-links=\"\">Depois disso,\u00a0<a href=\"https:\/\/g1.globo.com\/sp\/bauru-marilia\/noticia\/2020\/10\/01\/pelo-segundo-dia-seguido-bauru-bate-recorde-de-temperatura-e-supera-os-40c.ghtml\">Bauru registrou 40\u00baC na quinta<\/a>\u00a0e\u00a0<a href=\"https:\/\/g1.globo.com\/sp\/bauru-marilia\/noticia\/2020\/10\/02\/pelo-terceiro-dia-seguido-bauru-bate-recorde-de-temperatura-e-atinge-403c.ghtml\">40,3\u00baC na sexta<\/a>.<\/p>\n<div class=\"mc-column content-text active-extra-styles \" style=\"text-align: justify;\" data-block-type=\"unstyled\" data-block-weight=\"23\" data-block-id=\"19\">\n<p class=\"content-text__container \" data-track-category=\"Link no Texto\" data-track-links=\"\">Por causa do calor, o Inmet\u00a0<a href=\"https:\/\/g1.globo.com\/natureza\/noticia\/2020\/10\/06\/onda-de-calor-continua-e-inmet-alerta-para-risco-de-morte-em-parte-do-brasil.ghtml\">emitiu um alerta para o perigo de morte por hipertermia<\/a>\u00a0em partes do Centro-Oeste e do Sudeste.<\/p>\n<\/div>\n<div class=\"mc-column content-text active-extra-styles \" style=\"text-align: justify;\" data-block-type=\"unstyled\" data-block-weight=\"25\" data-block-id=\"20\">\n<p class=\"content-text__container \" data-track-category=\"Link no Texto\" data-track-links=\"\">A hipertermia \u00e9 a condi\u00e7\u00e3o caracterizada pela eleva\u00e7\u00e3o da temperatura corporal quando o organismo produz (febre) ou absorve mais calor do que consegue dissipar.<\/p>\n<\/div>\n<div class=\"mc-column content-text active-extra-styles \" style=\"text-align: justify;\" data-block-type=\"unstyled\" data-block-weight=\"23\" data-block-id=\"21\">\n<p class=\"content-text__container \" data-track-category=\"Link no Texto\" data-track-links=\"\">O meteorologista do Inmet Olivio Bahia explicou ao\u00a0<strong>G1<\/strong>\u00a0<a href=\"https:\/\/g1.globo.com\/natureza\/noticia\/2020\/10\/06\/onda-de-calor-continua-e-inmet-alerta-para-risco-de-morte-em-parte-do-brasil.ghtml\">que no Brasil n\u00e3o \u00e9 comum ver morte associada a onda de calor.<\/a><\/p>\n<p class=\"content-text__container \" data-track-category=\"Link no Texto\" data-track-links=\"\"><span style=\"font-style: italic; text-align: center;\">\u201cNo Brasil n\u00e3o \u00e9 comum, mas sabemos que o corpo humano sente. Essas mortes provocadas pelas ondas de calor s\u00e3o mais frequentes na Europa\u201d, diz.<\/span><\/p>\n<\/div>\n<div class=\"mc-column content-text active-extra-styles \" style=\"text-align: justify;\" data-block-type=\"unstyled\" data-block-weight=\"21\" data-block-id=\"23\">\n<p class=\"content-text__container \" data-track-category=\"Link no Texto\" data-track-links=\"\">Bahia explica que o aviso \u00e9 emitido quando as temperaturas registradas superam em cinco graus a temperatura m\u00e9dia em determinada \u00e1rea.<\/p>\n<\/div>\n<div class=\"mc-column content-text active-extra-styles \" style=\"text-align: justify;\" data-block-type=\"unstyled\" data-block-weight=\"39\" data-block-id=\"24\">\n<p class=\"content-text__container \" data-track-category=\"Link no Texto\" data-track-links=\"\">\u201cDe dois a tr\u00eas dias, o alerta \u00e9 amarelo. O laranja \u00e9 quando a condi\u00e7\u00e3o de temperatura acima da m\u00e9dia varia de tr\u00eas a cinco dias. Acima de cinco dias, como agora, o alerta passa a ser vermelho.&#8221;<\/p>\n<\/div>\n<p style=\"text-align: justify;\" data-track-category=\"Link no Texto\" data-track-links=\"\">Fonte: G1<\/p>\n<\/div>\n<\/div>\n","protected":false},"excerpt":{"rendered":"<p>Term\u00f4metros marcaram 43,5\u00baC \u00e0s 15h nesta quarta-feira (7), segundo medi\u00e7\u00f5es do Instituto Nacional de Meteorologia (Inmet). O\u00a0estado de S\u00e3o Paulo registrou a maior temperatura dos \u00faltimos 87 anos, nesta quarta-feira (7), segundo o Instituto Nacional de Meteorologia (Inmet). O\u00a0recorde hist\u00f3rico foi marcado em Lins, cidade do interior paulista,\u00a0com 43,5\u00baC. De acordo com o Instituto, at\u00e9 [&hellip;]<\/p>\n","protected":false},"author":1,"featured_media":36500,"comment_status":"closed","ping_status":"open","sticky":false,"template":"","format":"standard","meta":{"footnotes":""},"categories":[114,110],"tags":[],"class_list":["post-36499","post","type-post","status-publish","format-standard","has-post-thumbnail","hentry","category-geralecomercio","category-noticiasdestaque"],"_links":{"self":[{"href":"https:\/\/jorgezanoni.com.br\/2019\/wp-json\/wp\/v2\/posts\/36499","targetHints":{"allow":["GET"]}}],"collection":[{"href":"https:\/\/jorgezanoni.com.br\/2019\/wp-json\/wp\/v2\/posts"}],"about":[{"href":"https:\/\/jorgezanoni.com.br\/2019\/wp-json\/wp\/v2\/types\/post"}],"author":[{"embeddable":true,"href":"https:\/\/jorgezanoni.com.br\/2019\/wp-json\/wp\/v2\/users\/1"}],"replies":[{"embeddable":true,"href":"https:\/\/jorgezanoni.com.br\/2019\/wp-json\/wp\/v2\/comments?post=36499"}],"version-history":[{"count":0,"href":"https:\/\/jorgezanoni.com.br\/2019\/wp-json\/wp\/v2\/posts\/36499\/revisions"}],"wp:featuredmedia":[{"embeddable":true,"href":"https:\/\/jorgezanoni.com.br\/2019\/wp-json\/wp\/v2\/media\/36500"}],"wp:attachment":[{"href":"https:\/\/jorgezanoni.com.br\/2019\/wp-json\/wp\/v2\/media?parent=36499"}],"wp:term":[{"taxonomy":"category","embeddable":true,"href":"https:\/\/jorgezanoni.com.br\/2019\/wp-json\/wp\/v2\/categories?post=36499"},{"taxonomy":"post_tag","embeddable":true,"href":"https:\/\/jorgezanoni.com.br\/2019\/wp-json\/wp\/v2\/tags?post=36499"}],"curies":[{"name":"wp","href":"https:\/\/api.w.org\/{rel}","templated":true}]}}