{"id":36496,"date":"2020-10-07T23:45:18","date_gmt":"2020-10-07T23:45:18","guid":{"rendered":"https:\/\/jorgezanoni.com.br\/2019\/?p=36496"},"modified":"2020-10-07T23:45:18","modified_gmt":"2020-10-07T23:45:18","slug":"agente-penitenciario-e-condenado-a-27-anos-de-prisao-pelo-assassinato-de-ex-namorada-em-adamantina","status":"publish","type":"post","link":"https:\/\/jorgezanoni.com.br\/2019\/agente-penitenciario-e-condenado-a-27-anos-de-prisao-pelo-assassinato-de-ex-namorada-em-adamantina\/","title":{"rendered":"Agente penitenci\u00e1rio \u00e9 condenado a 27 anos de pris\u00e3o pelo assassinato de ex-namorada em Adamantina"},"content":{"rendered":"<h2 class=\"content-head__subtitle\" style=\"text-align: justify;\"><strong>Tiago Pina recebeu pena por homic\u00eddio triplamente qualificado e oculta\u00e7\u00e3o de cad\u00e1ver. J\u00fari popular foi realizado nesta quarta-feira (7).<\/strong><\/h2>\n<div class=\"mc-column content-text active-extra-styles \" data-block-type=\"unstyled\" data-block-weight=\"34\" data-block-id=\"2\">\n<p class=\"content-text__container \" style=\"text-align: justify;\" data-track-category=\"Link no Texto\" data-track-links=\"\">O homem acusado de\u00a0<a href=\"https:\/\/g1.globo.com\/sp\/presidente-prudente-regiao\/noticia\/2019\/05\/28\/agente-penitenciario-e-preso-suspeito-de-matar-ex-namorada-cadaver-foi-localizado-em-canavial.ghtml\">matar a ex-namorada, de 30 anos, e abandonar o corpo dela em um canavial<\/a>\u00a0foi condenado a 27 anos de pris\u00e3o em j\u00fari popular nesta quarta-feira (7), em\u00a0<a href=\"https:\/\/g1.globo.com\/sp\/presidente-prudente-regiao\/cidade\/adamantina\/\">Adamantina (SP)<\/a>.<\/p>\n<\/div>\n<div class=\"wall protected-content\">\n<div class=\"mc-column content-text active-extra-styles \" style=\"text-align: justify;\" data-block-type=\"unstyled\" data-block-weight=\"28\" data-block-id=\"3\">\n<p class=\"content-text__container \" data-track-category=\"Link no Texto\" data-track-links=\"\">Tiago Pina cumprir\u00e1 a condena\u00e7\u00e3o em regime fechado pelos crimes de homic\u00eddio triplamente qualificado e oculta\u00e7\u00e3o de cad\u00e1ver, segundo a ju\u00edza Ruth Duarte Menegatti, que conduziu o julgamento.<\/p>\n<\/div>\n<div class=\"mc-column content-text active-extra-styles \" style=\"text-align: justify;\" data-block-type=\"unstyled\" data-block-weight=\"13\" data-block-id=\"4\">\n<p class=\"content-text__container \" data-track-category=\"Link no Texto\" data-track-links=\"\">Ainda foi negado a Pina o direito de recorrer da decis\u00e3o em liberdade.<\/p>\n<\/div>\n<div class=\"mc-column content-text active-extra-styles \" style=\"text-align: justify;\" data-block-type=\"unstyled\" data-block-weight=\"11\" data-block-id=\"5\">\n<p class=\"content-text__container \" data-track-category=\"Link no Texto\" data-track-links=\"\">O\u00a0<strong>G1\u00a0<\/strong>n\u00e3o conseguiu contato com a defesa do agente penitenci\u00e1rio.<\/p>\n<\/div>\n<div class=\"mc-column content-text active-extra-styles\" data-block-type=\"raw\" data-block-weight=\"13\" data-block-id=\"6\">\n<ul class=\"content-unordered-list\" style=\"text-align: justify;\">\n<li><a href=\"https:\/\/g1.globo.com\/sp\/presidente-prudente-regiao\/noticia\/2019\/05\/28\/agente-penitenciario-e-preso-suspeito-de-matar-ex-namorada-cadaver-foi-localizado-em-canavial.ghtml\">Agente penitenci\u00e1rio \u00e9 preso suspeito de matar ex-namorada; cad\u00e1ver foi localizado em canavial<\/a><\/li>\n<\/ul>\n<p style=\"text-align: justify;\">Fonte: G1<\/p>\n<\/div>\n<\/div>\n","protected":false},"excerpt":{"rendered":"<p>Tiago Pina recebeu pena por homic\u00eddio triplamente qualificado e oculta\u00e7\u00e3o de cad\u00e1ver. J\u00fari popular foi realizado nesta quarta-feira (7). O homem acusado de\u00a0matar a ex-namorada, de 30 anos, e abandonar o corpo dela em um canavial\u00a0foi condenado a 27 anos de pris\u00e3o em j\u00fari popular nesta quarta-feira (7), em\u00a0Adamantina (SP). Tiago Pina cumprir\u00e1 a condena\u00e7\u00e3o [&hellip;]<\/p>\n","protected":false},"author":1,"featured_media":36497,"comment_status":"closed","ping_status":"open","sticky":false,"template":"","format":"standard","meta":{"footnotes":""},"categories":[120,110],"tags":[],"class_list":["post-36496","post","type-post","status-publish","format-standard","has-post-thumbnail","hentry","category-justicahabitacaotecnologia","category-noticiasdestaque"],"_links":{"self":[{"href":"https:\/\/jorgezanoni.com.br\/2019\/wp-json\/wp\/v2\/posts\/36496","targetHints":{"allow":["GET"]}}],"collection":[{"href":"https:\/\/jorgezanoni.com.br\/2019\/wp-json\/wp\/v2\/posts"}],"about":[{"href":"https:\/\/jorgezanoni.com.br\/2019\/wp-json\/wp\/v2\/types\/post"}],"author":[{"embeddable":true,"href":"https:\/\/jorgezanoni.com.br\/2019\/wp-json\/wp\/v2\/users\/1"}],"replies":[{"embeddable":true,"href":"https:\/\/jorgezanoni.com.br\/2019\/wp-json\/wp\/v2\/comments?post=36496"}],"version-history":[{"count":0,"href":"https:\/\/jorgezanoni.com.br\/2019\/wp-json\/wp\/v2\/posts\/36496\/revisions"}],"wp:featuredmedia":[{"embeddable":true,"href":"https:\/\/jorgezanoni.com.br\/2019\/wp-json\/wp\/v2\/media\/36497"}],"wp:attachment":[{"href":"https:\/\/jorgezanoni.com.br\/2019\/wp-json\/wp\/v2\/media?parent=36496"}],"wp:term":[{"taxonomy":"category","embeddable":true,"href":"https:\/\/jorgezanoni.com.br\/2019\/wp-json\/wp\/v2\/categories?post=36496"},{"taxonomy":"post_tag","embeddable":true,"href":"https:\/\/jorgezanoni.com.br\/2019\/wp-json\/wp\/v2\/tags?post=36496"}],"curies":[{"name":"wp","href":"https:\/\/api.w.org\/{rel}","templated":true}]}}