{"id":36493,"date":"2020-10-07T23:21:16","date_gmt":"2020-10-07T23:21:16","guid":{"rendered":"https:\/\/jorgezanoni.com.br\/2019\/?p=36493"},"modified":"2020-10-07T23:21:16","modified_gmt":"2020-10-07T23:21:16","slug":"vigilancia-epidemiologica-de-dracena-registra-a-25a-morte-causada-pelo-novo-coronavirus","status":"publish","type":"post","link":"https:\/\/jorgezanoni.com.br\/2019\/vigilancia-epidemiologica-de-dracena-registra-a-25a-morte-causada-pelo-novo-coronavirus\/","title":{"rendered":"Vigil\u00e2ncia Epidemiol\u00f3gica de Dracena registra a 25\u00aa morte causada pelo novo coronav\u00edrus"},"content":{"rendered":"<h2 class=\"content-head__subtitle\" style=\"text-align: justify;\"><strong>De acordo com o \u00f3rg\u00e3o municipal, a v\u00edtima \u00e9 uma mulher de 86 anos, que estava internada no Hospital Regional de Presidente Prudente desde o dia 26 de setembro.<\/strong><\/h2>\n<div class=\"mc-column content-text active-extra-styles \" data-block-type=\"unstyled\" data-block-weight=\"30\" data-block-id=\"2\">\n<p class=\"content-text__container \" style=\"text-align: justify;\" data-track-category=\"Link no Texto\" data-track-links=\"\">A Vigil\u00e2ncia Epidemiol\u00f3gica de\u00a0<a href=\"https:\/\/g1.globo.com\/sp\/presidente-prudente-regiao\/cidade\/dracena\/\">Dracena<\/a>\u00a0informou, nesta quarta-feira (7), a morte de uma mulher de 86 anos causada pela Covid-19. Segundo a Prefeitura, este \u00e9 o 25\u00ba \u00f3bito pela doen\u00e7a.<\/p>\n<\/div>\n<div class=\"wall protected-content\">\n<div class=\"mc-column content-text active-extra-styles \" style=\"text-align: justify;\" data-block-type=\"unstyled\" data-block-weight=\"43\" data-block-id=\"3\">\n<p class=\"content-text__container \" data-track-category=\"Link no Texto\" data-track-links=\"\">Ainda de acordo com o \u00f3rg\u00e3o municipal, a idosa estava internada no Hospital Regional de Presidente Prudente deste o dia 26 de setembro. Ela morreu no \u00faltimo domingo (3) e o munic\u00edpio foi informado sobre a morte nesta ter\u00e7a-feira (6). Somente esta<\/p>\n<\/div>\n<div class=\"mc-column content-text active-extra-styles \" style=\"text-align: justify;\" data-block-type=\"unstyled\" data-block-weight=\"39\" data-block-id=\"4\">\n<p class=\"content-text__container \" data-track-category=\"Link no Texto\" data-track-links=\"\">Conforme o \u00faltimo informativo da Prefeitura de Dracena, at\u00e9 esta ter\u00e7a-feira (6), o munic\u00edpio registrou 936 casos positivos de Covid-19. Desse total, 869 moradores est\u00e3o curados, 41 pessoas est\u00e3o em isolamento domiciliar e dois pacientes seguem em tratamento hospitalar.<\/p>\n<\/div>\n<div class=\"mc-column content-text active-extra-styles \" data-block-type=\"unstyled\" data-block-weight=\"9\" data-block-id=\"5\">\n<p class=\"content-text__container \" style=\"text-align: justify;\" data-track-category=\"Link no Texto\" data-track-links=\"\">A Vigil\u00e2ncia Epidemiol\u00f3gica aguarda os resultados de 14 exames.<\/p>\n<p style=\"text-align: justify;\" data-track-category=\"Link no Texto\" data-track-links=\"\">Fonte: G1<\/p>\n<\/div>\n<\/div>\n","protected":false},"excerpt":{"rendered":"<p>De acordo com o \u00f3rg\u00e3o municipal, a v\u00edtima \u00e9 uma mulher de 86 anos, que estava internada no Hospital Regional de Presidente Prudente desde o dia 26 de setembro. A Vigil\u00e2ncia Epidemiol\u00f3gica de\u00a0Dracena\u00a0informou, nesta quarta-feira (7), a morte de uma mulher de 86 anos causada pela Covid-19. Segundo a Prefeitura, este \u00e9 o 25\u00ba \u00f3bito [&hellip;]<\/p>\n","protected":false},"author":1,"featured_media":36494,"comment_status":"closed","ping_status":"open","sticky":false,"template":"","format":"standard","meta":{"footnotes":""},"categories":[178,110],"tags":[],"class_list":["post-36493","post","type-post","status-publish","format-standard","has-post-thumbnail","hentry","category-notadefalecimento","category-noticiasdestaque"],"_links":{"self":[{"href":"https:\/\/jorgezanoni.com.br\/2019\/wp-json\/wp\/v2\/posts\/36493","targetHints":{"allow":["GET"]}}],"collection":[{"href":"https:\/\/jorgezanoni.com.br\/2019\/wp-json\/wp\/v2\/posts"}],"about":[{"href":"https:\/\/jorgezanoni.com.br\/2019\/wp-json\/wp\/v2\/types\/post"}],"author":[{"embeddable":true,"href":"https:\/\/jorgezanoni.com.br\/2019\/wp-json\/wp\/v2\/users\/1"}],"replies":[{"embeddable":true,"href":"https:\/\/jorgezanoni.com.br\/2019\/wp-json\/wp\/v2\/comments?post=36493"}],"version-history":[{"count":0,"href":"https:\/\/jorgezanoni.com.br\/2019\/wp-json\/wp\/v2\/posts\/36493\/revisions"}],"wp:featuredmedia":[{"embeddable":true,"href":"https:\/\/jorgezanoni.com.br\/2019\/wp-json\/wp\/v2\/media\/36494"}],"wp:attachment":[{"href":"https:\/\/jorgezanoni.com.br\/2019\/wp-json\/wp\/v2\/media?parent=36493"}],"wp:term":[{"taxonomy":"category","embeddable":true,"href":"https:\/\/jorgezanoni.com.br\/2019\/wp-json\/wp\/v2\/categories?post=36493"},{"taxonomy":"post_tag","embeddable":true,"href":"https:\/\/jorgezanoni.com.br\/2019\/wp-json\/wp\/v2\/tags?post=36493"}],"curies":[{"name":"wp","href":"https:\/\/api.w.org\/{rel}","templated":true}]}}