{"id":36490,"date":"2020-10-07T22:53:07","date_gmt":"2020-10-07T22:53:07","guid":{"rendered":"https:\/\/jorgezanoni.com.br\/2019\/?p=36490"},"modified":"2020-10-07T22:53:07","modified_gmt":"2020-10-07T22:53:07","slug":"presidente-prudente-e-dracena-aparecem-na-lista-das-cidades-com-as-maiores-temperaturas-no-pais","status":"publish","type":"post","link":"https:\/\/jorgezanoni.com.br\/2019\/presidente-prudente-e-dracena-aparecem-na-lista-das-cidades-com-as-maiores-temperaturas-no-pais\/","title":{"rendered":"Presidente Prudente e Dracena aparecem na lista das cidades com as maiores temperaturas no pa\u00eds"},"content":{"rendered":"<h2 class=\"content-head__subtitle\" style=\"text-align: justify;\"><strong>O maior munic\u00edpio do Oeste Paulista registrou 41,8 \u00baC e o da Nova Alta Paulista chegou a 42,4 \u00baC, nesta ter\u00e7a-feira (6), segundo o Instituto Nacional de Meteorologia (Inmet).<\/strong><\/h2>\n<div class=\"mc-column content-text active-extra-styles \" data-block-type=\"unstyled\" data-block-weight=\"52\" data-block-id=\"2\">\n<p class=\"content-text__container \" style=\"text-align: justify;\" data-track-category=\"Link no Texto\" data-track-links=\"\">O Oeste Paulista teve duas representantes na lista das cidades com as maiores temperaturas, nesta ter\u00e7a-feira (6), no Brasil. Segundo o levantamento do Instituto Nacional de Meteorologia (Inmet), entre os 20 registros mais altos,\u00a0<a href=\"https:\/\/g1.globo.com\/sp\/presidente-prudente-regiao\/cidade\/dracena\/\">Dracena<\/a>\u00a0ficou em s\u00e9timo lugar, com 42,4 \u00baC, e\u00a0<a href=\"https:\/\/g1.globo.com\/sp\/presidente-prudente-regiao\/cidade\/presidente-prudente\/\">Presidente Prudente<\/a>\u00a0apareceu na 15\u00aa coloca\u00e7\u00e3o, com 41,8 \u00baC.<\/p>\n<\/div>\n<div class=\"wall protected-content\">\n<div class=\"mc-column content-text active-extra-styles \" style=\"text-align: justify;\" data-block-type=\"unstyled\" data-block-weight=\"31\" data-block-id=\"3\">\n<p class=\"content-text__container \" data-track-category=\"Link no Texto\" data-track-links=\"\">As duas temperaturas s\u00e3o recordes nos dois munic\u00edpios. Dracena foi a primeira cidade do Estado de S\u00e3o Paulo na lista, &#8220;perdendo&#8221; para munic\u00edpios de Mato Grosso do Sul e Mato Grosso.<\/p>\n<\/div>\n<div class=\"row medium-uncollapsed content-media content-photo\" style=\"text-align: justify;\" data-block-type=\"backstage-photo\" data-block-id=\"4\">\n<div class=\"column medium-22 large-20 medium-centered content-media__container\">\n<figure><img decoding=\"async\" class=\"i-amphtml-fill-content i-amphtml-replaced-content i-amphtml-ghost\" src=\"https:\/\/s2.glbimg.com\/mDoqjYJdhwpQmlbqDr01E-3YLfA=\/0x0:1823x750\/1008x0\/smart\/filters:strip_icc()\/i.s3.glbimg.com\/v1\/AUTH_59edd422c0c84a879bd37670ae4f538a\/internal_photos\/bs\/2020\/E\/E\/5Lxe0cS0yKRAPuRWyo8g\/temperaturas.jpg\" srcset=\"\" alt=\"Maiores temperaturas registradas nas \u00faltimas 24h \u2014 Foto: Reprodu\u00e7\u00e3o\/Inmet\" \/><\/figure>\n<p class=\"content-media__description \">Maiores temperaturas registradas nas \u00faltimas 24h \u2014 Foto: Reprodu\u00e7\u00e3o\/Inmet<\/p>\n<\/div>\n<\/div>\n<div class=\"mc-column content-text active-extra-styles\" style=\"text-align: justify;\" data-block-type=\"raw\" data-block-weight=\"4\" data-block-id=\"5\">\n<div class=\"content-intertitle\">\n<h2>Umidade relativa do ar<\/h2>\n<\/div>\n<\/div>\n<div class=\"row medium-uncollapsed content-media content-photo\" style=\"text-align: justify;\" data-block-type=\"backstage-photo\" data-block-id=\"6\">\n<div class=\"column medium-22 large-20 medium-centered content-media__container\">\n<figure><img decoding=\"async\" class=\"i-amphtml-fill-content i-amphtml-replaced-content\" src=\"https:\/\/s2.glbimg.com\/shxyJEOB7h_2mtEGnbGtyBEetVI=\/0x0:1823x750\/1008x0\/smart\/filters:strip_icc()\/i.s3.glbimg.com\/v1\/AUTH_59edd422c0c84a879bd37670ae4f538a\/internal_photos\/bs\/2020\/q\/C\/rH7hJ9R8q0j1IPZ95nOg\/umidade.jpg\" srcset=\"\" alt=\"Menores umidades registradas nas \u00faltimas 24h \u2014 Foto: Reprodu\u00e7\u00e3o\/Inmet\" \/><\/figure>\n<p class=\"content-media__description \">Menores umidades registradas nas \u00faltimas 24h \u2014 Foto: Reprodu\u00e7\u00e3o\/Inmet<\/p>\n<\/div>\n<\/div>\n<div class=\"content-ads content-ads--reveal\" style=\"text-align: justify;\" data-block-type=\"ads\" data-block-id=\"7\">\n<div id=\"banner_materia2\" class=\"tag-manager-publicidade-container mc-has-reveal mc-has-ad-lazyload\" data-id=\"banner_materia2\"><\/div>\n<\/div>\n<div class=\"mc-column content-text active-extra-styles \" style=\"text-align: justify;\" data-block-type=\"unstyled\" data-block-weight=\"47\" data-block-id=\"8\">\n<p class=\"content-text__container \" data-track-category=\"Link no Texto\" data-track-links=\"\">Al\u00e9m disso, Presidente Prudente tamb\u00e9m entrou no\u00a0<em>ranking\u00a0<\/em>das menores umidades registradas em 24h, com apenas 9%, em s\u00e9timo lugar, atr\u00e1s de cidades dos estados de Goi\u00e1s, Mato Grosso do Sul, Bahia, Paran\u00e1 e Par\u00e1, sendo a primeira do Estado de S\u00e3o Paulo a aparecer no levantamento.<\/p>\n<\/div>\n<div class=\"mc-column content-text active-extra-styles\" style=\"text-align: justify;\" data-block-type=\"raw\" data-block-weight=\"1\" data-block-id=\"9\">\n<div class=\"content-intertitle\">\n<h2>Alerta<\/h2>\n<\/div>\n<\/div>\n<div class=\"mc-column content-text active-extra-styles \" style=\"text-align: justify;\" data-block-type=\"unstyled\" data-block-weight=\"31\" data-block-id=\"10\">\n<p class=\"content-text__container \" data-track-category=\"Link no Texto\" data-track-links=\"\">O Inmet tamb\u00e9m emitiu um\u00a0<a href=\"https:\/\/g1.globo.com\/natureza\/noticia\/2020\/10\/06\/onda-de-calor-continua-e-inmet-alerta-para-risco-de-morte-em-parte-do-brasil.ghtml?utm_source=facebook&amp;utm_medium=social&amp;utm_campaign=g1&amp;fbclid=IwAR1IDPHbDPbUpEgYQ66RnOybYwyagz3eZQCIAoPDLQWHN-lwOGsWXLOzokM\">alerta para o perigo de morte por hipertermia em v\u00e1rias regi\u00f5es do pa\u00eds<\/a>. O comunicado vale para esta quinta (8) ou sexta-feira (9), dependendo da localidade.<\/p>\n<\/div>\n<div class=\"mc-column content-text active-extra-styles \" style=\"text-align: justify;\" data-block-type=\"unstyled\" data-block-weight=\"24\" data-block-id=\"11\">\n<p class=\"content-text__container \" data-track-category=\"Link no Texto\" data-track-links=\"\">A hipertermia \u00e9 a condi\u00e7\u00e3o caracterizada pela eleva\u00e7\u00e3o da temperatura corporal quando o organismo produz (febre) ou absorve mais calor do que consegue dissipar.<\/p>\n<\/div>\n<div class=\"row medium-uncollapsed content-media content-photo\" style=\"text-align: justify;\" data-block-type=\"backstage-photo\" data-block-id=\"12\">\n<div class=\"mc-column content-media__container\">\n<figure><img decoding=\"async\" class=\"i-amphtml-fill-content i-amphtml-replaced-content\" src=\"https:\/\/s2.glbimg.com\/OfEbiRRdP3O914mni1Os_oftchg=\/0x0:650x787\/984x0\/smart\/filters:strip_icc()\/i.s3.glbimg.com\/v1\/AUTH_59edd422c0c84a879bd37670ae4f538a\/internal_photos\/bs\/2020\/x\/x\/pQVfrdSS20V6WKEOUfHQ\/area-de-grande-perigo-devido-ao-calor-segundo-inmet-v2.jpg\" sizes=\"(max-width: 1366px) 648px, 100vw\" srcset=\"https:\/\/s2.glbimg.com\/oPinWuanL27hPWxUh7GZrrQ4CRk=\/0x0:650x787\/1000x0\/smart\/filters:strip_icc()\/i.s3.glbimg.com\/v1\/AUTH_59edd422c0c84a879bd37670ae4f538a\/internal_photos\/bs\/2020\/x\/x\/pQVfrdSS20V6WKEOUfHQ\/area-de-grande-perigo-devido-ao-calor-segundo-inmet-v2.jpg 1000w, https:\/\/s2.glbimg.com\/OfEbiRRdP3O914mni1Os_oftchg=\/0x0:650x787\/984x0\/smart\/filters:strip_icc()\/i.s3.glbimg.com\/v1\/AUTH_59edd422c0c84a879bd37670ae4f538a\/internal_photos\/bs\/2020\/x\/x\/pQVfrdSS20V6WKEOUfHQ\/area-de-grande-perigo-devido-ao-calor-segundo-inmet-v2.jpg 984w, https:\/\/s2.glbimg.com\/78MQs92m5KL6tYVUtkx0fMjvvag=\/0x0:650x787\/640x0\/smart\/filters:strip_icc()\/i.s3.glbimg.com\/v1\/AUTH_59edd422c0c84a879bd37670ae4f538a\/internal_photos\/bs\/2020\/x\/x\/pQVfrdSS20V6WKEOUfHQ\/area-de-grande-perigo-devido-ao-calor-segundo-inmet-v2.jpg 640w, https:\/\/s2.glbimg.com\/cd24JQ6fP2RwyLQkwisJ4X1TDfk=\/0x0:650x787\/600x0\/smart\/filters:strip_icc()\/i.s3.glbimg.com\/v1\/AUTH_59edd422c0c84a879bd37670ae4f538a\/internal_photos\/bs\/2020\/x\/x\/pQVfrdSS20V6WKEOUfHQ\/area-de-grande-perigo-devido-ao-calor-segundo-inmet-v2.jpg 600w\" alt=\"\u00c1rea de grande perigo devido o calor, segundo Inmet \u2014 Foto: Arte\/G1\" \/><\/figure>\n<p class=\"content-media__description \">\u00c1rea de grande perigo devido o calor, segundo Inmet \u2014 Foto: Arte\/G1<\/p>\n<\/div>\n<\/div>\n<div class=\"mc-column content-text active-extra-styles\" style=\"text-align: justify;\" data-block-type=\"raw\" data-block-weight=\"5\" data-block-id=\"13\">\n<div class=\"content-intertitle\">\n<h2>Cinco graus acima da m\u00e9dia<\/h2>\n<\/div>\n<\/div>\n<div class=\"mc-column content-text active-extra-styles \" style=\"text-align: justify;\" data-block-type=\"unstyled\" data-block-weight=\"45\" data-block-id=\"14\">\n<p class=\"content-text__container \" data-track-category=\"Link no Texto\" data-track-links=\"\">O meteorologista do Inmet, Olivio Bahia, explica que no Brasil n\u00e3o \u00e9 comum ver morte associada a onda de calor. \u201cNo Brasil n\u00e3o \u00e9 comum, mas sabemos que o corpo humano sente. Essas mortes provocadas pelas ondas de calor s\u00e3o mais frequentes na Europa\u201d, diz.<\/p>\n<\/div>\n<div class=\"mc-column content-text active-extra-styles \" style=\"text-align: justify;\" data-block-type=\"unstyled\" data-block-weight=\"60\" data-block-id=\"15\">\n<p class=\"content-text__container \" data-track-category=\"Link no Texto\" data-track-links=\"\">Bahia explica que o aviso \u00e9 emitido quando as temperaturas registradas superam em cinco graus a temperatura m\u00e9dia em determinada \u00e1rea. \u201cDe dois a tr\u00eas dias, o alerta \u00e9 amarelo. O laranja \u00e9 quando a condi\u00e7\u00e3o de temperatura acima da m\u00e9dia varia de tr\u00eas a cinco dias. Acima de cinco dias, como agora, o alerta passa a ser vermelho\u201d, detalha.<\/p>\n<\/div>\n<div class=\"content-ads content-ads--reveal\" style=\"text-align: justify;\" data-block-type=\"ads\" data-block-id=\"16\">\n<div id=\"banner_materia__9434b571-77df-49cc-8176-03db822b375c\" class=\"tag-manager-publicidade-container mc-has-reveal mc-has-ad-lazyload\" data-id=\"banner_materia__9434b571-77df-49cc-8176-03db822b375c\"><\/div>\n<\/div>\n<div class=\"mc-column content-text active-extra-styles \" style=\"text-align: justify;\" data-block-type=\"unstyled\" data-block-weight=\"57\" data-block-id=\"17\">\n<p class=\"content-text__container \" data-track-category=\"Link no Texto\" data-track-links=\"\">Segundo o Inmet, as regi\u00f5es que registrar\u00e3o 5\u00baC acima da m\u00e9dia, por mais de cinco dias consecutivos, s\u00e3o: Distrito Federal, Goi\u00e1s, Mato Grosso, Mato Grosso do Sul, Minas Gerais, Tocantins e S\u00e3o Paulo. No territ\u00f3rio paulista, aparecem as regi\u00f5es de Campinas, Bauru, Araraquara, Piracicaba, Ribeir\u00e3o Preto, Ara\u00e7atuba, S\u00e3o Jos\u00e9 Do Rio Preto, Presidente Prudente, Mar\u00edlia e Assis.<\/p>\n<\/div>\n<div class=\"mc-column content-text active-extra-styles \" style=\"text-align: justify;\" data-block-type=\"unstyled\" data-block-weight=\"43\" data-block-id=\"18\">\n<p class=\"content-text__container \" data-track-category=\"Link no Texto\" data-track-links=\"\">Em caso de emerg\u00eancia, o Inmet recomenda que a popula\u00e7\u00e3o contate a Defesa Civil (telefone 199). As pessoas tamb\u00e9m devem aumentar a ingest\u00e3o de l\u00edquidos, evitar a pr\u00e1tica de atividades f\u00edsicas ao ar livre entre as 10h e 17h e usar protetor solar.<\/p>\n<\/div>\n<div class=\"mc-column content-text active-extra-styles\" data-block-type=\"raw\" data-block-weight=\"15\" data-block-id=\"19\">\n<ul class=\"content-unordered-list\" style=\"text-align: justify;\">\n<li><a href=\"https:\/\/g1.globo.com\/natureza\/noticia\/2020\/10\/06\/onda-de-calor-continua-e-inmet-alerta-para-risco-de-morte-em-parte-do-brasil.ghtml?utm_source=facebook&amp;utm_medium=social&amp;utm_campaign=g1&amp;fbclid=IwAR1IDPHbDPbUpEgYQ66RnOybYwyagz3eZQCIAoPDLQWHN-lwOGsWXLOzokM\">Onda de calor continua e Inmet alerta para risco de morte em parte do Brasil<\/a><\/li>\n<\/ul>\n<p style=\"text-align: justify;\">Fonte: G1<\/p>\n<\/div>\n<\/div>\n","protected":false},"excerpt":{"rendered":"<p>O maior munic\u00edpio do Oeste Paulista registrou 41,8 \u00baC e o da Nova Alta Paulista chegou a 42,4 \u00baC, nesta ter\u00e7a-feira (6), segundo o Instituto Nacional de Meteorologia (Inmet). O Oeste Paulista teve duas representantes na lista das cidades com as maiores temperaturas, nesta ter\u00e7a-feira (6), no Brasil. Segundo o levantamento do Instituto Nacional de [&hellip;]<\/p>\n","protected":false},"author":1,"featured_media":36491,"comment_status":"closed","ping_status":"open","sticky":false,"template":"","format":"standard","meta":{"footnotes":""},"categories":[114,110],"tags":[],"class_list":["post-36490","post","type-post","status-publish","format-standard","has-post-thumbnail","hentry","category-geralecomercio","category-noticiasdestaque"],"_links":{"self":[{"href":"https:\/\/jorgezanoni.com.br\/2019\/wp-json\/wp\/v2\/posts\/36490","targetHints":{"allow":["GET"]}}],"collection":[{"href":"https:\/\/jorgezanoni.com.br\/2019\/wp-json\/wp\/v2\/posts"}],"about":[{"href":"https:\/\/jorgezanoni.com.br\/2019\/wp-json\/wp\/v2\/types\/post"}],"author":[{"embeddable":true,"href":"https:\/\/jorgezanoni.com.br\/2019\/wp-json\/wp\/v2\/users\/1"}],"replies":[{"embeddable":true,"href":"https:\/\/jorgezanoni.com.br\/2019\/wp-json\/wp\/v2\/comments?post=36490"}],"version-history":[{"count":0,"href":"https:\/\/jorgezanoni.com.br\/2019\/wp-json\/wp\/v2\/posts\/36490\/revisions"}],"wp:featuredmedia":[{"embeddable":true,"href":"https:\/\/jorgezanoni.com.br\/2019\/wp-json\/wp\/v2\/media\/36491"}],"wp:attachment":[{"href":"https:\/\/jorgezanoni.com.br\/2019\/wp-json\/wp\/v2\/media?parent=36490"}],"wp:term":[{"taxonomy":"category","embeddable":true,"href":"https:\/\/jorgezanoni.com.br\/2019\/wp-json\/wp\/v2\/categories?post=36490"},{"taxonomy":"post_tag","embeddable":true,"href":"https:\/\/jorgezanoni.com.br\/2019\/wp-json\/wp\/v2\/tags?post=36490"}],"curies":[{"name":"wp","href":"https:\/\/api.w.org\/{rel}","templated":true}]}}