{"id":36487,"date":"2020-10-07T22:21:35","date_gmt":"2020-10-07T22:21:35","guid":{"rendered":"https:\/\/jorgezanoni.com.br\/2019\/?p=36487"},"modified":"2020-10-07T22:21:35","modified_gmt":"2020-10-07T22:21:35","slug":"defesa-civil-alerta-para-consequencias-drasticas-de-incendios-criminosos-em-osvaldo-cruz","status":"publish","type":"post","link":"https:\/\/jorgezanoni.com.br\/2019\/defesa-civil-alerta-para-consequencias-drasticas-de-incendios-criminosos-em-osvaldo-cruz\/","title":{"rendered":"Defesa Civil alerta para consequ\u00eancias \u2018dr\u00e1sticas\u2019 de inc\u00eandios criminosos em Osvaldo Cruz"},"content":{"rendered":"<h2 class=\"content-head__subtitle\" style=\"text-align: justify;\"><strong>Chegamos \u00e0 conclus\u00e3o de que h\u00e1 uma pessoa passando pelos locais e ateando fogo\u2019, afirmou a coordenadora do \u00f3rg\u00e3o, Silvana Maciel.<\/strong><\/h2>\n<div class=\"mc-column content-text active-extra-styles \" data-block-type=\"unstyled\" data-block-weight=\"19\" data-block-id=\"2\">\n<p class=\"content-text__container \" style=\"text-align: justify;\" data-track-category=\"Link no Texto\" data-track-links=\"\">A Defesa Civil fez um alerta nesta quarta-feira (7) sobre a ocorr\u00eancia de inc\u00eandios supostamente criminosos em\u00a0<a href=\"https:\/\/g1.globo.com\/sp\/presidente-prudente-regiao\/cidade\/osvaldo-cruz\/\">Osvaldo Cruz<\/a>.<\/p>\n<\/div>\n<div class=\"wall protected-content\">\n<div class=\"mc-column content-text active-extra-styles \" style=\"text-align: justify;\" data-block-type=\"unstyled\" data-block-weight=\"22\" data-block-id=\"3\">\n<p class=\"content-text__container \" data-track-category=\"Link no Texto\" data-track-links=\"\">A coordenadora da Defesa Civil, Silvana Maciel, esteve no local da ocorr\u00eancia e alertou sobre os perigos que encontrou nas propriedades.<\/p>\n<\/div>\n<div class=\"mc-column content-text active-extra-styles \" style=\"text-align: justify;\" data-block-type=\"unstyled\" data-block-weight=\"57\" data-block-id=\"4\">\n<p class=\"content-text__container \" data-track-category=\"Link no Texto\" data-track-links=\"\">\u201cJ\u00e1 n\u00e3o bastam as altas temperaturas, a baixa umidade relativa do ar, vem mais a quest\u00e3o dos inc\u00eandios criminosos. Pois chegamos \u00e0 conclus\u00e3o de que h\u00e1 uma pessoa passando pelos locais e ateando fogo. E as consequ\u00eancias disso t\u00eam sido dr\u00e1sticas, tanto para a nossa sa\u00fade, por conta da polui\u00e7\u00e3o, quanto para o meio ambiente\u201d, afirmou.<\/p>\n<\/div>\n<div class=\"mc-column content-text active-extra-styles \" style=\"text-align: justify;\" data-block-type=\"unstyled\" data-block-weight=\"48\" data-block-id=\"5\">\n<p class=\"content-text__container \" data-track-category=\"Link no Texto\" data-track-links=\"\">\u201cSitua\u00e7\u00f5es muito dif\u00edceis t\u00eam sido observadas em rela\u00e7\u00e3o a esses inc\u00eandios, infelizmente esta pr\u00e1tica persiste na nossa regi\u00e3o como um todo. N\u00f3s, da Defesa Civil, temos o nosso grupo, onde s\u00e3o relatadas ocorr\u00eancias di\u00e1rias de inc\u00eandio, que se alastram e se tornam inc\u00eandios de grandes propor\u00e7\u00f5es&#8221;, completou.<\/p>\n<\/div>\n<div class=\"mc-column content-text active-extra-styles \" style=\"text-align: justify;\" data-block-type=\"unstyled\" data-block-weight=\"81\" data-block-id=\"6\">\n<p class=\"content-text__container \" data-track-category=\"Link no Texto\" data-track-links=\"\">\u201cSe o propriet\u00e1rio possui uma \u00e1rea de mata permanente, mas n\u00e3o mant\u00e9m o seu acero, que \u00e9 uma \u00e1rea sem vegeta\u00e7\u00e3o, de terra tombada, ou constantemente ro\u00e7ada, para que o fogo n\u00e3o se propague, que n\u00e3o adentre a mata e cause um impacto ambiental gigantesco, que temos visto, o propriet\u00e1rio \u00e9 respons\u00e1vel. Diferentemente de quando h\u00e1 um princ\u00edpio de fogo em vegeta\u00e7\u00e3o e por conta dos acessos esse fogo n\u00e3o se propaga na sua propriedade e nas propriedades vizinhas\u201d, completou.<\/p>\n<\/div>\n<div class=\"content-ads content-ads--reveal\" style=\"text-align: justify;\" data-block-type=\"ads\" data-block-id=\"7\">\n<div id=\"banner_materia2\" class=\"tag-manager-publicidade-container mc-has-reveal mc-has-ad-lazyload\" data-id=\"banner_materia2\"><\/div>\n<\/div>\n<div class=\"row medium-uncollapsed content-media content-photo\" style=\"text-align: justify;\" data-block-type=\"backstage-photo\" data-block-id=\"8\">\n<div class=\"mc-column content-media__container\">\n<figure><img decoding=\"async\" class=\"i-amphtml-fill-content i-amphtml-replaced-content\" src=\"https:\/\/s2.glbimg.com\/3X673ZfPnsRc05wrCX4pk6c3qD8=\/0x0:1280x720\/984x0\/smart\/filters:strip_icc()\/i.s3.glbimg.com\/v1\/AUTH_59edd422c0c84a879bd37670ae4f538a\/internal_photos\/bs\/2020\/J\/h\/ASjwHnRw2GeGAlAx5pKw\/osvaldo-3.jpg\" sizes=\"(max-width: 1366px) 648px, 100vw\" srcset=\"https:\/\/s2.glbimg.com\/wgMVBLS2ynGOfOP1ry5khmZqd8I=\/0x0:1280x720\/1000x0\/smart\/filters:strip_icc()\/i.s3.glbimg.com\/v1\/AUTH_59edd422c0c84a879bd37670ae4f538a\/internal_photos\/bs\/2020\/J\/h\/ASjwHnRw2GeGAlAx5pKw\/osvaldo-3.jpg 1000w, https:\/\/s2.glbimg.com\/3X673ZfPnsRc05wrCX4pk6c3qD8=\/0x0:1280x720\/984x0\/smart\/filters:strip_icc()\/i.s3.glbimg.com\/v1\/AUTH_59edd422c0c84a879bd37670ae4f538a\/internal_photos\/bs\/2020\/J\/h\/ASjwHnRw2GeGAlAx5pKw\/osvaldo-3.jpg 984w, https:\/\/s2.glbimg.com\/cqAod8DOYG3atAyM8HaNslUjkAs=\/0x0:1280x720\/640x0\/smart\/filters:strip_icc()\/i.s3.glbimg.com\/v1\/AUTH_59edd422c0c84a879bd37670ae4f538a\/internal_photos\/bs\/2020\/J\/h\/ASjwHnRw2GeGAlAx5pKw\/osvaldo-3.jpg 640w, https:\/\/s2.glbimg.com\/n1sV-IkoMepEYl_Sv61leCEFy-w=\/0x0:1280x720\/600x0\/smart\/filters:strip_icc()\/i.s3.glbimg.com\/v1\/AUTH_59edd422c0c84a879bd37670ae4f538a\/internal_photos\/bs\/2020\/J\/h\/ASjwHnRw2GeGAlAx5pKw\/osvaldo-3.jpg 600w\" alt=\"Defesa Civil alerta para riscos de inc\u00eandios em Osvaldo Cruz \u2014 Foto: Pol\u00edcia Militar Rodovi\u00e1ria\" \/><\/figure>\n<p class=\"content-media__description \">Defesa Civil alerta para riscos de inc\u00eandios em Osvaldo Cruz \u2014 Foto: Pol\u00edcia Militar Rodovi\u00e1ria<\/p>\n<\/div>\n<\/div>\n<div class=\"mc-column content-text active-extra-styles \" style=\"text-align: justify;\" data-block-type=\"unstyled\" data-block-weight=\"24\" data-block-id=\"9\">\n<p class=\"content-text__container \" data-track-category=\"Link no Texto\" data-track-links=\"\">A cidade de Osvaldo Cruz \u00e9 afetada h\u00e1 dias com ocorr\u00eancias de inc\u00eandio em propriedades rurais, terrenos baldios e \u00e0s margens de rodovias.<\/p>\n<\/div>\n<div class=\"mc-column content-text active-extra-styles \" style=\"text-align: justify;\" data-block-type=\"unstyled\" data-block-weight=\"37\" data-block-id=\"10\">\n<p class=\"content-text__container \" data-track-category=\"Link no Texto\" data-track-links=\"\">O Corpo de Bombeiros e a Defesa Civil verificaram um aumento no n\u00famero de casos de inc\u00eandios nessas \u00e1reas e alertam para o grande perigo que isso representa ao meio ambiente, aos animais e \u00e0s pessoas.<\/p>\n<\/div>\n<div class=\"mc-column content-text active-extra-styles \" style=\"text-align: justify;\" data-block-type=\"unstyled\" data-block-weight=\"43\" data-block-id=\"11\">\n<p class=\"content-text__container \" data-track-category=\"Link no Texto\" data-track-links=\"\">Na noite da \u00faltima segunda-feira (5), um inc\u00eandio de grandes propor\u00e7\u00f5es foi registrado na Rodovia Comandante Jo\u00e3o Ribeiro de Barros (SP-294), pr\u00f3ximo \u00e0 Penitenci\u00e1ria de Osvaldo Cruz. O fogo inicialmente foi contido, mas voltou a se alastrar na manh\u00e3 da ter\u00e7a-feira (6).<\/p>\n<\/div>\n<div class=\"mc-column content-text active-extra-styles \" style=\"text-align: justify;\" data-block-type=\"unstyled\" data-block-weight=\"19\" data-block-id=\"12\">\n<p class=\"content-text__container \" data-track-category=\"Link no Texto\" data-track-links=\"\">Para combater as chamas, o Corpo de Bombeiros contou com o apoio da Defesa Civil. Ningu\u00e9m se feriu.<\/p>\n<\/div>\n<div class=\"row medium-uncollapsed content-media content-photo\" data-block-type=\"backstage-photo\" data-block-id=\"13\">\n<div class=\"mc-column content-media__container\">\n<figure style=\"text-align: justify;\"><img decoding=\"async\" class=\"i-amphtml-fill-content i-amphtml-replaced-content\" src=\"https:\/\/s2.glbimg.com\/qZKrq1QQOEhhgOKirHJfSiMB_Yk=\/0x0:1280x960\/984x0\/smart\/filters:strip_icc()\/i.s3.glbimg.com\/v1\/AUTH_59edd422c0c84a879bd37670ae4f538a\/internal_photos\/bs\/2020\/O\/w\/0bWX4FRzSAPHcGLUftFg\/osvaldo-1.jpg\" sizes=\"(max-width: 1366px) 648px, 100vw\" srcset=\"https:\/\/s2.glbimg.com\/kPxn6HYFtHUzMKkHtyWz7avQwV4=\/0x0:1280x960\/1000x0\/smart\/filters:strip_icc()\/i.s3.glbimg.com\/v1\/AUTH_59edd422c0c84a879bd37670ae4f538a\/internal_photos\/bs\/2020\/O\/w\/0bWX4FRzSAPHcGLUftFg\/osvaldo-1.jpg 1000w, https:\/\/s2.glbimg.com\/qZKrq1QQOEhhgOKirHJfSiMB_Yk=\/0x0:1280x960\/984x0\/smart\/filters:strip_icc()\/i.s3.glbimg.com\/v1\/AUTH_59edd422c0c84a879bd37670ae4f538a\/internal_photos\/bs\/2020\/O\/w\/0bWX4FRzSAPHcGLUftFg\/osvaldo-1.jpg 984w, https:\/\/s2.glbimg.com\/RZa9TCjdaF56PbR-mEWTHpA72s4=\/0x0:1280x960\/640x0\/smart\/filters:strip_icc()\/i.s3.glbimg.com\/v1\/AUTH_59edd422c0c84a879bd37670ae4f538a\/internal_photos\/bs\/2020\/O\/w\/0bWX4FRzSAPHcGLUftFg\/osvaldo-1.jpg 640w, https:\/\/s2.glbimg.com\/hC6kR_xBaFb-b_Cyu7nSoc2J8wk=\/0x0:1280x960\/600x0\/smart\/filters:strip_icc()\/i.s3.glbimg.com\/v1\/AUTH_59edd422c0c84a879bd37670ae4f538a\/internal_photos\/bs\/2020\/O\/w\/0bWX4FRzSAPHcGLUftFg\/osvaldo-1.jpg 600w\" alt=\"Defesa Civil alerta para riscos de inc\u00eandios em Osvaldo Cruz \u2014 Foto: Prefeitura\" \/><\/figure>\n<p class=\"content-media__description \" style=\"text-align: justify;\">Defesa Civil alerta para riscos de inc\u00eandios em Osvaldo Cruz \u2014 Foto: Prefeitura<\/p>\n<p>Fonte: G1<\/p>\n<\/div>\n<\/div>\n<\/div>\n","protected":false},"excerpt":{"rendered":"<p>Chegamos \u00e0 conclus\u00e3o de que h\u00e1 uma pessoa passando pelos locais e ateando fogo\u2019, afirmou a coordenadora do \u00f3rg\u00e3o, Silvana Maciel. A Defesa Civil fez um alerta nesta quarta-feira (7) sobre a ocorr\u00eancia de inc\u00eandios supostamente criminosos em\u00a0Osvaldo Cruz. A coordenadora da Defesa Civil, Silvana Maciel, esteve no local da ocorr\u00eancia e alertou sobre os [&hellip;]<\/p>\n","protected":false},"author":1,"featured_media":36488,"comment_status":"closed","ping_status":"open","sticky":false,"template":"","format":"standard","meta":{"footnotes":""},"categories":[176,110],"tags":[],"class_list":["post-36487","post","type-post","status-publish","format-standard","has-post-thumbnail","hentry","category-meioambienteeagricultura","category-noticiasdestaque"],"_links":{"self":[{"href":"https:\/\/jorgezanoni.com.br\/2019\/wp-json\/wp\/v2\/posts\/36487","targetHints":{"allow":["GET"]}}],"collection":[{"href":"https:\/\/jorgezanoni.com.br\/2019\/wp-json\/wp\/v2\/posts"}],"about":[{"href":"https:\/\/jorgezanoni.com.br\/2019\/wp-json\/wp\/v2\/types\/post"}],"author":[{"embeddable":true,"href":"https:\/\/jorgezanoni.com.br\/2019\/wp-json\/wp\/v2\/users\/1"}],"replies":[{"embeddable":true,"href":"https:\/\/jorgezanoni.com.br\/2019\/wp-json\/wp\/v2\/comments?post=36487"}],"version-history":[{"count":0,"href":"https:\/\/jorgezanoni.com.br\/2019\/wp-json\/wp\/v2\/posts\/36487\/revisions"}],"wp:featuredmedia":[{"embeddable":true,"href":"https:\/\/jorgezanoni.com.br\/2019\/wp-json\/wp\/v2\/media\/36488"}],"wp:attachment":[{"href":"https:\/\/jorgezanoni.com.br\/2019\/wp-json\/wp\/v2\/media?parent=36487"}],"wp:term":[{"taxonomy":"category","embeddable":true,"href":"https:\/\/jorgezanoni.com.br\/2019\/wp-json\/wp\/v2\/categories?post=36487"},{"taxonomy":"post_tag","embeddable":true,"href":"https:\/\/jorgezanoni.com.br\/2019\/wp-json\/wp\/v2\/tags?post=36487"}],"curies":[{"name":"wp","href":"https:\/\/api.w.org\/{rel}","templated":true}]}}