{"id":36481,"date":"2020-10-07T22:00:26","date_gmt":"2020-10-07T22:00:26","guid":{"rendered":"https:\/\/jorgezanoni.com.br\/2019\/?p=36481"},"modified":"2020-10-07T22:07:57","modified_gmt":"2020-10-07T22:07:57","slug":"morre-o-cantor-tupiense-nando-peres","status":"publish","type":"post","link":"https:\/\/jorgezanoni.com.br\/2019\/morre-o-cantor-tupiense-nando-peres\/","title":{"rendered":"Morre o cantor tupiense Nando Peres"},"content":{"rendered":"<p style=\"text-align: justify;\">Comunicamos com pesar o falecimento do cantor tupiense Nando Peres (Fernando de Oliveira Peres) de 39 anos, ocorrido na tarde de hoje (7).<\/p>\n<p style=\"text-align: justify;\">Segundo informa\u00e7\u00f5es o cantor estava internado na Santa Casa de Dracena para tratamento de sa\u00fade e aguardava por um transplante que n\u00e3o chegou a ocorrer.<\/p>\n<p style=\"text-align: justify;\">Nando Peres que era cantor desde 1991 fez dupla com o saudoso locutor de r\u00e1dio Cl\u00f3vis Oliveira e depois com Rafael, e h\u00e1 alguns anos fazia carreira solo.<\/p>\n<p style=\"text-align: justify;\">Al\u00e9m de cantor, era compositor, professor de t\u00e9cnica vocal e propriet\u00e1rio da banda Ataque.<\/p>\n<p style=\"text-align: justify;\">O seu Corpo ser\u00e1 velado no Vel\u00f3rio Municipal de Tupi Paulista a partir das 06:30 Horas desta quinta-feira (8) e o Sepultamento ocorre \u00e1s 10:30 no Cemit\u00e9rio local.<\/p>\n<p><img loading=\"lazy\" decoding=\"async\" class=\"alignnone size-full wp-image-36484\" src=\"https:\/\/jorgezanoni.com.br\/2019\/wp-content\/uploads\/2020\/10\/Fernando.jpg\" alt=\"\" width=\"1280\" height=\"601\" srcset=\"https:\/\/jorgezanoni.com.br\/2019\/wp-content\/uploads\/2020\/10\/Fernando.jpg 1280w, https:\/\/jorgezanoni.com.br\/2019\/wp-content\/uploads\/2020\/10\/Fernando-300x141.jpg 300w, https:\/\/jorgezanoni.com.br\/2019\/wp-content\/uploads\/2020\/10\/Fernando-1024x481.jpg 1024w, https:\/\/jorgezanoni.com.br\/2019\/wp-content\/uploads\/2020\/10\/Fernando-768x361.jpg 768w, https:\/\/jorgezanoni.com.br\/2019\/wp-content\/uploads\/2020\/10\/Fernando-696x327.jpg 696w, https:\/\/jorgezanoni.com.br\/2019\/wp-content\/uploads\/2020\/10\/Fernando-1068x501.jpg 1068w, https:\/\/jorgezanoni.com.br\/2019\/wp-content\/uploads\/2020\/10\/Fernando-895x420.jpg 895w\" sizes=\"auto, (max-width: 1280px) 100vw, 1280px\" \/><\/p>\n<p>Foto\/Facebook<\/p>\n<p>&nbsp;<\/p>\n","protected":false},"excerpt":{"rendered":"<p>Comunicamos com pesar o falecimento do cantor tupiense Nando Peres (Fernando de Oliveira Peres) de 39 anos, ocorrido na tarde de hoje (7). Segundo informa\u00e7\u00f5es o cantor estava internado na Santa Casa de Dracena para tratamento de sa\u00fade e aguardava por um transplante que n\u00e3o chegou a ocorrer. Nando Peres que era cantor desde 1991 [&hellip;]<\/p>\n","protected":false},"author":1,"featured_media":36482,"comment_status":"closed","ping_status":"open","sticky":false,"template":"","format":"standard","meta":{"footnotes":""},"categories":[183,178,110],"tags":[],"class_list":["post-36481","post","type-post","status-publish","format-standard","has-post-thumbnail","hentry","category-musicaeturismo","category-notadefalecimento","category-noticiasdestaque"],"_links":{"self":[{"href":"https:\/\/jorgezanoni.com.br\/2019\/wp-json\/wp\/v2\/posts\/36481","targetHints":{"allow":["GET"]}}],"collection":[{"href":"https:\/\/jorgezanoni.com.br\/2019\/wp-json\/wp\/v2\/posts"}],"about":[{"href":"https:\/\/jorgezanoni.com.br\/2019\/wp-json\/wp\/v2\/types\/post"}],"author":[{"embeddable":true,"href":"https:\/\/jorgezanoni.com.br\/2019\/wp-json\/wp\/v2\/users\/1"}],"replies":[{"embeddable":true,"href":"https:\/\/jorgezanoni.com.br\/2019\/wp-json\/wp\/v2\/comments?post=36481"}],"version-history":[{"count":0,"href":"https:\/\/jorgezanoni.com.br\/2019\/wp-json\/wp\/v2\/posts\/36481\/revisions"}],"wp:featuredmedia":[{"embeddable":true,"href":"https:\/\/jorgezanoni.com.br\/2019\/wp-json\/wp\/v2\/media\/36482"}],"wp:attachment":[{"href":"https:\/\/jorgezanoni.com.br\/2019\/wp-json\/wp\/v2\/media?parent=36481"}],"wp:term":[{"taxonomy":"category","embeddable":true,"href":"https:\/\/jorgezanoni.com.br\/2019\/wp-json\/wp\/v2\/categories?post=36481"},{"taxonomy":"post_tag","embeddable":true,"href":"https:\/\/jorgezanoni.com.br\/2019\/wp-json\/wp\/v2\/tags?post=36481"}],"curies":[{"name":"wp","href":"https:\/\/api.w.org\/{rel}","templated":true}]}}