{"id":36460,"date":"2020-10-07T17:06:09","date_gmt":"2020-10-07T17:06:09","guid":{"rendered":"https:\/\/jorgezanoni.com.br\/2019\/?p=36460"},"modified":"2020-10-07T17:06:09","modified_gmt":"2020-10-07T17:06:09","slug":"ex-voluntarias-da-avapac-denominam-ruas-em-bairro-novo","status":"publish","type":"post","link":"https:\/\/jorgezanoni.com.br\/2019\/ex-voluntarias-da-avapac-denominam-ruas-em-bairro-novo\/","title":{"rendered":"Ex-volunt\u00e1rias da Avapac denominam ruas em bairro novo"},"content":{"rendered":"<p style=\"text-align: justify;\">Duas ex-volunt\u00e1rias da AVAPAC \u2013 Associa\u00e7\u00e3o de Volunt\u00e1rios de Apoio ao Paciente de C\u00e2ncer v\u00e3o denominar duas ruas do Residencial S\u00e3o Paulo. A rua L passa a ser denominada Rua Professora Deruti Mauad da Silva e a rua M ganha o nome de Ala\u00edde de F\u00e1tima Defendi Borgato.<\/p>\n<p style=\"text-align: justify;\">Deruti foi uma das fundadoras da entidade, prestando um trabalho de muita relev\u00e2ncia que s\u00f3 se encerrou alguns meses antes do seu falecimento, em 26 de outubro de 2017.<\/p>\n<p style=\"text-align: justify;\">Ala\u00edde ingressou na Avapac no in\u00edcio, em 1997, mas por motivos profissionais ficou afastada por v\u00e1rios anos, retornando em meados de 2010. Foi tamb\u00e9m muito atuante. Faleceu em 1\u00ba de fevereiro de 2018.<\/p>\n<p style=\"text-align: justify;\">As indica\u00e7\u00f5es, feitas pelos vereadores Kielse Chiari Munis e Sara Scarabeli de Souza, respectivamente, foram aprovadas pela C\u00e2mara Municipal. O prefeito Juliano Brito Bertolini sancionou e promulgou a Lei 4.824 de 29 de setembro de 2020 que disp\u00f5es sobre denomina\u00e7\u00e3o de pr\u00f3prios p\u00fablicos. (AVAPAC\/ADRIM DIVULGA\u00c7\u00c3O)<\/p>\n<p style=\"text-align: justify;\">FOTO 01<\/p>\n<p style=\"text-align: justify;\"><img loading=\"lazy\" decoding=\"async\" class=\"alignnone size-full wp-image-36463\" src=\"https:\/\/jorgezanoni.com.br\/2019\/wp-content\/uploads\/2020\/10\/Deruti-e-rem\u00e9dicos-1.jpg\" alt=\"\" width=\"800\" height=\"600\" srcset=\"https:\/\/jorgezanoni.com.br\/2019\/wp-content\/uploads\/2020\/10\/Deruti-e-rem\u00e9dicos-1.jpg 800w, https:\/\/jorgezanoni.com.br\/2019\/wp-content\/uploads\/2020\/10\/Deruti-e-rem\u00e9dicos-1-300x225.jpg 300w, https:\/\/jorgezanoni.com.br\/2019\/wp-content\/uploads\/2020\/10\/Deruti-e-rem\u00e9dicos-1-768x576.jpg 768w, https:\/\/jorgezanoni.com.br\/2019\/wp-content\/uploads\/2020\/10\/Deruti-e-rem\u00e9dicos-1-80x60.jpg 80w, https:\/\/jorgezanoni.com.br\/2019\/wp-content\/uploads\/2020\/10\/Deruti-e-rem\u00e9dicos-1-265x198.jpg 265w, https:\/\/jorgezanoni.com.br\/2019\/wp-content\/uploads\/2020\/10\/Deruti-e-rem\u00e9dicos-1-696x522.jpg 696w, https:\/\/jorgezanoni.com.br\/2019\/wp-content\/uploads\/2020\/10\/Deruti-e-rem\u00e9dicos-1-560x420.jpg 560w\" sizes=\"auto, (max-width: 800px) 100vw, 800px\" \/>Deruti num dos Encontros de Volunt\u00e1rios em Ja\u00fa, ao lado de um integrante do Rem\u00e9dicos do Riso, dos Hospital Amaral Carvalho<\/p>\n<p style=\"text-align: justify;\">FOTO 02<\/p>\n<p style=\"text-align: justify;\"><img loading=\"lazy\" decoding=\"async\" class=\"alignnone size-full wp-image-36464\" src=\"https:\/\/jorgezanoni.com.br\/2019\/wp-content\/uploads\/2020\/10\/Gessy-Alaide-de-C\u00e9lia-1.jpg\" alt=\"\" width=\"800\" height=\"600\" srcset=\"https:\/\/jorgezanoni.com.br\/2019\/wp-content\/uploads\/2020\/10\/Gessy-Alaide-de-C\u00e9lia-1.jpg 800w, https:\/\/jorgezanoni.com.br\/2019\/wp-content\/uploads\/2020\/10\/Gessy-Alaide-de-C\u00e9lia-1-300x225.jpg 300w, https:\/\/jorgezanoni.com.br\/2019\/wp-content\/uploads\/2020\/10\/Gessy-Alaide-de-C\u00e9lia-1-768x576.jpg 768w, https:\/\/jorgezanoni.com.br\/2019\/wp-content\/uploads\/2020\/10\/Gessy-Alaide-de-C\u00e9lia-1-80x60.jpg 80w, https:\/\/jorgezanoni.com.br\/2019\/wp-content\/uploads\/2020\/10\/Gessy-Alaide-de-C\u00e9lia-1-265x198.jpg 265w, https:\/\/jorgezanoni.com.br\/2019\/wp-content\/uploads\/2020\/10\/Gessy-Alaide-de-C\u00e9lia-1-696x522.jpg 696w, https:\/\/jorgezanoni.com.br\/2019\/wp-content\/uploads\/2020\/10\/Gessy-Alaide-de-C\u00e9lia-1-560x420.jpg 560w\" sizes=\"auto, (max-width: 800px) 100vw, 800px\" \/>Ala\u00edde entre as volunt\u00e1rias Gessy Paro e C\u00e9lia Trevizam numa noite de comemora\u00e7\u00e3o dos aniversariantes do m\u00eas<\/p>\n<p style=\"text-align: justify;\">Fonte: AVAPAC<\/p>\n","protected":false},"excerpt":{"rendered":"<p>Duas ex-volunt\u00e1rias da AVAPAC \u2013 Associa\u00e7\u00e3o de Volunt\u00e1rios de Apoio ao Paciente de C\u00e2ncer v\u00e3o denominar duas ruas do Residencial S\u00e3o Paulo. A rua L passa a ser denominada Rua Professora Deruti Mauad da Silva e a rua M ganha o nome de Ala\u00edde de F\u00e1tima Defendi Borgato. Deruti foi uma das fundadoras da entidade, [&hellip;]<\/p>\n","protected":false},"author":1,"featured_media":36465,"comment_status":"closed","ping_status":"open","sticky":false,"template":"","format":"standard","meta":{"footnotes":""},"categories":[179,184,114],"tags":[],"class_list":["post-36460","post","type-post","status-publish","format-standard","has-post-thumbnail","hentry","category-cidadeseregiao","category-dracena","category-geralecomercio"],"_links":{"self":[{"href":"https:\/\/jorgezanoni.com.br\/2019\/wp-json\/wp\/v2\/posts\/36460","targetHints":{"allow":["GET"]}}],"collection":[{"href":"https:\/\/jorgezanoni.com.br\/2019\/wp-json\/wp\/v2\/posts"}],"about":[{"href":"https:\/\/jorgezanoni.com.br\/2019\/wp-json\/wp\/v2\/types\/post"}],"author":[{"embeddable":true,"href":"https:\/\/jorgezanoni.com.br\/2019\/wp-json\/wp\/v2\/users\/1"}],"replies":[{"embeddable":true,"href":"https:\/\/jorgezanoni.com.br\/2019\/wp-json\/wp\/v2\/comments?post=36460"}],"version-history":[{"count":0,"href":"https:\/\/jorgezanoni.com.br\/2019\/wp-json\/wp\/v2\/posts\/36460\/revisions"}],"wp:featuredmedia":[{"embeddable":true,"href":"https:\/\/jorgezanoni.com.br\/2019\/wp-json\/wp\/v2\/media\/36465"}],"wp:attachment":[{"href":"https:\/\/jorgezanoni.com.br\/2019\/wp-json\/wp\/v2\/media?parent=36460"}],"wp:term":[{"taxonomy":"category","embeddable":true,"href":"https:\/\/jorgezanoni.com.br\/2019\/wp-json\/wp\/v2\/categories?post=36460"},{"taxonomy":"post_tag","embeddable":true,"href":"https:\/\/jorgezanoni.com.br\/2019\/wp-json\/wp\/v2\/tags?post=36460"}],"curies":[{"name":"wp","href":"https:\/\/api.w.org\/{rel}","templated":true}]}}