{"id":3642,"date":"2019-08-12T00:15:03","date_gmt":"2019-08-12T00:15:03","guid":{"rendered":"https:\/\/jorgezanoni.com.br\/2019\/?p=3642"},"modified":"2019-08-12T00:15:03","modified_gmt":"2019-08-12T00:15:03","slug":"jovem-fica-gravemente-ferido-em-acidente-na-entrada-de-panorama","status":"publish","type":"post","link":"https:\/\/jorgezanoni.com.br\/2019\/jovem-fica-gravemente-ferido-em-acidente-na-entrada-de-panorama\/","title":{"rendered":"Jovem fica gravemente ferido em acidente na entrada de Panorama"},"content":{"rendered":"<p style=\"text-align: justify;\">Um rapaz com uma moto se feriu com gravidade por volta das 23 Hs. de ontem, em acidente envolvendo\u00a0 caminhonete\u00a0 na entrada de Panorama pela Rodovia Comandante Jo\u00e3o Ribeiro de Barros, em frente ao bairro Quinta das Iaras.<\/p>\n<p>Com o impacto consta que o jovem de 21 anos (Felipinho) morador de Panorama foi lan\u00e7ado para dentro do matagal.<\/p>\n<p>N\u00e3o conseguimos informa\u00e7\u00f5es oficiais do estado da v\u00edtima com o Pronto atendimento.<\/p>\n<p>O site apurou\u00a0 que o rapaz sofreu diversas fraturas e foi transferido com urg\u00eancia para um hospital da regi\u00e3o.<\/p>\n<p>N\u00e3o conseguimos informa\u00e7\u00f5es do condutor da caminhonete pelo que parece n\u00e3o se feriu com gravidade.<\/p>\n<p style=\"text-align: justify;\">Fonte: Panorama Not\u00edcias<\/p>\n","protected":false},"excerpt":{"rendered":"<p>Um rapaz com uma moto se feriu com gravidade por volta das 23 Hs. de ontem, em acidente envolvendo\u00a0 caminhonete\u00a0 na entrada de Panorama pela Rodovia Comandante Jo\u00e3o Ribeiro de Barros, em frente ao bairro Quinta das Iaras. Com o impacto consta que o jovem de 21 anos (Felipinho) morador de Panorama foi lan\u00e7ado para [&hellip;]<\/p>\n","protected":false},"author":1,"featured_media":3643,"comment_status":"closed","ping_status":"open","sticky":false,"template":"","format":"standard","meta":{"footnotes":""},"categories":[170,110],"tags":[],"class_list":["post-3642","post","type-post","status-publish","format-standard","has-post-thumbnail","hentry","category-acidentes","category-noticiasdestaque"],"_links":{"self":[{"href":"https:\/\/jorgezanoni.com.br\/2019\/wp-json\/wp\/v2\/posts\/3642","targetHints":{"allow":["GET"]}}],"collection":[{"href":"https:\/\/jorgezanoni.com.br\/2019\/wp-json\/wp\/v2\/posts"}],"about":[{"href":"https:\/\/jorgezanoni.com.br\/2019\/wp-json\/wp\/v2\/types\/post"}],"author":[{"embeddable":true,"href":"https:\/\/jorgezanoni.com.br\/2019\/wp-json\/wp\/v2\/users\/1"}],"replies":[{"embeddable":true,"href":"https:\/\/jorgezanoni.com.br\/2019\/wp-json\/wp\/v2\/comments?post=3642"}],"version-history":[{"count":0,"href":"https:\/\/jorgezanoni.com.br\/2019\/wp-json\/wp\/v2\/posts\/3642\/revisions"}],"wp:featuredmedia":[{"embeddable":true,"href":"https:\/\/jorgezanoni.com.br\/2019\/wp-json\/wp\/v2\/media\/3643"}],"wp:attachment":[{"href":"https:\/\/jorgezanoni.com.br\/2019\/wp-json\/wp\/v2\/media?parent=3642"}],"wp:term":[{"taxonomy":"category","embeddable":true,"href":"https:\/\/jorgezanoni.com.br\/2019\/wp-json\/wp\/v2\/categories?post=3642"},{"taxonomy":"post_tag","embeddable":true,"href":"https:\/\/jorgezanoni.com.br\/2019\/wp-json\/wp\/v2\/tags?post=3642"}],"curies":[{"name":"wp","href":"https:\/\/api.w.org\/{rel}","templated":true}]}}