{"id":36416,"date":"2020-10-07T01:24:13","date_gmt":"2020-10-07T01:24:13","guid":{"rendered":"https:\/\/jorgezanoni.com.br\/2019\/?p=36416"},"modified":"2020-10-07T01:24:13","modified_gmt":"2020-10-07T01:24:13","slug":"homem-acaba-preso-em-flagrante-por-trafico-ao-receber-encomenda-com-maconha-em-agencia-dos-correios-de-dracena","status":"publish","type":"post","link":"https:\/\/jorgezanoni.com.br\/2019\/homem-acaba-preso-em-flagrante-por-trafico-ao-receber-encomenda-com-maconha-em-agencia-dos-correios-de-dracena\/","title":{"rendered":"Homem acaba preso em flagrante por tr\u00e1fico ao receber encomenda com maconha em ag\u00eancia dos Correios de Dracena"},"content":{"rendered":"<h2 class=\"content-head__subtitle\" style=\"text-align: justify;\"><strong>Tr\u00eas tabletes da droga estavam escondidos em meio a pacotes de erva-mate-verde, uma caneca e um canudo que haviam sido entregues em Dracena nesta ter\u00e7a-feira (6).<\/strong><\/h2>\n<div class=\"mc-column content-text active-extra-styles \" data-block-type=\"unstyled\" data-block-weight=\"48\" data-block-id=\"2\">\n<p class=\"content-text__container \" style=\"text-align: justify;\" data-track-category=\"Link no Texto\" data-track-links=\"\">A Pol\u00edcia Civil prendeu um homem de 27 anos em flagrante por tr\u00e1fico de droga nesta ter\u00e7a-feira (6), em\u00a0<a href=\"https:\/\/g1.globo.com\/sp\/presidente-prudente-regiao\/cidade\/dracena\/\">Dracena (SP)<\/a>, no momento em que ele foi retirar uma encomenda que havia recebido em uma ag\u00eancia dos Correios com tr\u00eas tabletes de maconha, que totalizaram aproximadamente 1,5 quilo.<\/p>\n<\/div>\n<div class=\"wall protected-content\">\n<div class=\"mc-column content-text active-extra-styles \" style=\"text-align: justify;\" data-block-type=\"unstyled\" data-block-weight=\"53\" data-block-id=\"3\">\n<p class=\"content-text__container \" data-track-category=\"Link no Texto\" data-track-links=\"\">A a\u00e7\u00e3o foi deflagrada ap\u00f3s a Pol\u00edcia Civil receber informa\u00e7\u00f5es que apontavam que o suspeito receberia droga escondida em correspond\u00eancias enviadas via servi\u00e7o postal dos Correios. O flagrante ocorreu no exato momento em que a encomenda contendo a droga era retirada em uma ag\u00eancia dos Correios, que fica na regi\u00e3o central de Dracena.<\/p>\n<\/div>\n<div class=\"mc-column content-text active-extra-styles \" style=\"text-align: justify;\" data-block-type=\"unstyled\" data-block-weight=\"62\" data-block-id=\"4\">\n<p class=\"content-text__container \" data-track-category=\"Link no Texto\" data-track-links=\"\">No momento da abordagem, o suspeito demonstrou nervosismo e alegou que dentro da embalagem, a qual estava totalmente lacrada, haveria uma pe\u00e7a automotiva de um ve\u00edculo. Por\u00e9m, os policiais desconfiaram daquela justificativa, j\u00e1 que a referida pe\u00e7a seria de marca diferente \u00e0 do carro que o suspeito possui. Al\u00e9m disso, ele tamb\u00e9m n\u00e3o soube informar de onde havia comprado a suposta pe\u00e7a.<\/p>\n<\/div>\n<div class=\"mc-column content-text active-extra-styles \" style=\"text-align: justify;\" data-block-type=\"unstyled\" data-block-weight=\"50\" data-block-id=\"5\">\n<p class=\"content-text__container \" data-track-category=\"Link no Texto\" data-track-links=\"\">Diante disso, os policiais solicitaram ao homem autoriza\u00e7\u00e3o para que a embalagem fosse aberta, com o que ele concordou. Na encomenda, havia tr\u00eas pacotes de erva-mate-verde, do tipo terer\u00e9, uma caneca e um canudo. No entanto, segundo a pol\u00edcia, dentro de cada pacote de erva-mate havia um tablete de maconha.<\/p>\n<\/div>\n<div class=\"content-ads content-ads--reveal\" style=\"text-align: justify;\" data-block-type=\"ads\" data-block-id=\"6\">\n<div id=\"banner_materia2\" class=\"tag-manager-publicidade-container mc-has-reveal mc-has-ad-lazyload\" data-id=\"banner_materia2\"><\/div>\n<\/div>\n<div class=\"row medium-uncollapsed content-media content-photo\" style=\"text-align: justify;\" data-block-type=\"backstage-photo\" data-block-id=\"7\">\n<div class=\"mc-column content-media__container\">\n<figure><img decoding=\"async\" class=\"i-amphtml-fill-content i-amphtml-replaced-content\" src=\"https:\/\/s2.glbimg.com\/gf_T88rj1dSPM6DziCA49vXaPsk=\/0x0:957x821\/984x0\/smart\/filters:strip_icc()\/i.s3.glbimg.com\/v1\/AUTH_59edd422c0c84a879bd37670ae4f538a\/internal_photos\/bs\/2020\/q\/A\/FTd6aCR2KuesogD1lmRA\/dracena-3.jpg\" sizes=\"(max-width: 1366px) 648px, 100vw\" srcset=\"https:\/\/s2.glbimg.com\/FJf89PsCjfDHbUoUJB4p580j380=\/0x0:957x821\/1000x0\/smart\/filters:strip_icc()\/i.s3.glbimg.com\/v1\/AUTH_59edd422c0c84a879bd37670ae4f538a\/internal_photos\/bs\/2020\/q\/A\/FTd6aCR2KuesogD1lmRA\/dracena-3.jpg 1000w, https:\/\/s2.glbimg.com\/gf_T88rj1dSPM6DziCA49vXaPsk=\/0x0:957x821\/984x0\/smart\/filters:strip_icc()\/i.s3.glbimg.com\/v1\/AUTH_59edd422c0c84a879bd37670ae4f538a\/internal_photos\/bs\/2020\/q\/A\/FTd6aCR2KuesogD1lmRA\/dracena-3.jpg 984w, https:\/\/s2.glbimg.com\/tIxXBg7d301FJ0qbca3bHFCAsL0=\/0x0:957x821\/640x0\/smart\/filters:strip_icc()\/i.s3.glbimg.com\/v1\/AUTH_59edd422c0c84a879bd37670ae4f538a\/internal_photos\/bs\/2020\/q\/A\/FTd6aCR2KuesogD1lmRA\/dracena-3.jpg 640w, https:\/\/s2.glbimg.com\/f-PqWnUz_QYRkIkfsBjs-_Crj64=\/0x0:957x821\/600x0\/smart\/filters:strip_icc()\/i.s3.glbimg.com\/v1\/AUTH_59edd422c0c84a879bd37670ae4f538a\/internal_photos\/bs\/2020\/q\/A\/FTd6aCR2KuesogD1lmRA\/dracena-3.jpg 600w\" alt=\"Tabletes de maconha estava escondidos em encomenda entregue pelos Correios \u2014 Foto: Pol\u00edcia Civil\" \/><\/figure>\n<p class=\"content-media__description \">Tabletes de maconha estava escondidos em encomenda entregue pelos Correios \u2014 Foto: Pol\u00edcia Civil<\/p>\n<\/div>\n<\/div>\n<div class=\"mc-column content-text active-extra-styles \" style=\"text-align: justify;\" data-block-type=\"unstyled\" data-block-weight=\"29\" data-block-id=\"8\">\n<p class=\"content-text__container \" data-track-category=\"Link no Texto\" data-track-links=\"\">A encomenda com a droga continha a declara\u00e7\u00e3o de envio de \u201ckit premium terer\u00e9, um copo e uma cuia\u201d e teria sido postada na cidade de Campo Grande (MS).<\/p>\n<\/div>\n<div class=\"mc-column content-text active-extra-styles \" style=\"text-align: justify;\" data-block-type=\"unstyled\" data-block-weight=\"32\" data-block-id=\"9\">\n<p class=\"content-text__container \" data-track-category=\"Link no Texto\" data-track-links=\"\">O homem foi levado \u00e0 Delegacia da Pol\u00edcia Civil, onde acabou autuado em flagrante pelo crime de tr\u00e1fico de droga e ficou \u00e0 disposi\u00e7\u00e3o da Justi\u00e7a, no aguardo da\u00a0<a href=\"https:\/\/g1.globo.com\/sp\/presidente-prudente-regiao\/noticia\/audiencia-de-custodia-concede-liberdade-em-30-dos-casos-na-regiao-de-presidente-prudente-revela-levantamento-exclusivo-do-g1.ghtml\">audi\u00eancia de cust\u00f3dia<\/a>.<\/p>\n<\/div>\n<div class=\"mc-column content-text active-extra-styles \" style=\"text-align: justify;\" data-block-type=\"unstyled\" data-block-weight=\"15\" data-block-id=\"10\">\n<p class=\"content-text__container \" data-track-category=\"Link no Texto\" data-track-links=\"\">As investiga\u00e7\u00f5es ter\u00e3o prosseguimento para identificar o respons\u00e1vel pela postagem da droga, que ficou apreendida.<\/p>\n<\/div>\n<div class=\"row medium-uncollapsed content-media content-photo\" data-block-type=\"backstage-photo\" data-block-id=\"11\">\n<div class=\"mc-column content-media__container\">\n<figure style=\"text-align: justify;\"><img decoding=\"async\" class=\"i-amphtml-fill-content i-amphtml-replaced-content\" src=\"https:\/\/s2.glbimg.com\/WZlYxpj7bAxuPXVabpZH1mXi2Bk=\/0x344:847x1029\/984x0\/smart\/filters:strip_icc()\/i.s3.glbimg.com\/v1\/AUTH_59edd422c0c84a879bd37670ae4f538a\/internal_photos\/bs\/2020\/9\/M\/lZWi9dQSmM37YvSa9POQ\/dracena-2.jpg\" sizes=\"(max-width: 1366px) 648px, 100vw\" srcset=\"https:\/\/s2.glbimg.com\/iVhkb1bgve1-YdrU_C58qGQ70FE=\/0x344:847x1029\/1000x0\/smart\/filters:strip_icc()\/i.s3.glbimg.com\/v1\/AUTH_59edd422c0c84a879bd37670ae4f538a\/internal_photos\/bs\/2020\/9\/M\/lZWi9dQSmM37YvSa9POQ\/dracena-2.jpg 1000w, https:\/\/s2.glbimg.com\/WZlYxpj7bAxuPXVabpZH1mXi2Bk=\/0x344:847x1029\/984x0\/smart\/filters:strip_icc()\/i.s3.glbimg.com\/v1\/AUTH_59edd422c0c84a879bd37670ae4f538a\/internal_photos\/bs\/2020\/9\/M\/lZWi9dQSmM37YvSa9POQ\/dracena-2.jpg 984w, https:\/\/s2.glbimg.com\/5izN1Xu9wGdGtnfuRtgW5Eu_w0Q=\/0x344:847x1029\/640x0\/smart\/filters:strip_icc()\/i.s3.glbimg.com\/v1\/AUTH_59edd422c0c84a879bd37670ae4f538a\/internal_photos\/bs\/2020\/9\/M\/lZWi9dQSmM37YvSa9POQ\/dracena-2.jpg 640w, https:\/\/s2.glbimg.com\/xNuydsMXwPgkFekkgon-U6cgLuA=\/0x344:847x1029\/600x0\/smart\/filters:strip_icc()\/i.s3.glbimg.com\/v1\/AUTH_59edd422c0c84a879bd37670ae4f538a\/internal_photos\/bs\/2020\/9\/M\/lZWi9dQSmM37YvSa9POQ\/dracena-2.jpg 600w\" alt=\"Tabletes de maconha estava escondidos em encomenda entregue pelos Correios \u2014 Foto: Pol\u00edcia Civil\" \/><\/figure>\n<p class=\"content-media__description \" style=\"text-align: justify;\">Tabletes de maconha estava escondidos em encomenda entregue pelos Correios \u2014 Foto: Pol\u00edcia Civil<\/p>\n<p>Fonte: G1 e Com. Social Pol\u00edcia Civil<\/p>\n<\/div>\n<\/div>\n<\/div>\n","protected":false},"excerpt":{"rendered":"<p>Tr\u00eas tabletes da droga estavam escondidos em meio a pacotes de erva-mate-verde, uma caneca e um canudo que haviam sido entregues em Dracena nesta ter\u00e7a-feira (6). A Pol\u00edcia Civil prendeu um homem de 27 anos em flagrante por tr\u00e1fico de droga nesta ter\u00e7a-feira (6), em\u00a0Dracena (SP), no momento em que ele foi retirar uma encomenda [&hellip;]<\/p>\n","protected":false},"author":1,"featured_media":36417,"comment_status":"closed","ping_status":"open","sticky":false,"template":"","format":"standard","meta":{"footnotes":""},"categories":[110,2],"tags":[],"class_list":["post-36416","post","type-post","status-publish","format-standard","has-post-thumbnail","hentry","category-noticiasdestaque","category-policial"],"_links":{"self":[{"href":"https:\/\/jorgezanoni.com.br\/2019\/wp-json\/wp\/v2\/posts\/36416","targetHints":{"allow":["GET"]}}],"collection":[{"href":"https:\/\/jorgezanoni.com.br\/2019\/wp-json\/wp\/v2\/posts"}],"about":[{"href":"https:\/\/jorgezanoni.com.br\/2019\/wp-json\/wp\/v2\/types\/post"}],"author":[{"embeddable":true,"href":"https:\/\/jorgezanoni.com.br\/2019\/wp-json\/wp\/v2\/users\/1"}],"replies":[{"embeddable":true,"href":"https:\/\/jorgezanoni.com.br\/2019\/wp-json\/wp\/v2\/comments?post=36416"}],"version-history":[{"count":0,"href":"https:\/\/jorgezanoni.com.br\/2019\/wp-json\/wp\/v2\/posts\/36416\/revisions"}],"wp:featuredmedia":[{"embeddable":true,"href":"https:\/\/jorgezanoni.com.br\/2019\/wp-json\/wp\/v2\/media\/36417"}],"wp:attachment":[{"href":"https:\/\/jorgezanoni.com.br\/2019\/wp-json\/wp\/v2\/media?parent=36416"}],"wp:term":[{"taxonomy":"category","embeddable":true,"href":"https:\/\/jorgezanoni.com.br\/2019\/wp-json\/wp\/v2\/categories?post=36416"},{"taxonomy":"post_tag","embeddable":true,"href":"https:\/\/jorgezanoni.com.br\/2019\/wp-json\/wp\/v2\/tags?post=36416"}],"curies":[{"name":"wp","href":"https:\/\/api.w.org\/{rel}","templated":true}]}}