{"id":36413,"date":"2020-10-07T01:11:59","date_gmt":"2020-10-07T01:11:59","guid":{"rendered":"https:\/\/jorgezanoni.com.br\/2019\/?p=36413"},"modified":"2020-10-07T01:11:59","modified_gmt":"2020-10-07T01:11:59","slug":"floridense-faz-pedido-antes-de-morrer-vitima-de-cancer-e-chopp-e-servido-durante-seu-velorio","status":"publish","type":"post","link":"https:\/\/jorgezanoni.com.br\/2019\/floridense-faz-pedido-antes-de-morrer-vitima-de-cancer-e-chopp-e-servido-durante-seu-velorio\/","title":{"rendered":"Floridense faz pedido antes de morrer v\u00edtima de c\u00e2ncer e chopp \u00e9 servido durante seu vel\u00f3rio"},"content":{"rendered":"<div class=\"mc-column content-text active-extra-styles \" data-block-type=\"unstyled\" data-block-weight=\"77\" data-block-id=\"2\">\n<p class=\"content-text__container \" style=\"text-align: justify;\" data-track-category=\"Link no Texto\" data-track-links=\"\">Um vel\u00f3rio realizado nesta ter\u00e7a-feira (6) chamou a aten\u00e7\u00e3o em\u00a0Fl\u00f3rida Paulista. O motivo foram dois barris de chope colocados no local para familiares e amigos que foram se despedir de Ari Gon\u00e7alves Soares, de 56 anos, que morreu na noite da segunda-feira (5).\u00a0<span class=\"highlight highlighted\">A bebida durante o vel\u00f3rio nem de longe representava indiferen\u00e7a com a morte do empres\u00e1rio, mas, pelo contr\u00e1rio, a inten\u00e7\u00e3o foi atender a um pedido feito por ele pr\u00f3prio ainda em vida.<\/span><\/p>\n<\/div>\n<div class=\"wall protected-content\">\n<div class=\"mc-column content-text active-extra-styles \" style=\"text-align: justify;\" data-block-type=\"unstyled\" data-block-weight=\"32\" data-block-id=\"3\">\n<p class=\"content-text__container \" data-track-category=\"Link no Texto\" data-track-links=\"\">O amigo Ramon de Oliveira Dellaqua foi quem contratou o servi\u00e7o. At\u00e9 a marca do chope que seria servido durante o vel\u00f3rio foi escolhida por Soares, que teve seu pedido atendido.<\/p>\n<p>\u201cEle sempre falava sobre esse desejo. Ari era uma pessoa positiva, alegre, feliz, extrovertida e era dessa forma que ele queria que fosse sua despedida, sem tristeza e dor\u201d, contou Dellaqua.<\/p>\n<\/div>\n<div class=\"mc-column content-text active-extra-styles \" style=\"text-align: justify;\" data-block-type=\"unstyled\" data-block-weight=\"28\" data-block-id=\"5\">\n<p class=\"content-text__container \" data-track-category=\"Link no Texto\" data-track-links=\"\">Al\u00e9m da bebida no momento de despedida, o empres\u00e1rio tamb\u00e9m pediu que o seu corpo fosse cremado. O desejo, conforme contou Dellaqua, tamb\u00e9m foi realizado.<\/p>\n<\/div>\n<div class=\"mc-column content-text active-extra-styles \" data-block-type=\"unstyled\" data-block-weight=\"46\" data-block-id=\"6\">\n<p class=\"content-text__container \" style=\"text-align: justify;\" data-track-category=\"Link no Texto\" data-track-links=\"\">\u201cQuando o vel\u00f3rio terminou, o corpo foi encaminhado a Ara\u00e7atuba [SP], para a crema\u00e7\u00e3o.\u00a0<span class=\"highlight highlighted\">Posteriormente, as cinzas v\u00e3o ser jogadas no mar, em Balne\u00e1rio Cambori\u00fa [SC]. Essa decis\u00e3o foi dos amigos mais pr\u00f3ximos, pois, como ele gostava muito de viajar, imaginamos que ficaria feliz\u201d, falou<\/span>.<\/p>\n<p style=\"text-align: justify;\"><img loading=\"lazy\" decoding=\"async\" class=\"aligncenter lazy loaded\" src=\"https:\/\/i2.wp.com\/s2.glbimg.com\/ujgOv-6pneo6R_By1nVI1dMG8H0=\/0x69:1280x870\/984x0\/smart\/filters:strip_icc()\/i.s3.glbimg.com\/v1\/AUTH_59edd422c0c84a879bd37670ae4f538a\/internal_photos\/bs\/2020\/l\/0\/N4E94zTgA3tIDBxLXEfg\/whatsapp-image-2020-10-06-at-16.14.29.jpeg?resize=620%2C388&amp;ssl=1\" alt=\"Ari Gon\u00e7alves Soares, de 56 anos, lutava contra um c\u00e2ncer no p\u00e2ncreas \u2014 Foto: Cedida\" width=\"620\" height=\"388\" data-src=\"https:\/\/i2.wp.com\/s2.glbimg.com\/ujgOv-6pneo6R_By1nVI1dMG8H0=\/0x69:1280x870\/984x0\/smart\/filters:strip_icc()\/i.s3.glbimg.com\/v1\/AUTH_59edd422c0c84a879bd37670ae4f538a\/internal_photos\/bs\/2020\/l\/0\/N4E94zTgA3tIDBxLXEfg\/whatsapp-image-2020-10-06-at-16.14.29.jpeg?resize=620%2C388&amp;ssl=1\" data-was-processed=\"true\" \/><\/p>\n<div class=\"mc-column content-text active-extra-styles \" style=\"text-align: justify;\" data-block-type=\"unstyled\" data-block-weight=\"42\" data-block-id=\"9\">\n<p class=\"content-text__container \" data-track-category=\"Link no Texto\" data-track-links=\"\">Soares lutava contra um c\u00e2ncer no p\u00e2ncreas, mas n\u00e3o resistiu. Mesmo diante de toda a batalha que enfrentou em vida, quando partisse, queria todos alegres, pois, apesar das dificuldades que viveu, sempre manteve o sorriso no rosto e a alegria constante.<\/p>\n<\/div>\n<div class=\"mc-column content-text active-extra-styles \" style=\"text-align: justify;\" data-block-type=\"unstyled\" data-block-weight=\"26\" data-block-id=\"10\">\n<p class=\"content-text__container \" data-track-category=\"Link no Texto\" data-track-links=\"\"><span class=\"highlight highlighted\">\u201cAs coisas aconteceram como ele queria. N\u00f3s bebemos e relembramos todas as hist\u00f3rias boas que vivemos com ele, sem tristeza e negatividade\u201d, disse Dellaqua.<\/span><\/p>\n<\/div>\n<div class=\"mc-column content-text active-extra-styles \" data-block-type=\"unstyled\" data-block-weight=\"18\" data-block-id=\"11\">\n<p class=\"content-text__container \" style=\"text-align: justify;\" data-track-category=\"Link no Texto\" data-track-links=\"\">O amigo ainda contou que algumas pessoas n\u00e3o entenderam a atitude e que isso at\u00e9 gerou cr\u00edticas.<\/p>\n<p style=\"text-align: justify;\">\u201cPessoas que n\u00e3o tinham conhecimento do desejo do Ari fizeram cr\u00edticas em redes sociais e julgaram o que foi feito. Isso n\u00e3o importa. O que importa \u00e9 que realizamos o que ele mais queria\u201d, ressaltou.<\/p>\n<div class=\"mc-column content-text active-extra-styles \" style=\"text-align: justify;\" data-block-type=\"unstyled\" data-block-weight=\"12\" data-block-id=\"16\">\n<p class=\"content-text__container \" data-track-category=\"Link no Texto\" data-track-links=\"\">Dellaqua contratou uma empresa de\u00a0Adamantina\u00a0para realizar o servi\u00e7o.<\/p>\n<\/div>\n<div class=\"mc-column content-text active-extra-styles \" style=\"text-align: justify;\" data-block-type=\"unstyled\" data-block-weight=\"27\" data-block-id=\"17\">\n<p class=\"content-text__container \" data-track-category=\"Link no Texto\" data-track-links=\"\">O propriet\u00e1rio da choperia, Luiz Alexandre Santos Hagui, falou\u00a0que de in\u00edcio pensou que seria uma brincadeira, mas depois percebeu que realmente era verdade.<\/p>\n<p>\u201cFoi uma experi\u00eancia diferenciada. N\u00e3o imaginava que isso aconteceria, pois nunca tinha oferecido esse tipo de servi\u00e7o. Mas depois entendi que era a vontade do Ari e que ele queria as pessoas felizes\u201d, contou.<\/p>\n<\/div>\n<div class=\"mc-column content-text active-extra-styles \" style=\"text-align: justify;\" data-block-type=\"unstyled\" data-block-weight=\"20\" data-block-id=\"19\">\n<p class=\"content-text__container \" data-track-category=\"Link no Texto\" data-track-links=\"\">Hagui tamb\u00e9m disse\u00a0que diversas pessoas o contataram questionando sobre o servi\u00e7o oferecido, pois gerou bastante curiosidade.<\/p>\n<\/div>\n<div class=\"mc-column content-text active-extra-styles \" style=\"text-align: justify;\" data-block-type=\"unstyled\" data-block-weight=\"27\" data-block-id=\"20\">\n<p class=\"content-text__container \" data-track-category=\"Link no Texto\" data-track-links=\"\">No vel\u00f3rio, foram colocados dois barris de chope \u00e0 disposi\u00e7\u00e3o das pessoas que se despediram de Ari, cada um com 50 litros, totalizando 100 litros da bebida.<\/p>\n<p><img loading=\"lazy\" decoding=\"async\" class=\"aligncenter lazy loaded\" src=\"https:\/\/i0.wp.com\/s2.glbimg.com\/BjYsCFlr2FOVP_O53NMx6RNJyO4=\/0x234:960x1280\/984x0\/smart\/filters:strip_icc()\/i.s3.glbimg.com\/v1\/AUTH_59edd422c0c84a879bd37670ae4f538a\/internal_photos\/bs\/2020\/a\/1\/qJrIJ8RxaRYF6KJdEeeA\/whatsapp-image-2020-10-06-at-16.06.23.jpeg?resize=621%2C676&amp;ssl=1\" alt=\"Chope foi servido durante vel\u00f3rio em Fl\u00f3rida Paulista (SP) \u2014 Foto: Cedida \" width=\"621\" height=\"676\" data-src=\"https:\/\/i0.wp.com\/s2.glbimg.com\/BjYsCFlr2FOVP_O53NMx6RNJyO4=\/0x234:960x1280\/984x0\/smart\/filters:strip_icc()\/i.s3.glbimg.com\/v1\/AUTH_59edd422c0c84a879bd37670ae4f538a\/internal_photos\/bs\/2020\/a\/1\/qJrIJ8RxaRYF6KJdEeeA\/whatsapp-image-2020-10-06-at-16.06.23.jpeg?resize=621%2C676&amp;ssl=1\" data-was-processed=\"true\" \/><\/p>\n<\/div>\n<div class=\"mc-column content-text active-extra-styles\" data-block-type=\"raw\" data-block-weight=\"1\" data-block-id=\"21\">\n<div class=\"mc-column content-text active-extra-styles \" style=\"text-align: justify;\" data-block-type=\"unstyled\" data-block-weight=\"24\" data-block-id=\"23\">\n<p class=\"content-text__container \" data-track-category=\"Link no Texto\" data-track-links=\"\">Ari Gon\u00e7alves Soares, de 56 anos, morreu na noite desta segunda-feira (5), na Santa Casa de Miseric\u00f3rdia de Fl\u00f3rida Paulista, onde estava internado.<\/p>\n<\/div>\n<div class=\"mc-column content-text active-extra-styles \" style=\"text-align: justify;\" data-block-type=\"unstyled\" data-block-weight=\"23\" data-block-id=\"24\">\n<p class=\"content-text__container \" data-track-category=\"Link no Texto\" data-track-links=\"\">O corpo do empres\u00e1rio foi velado em Fl\u00f3rida Paulista, das 9h \u00e0s 12h. Posteriormente, foi levado \u00e0\u00a0Ara\u00e7atuba, onde foi cremado.<\/p>\n<\/div>\n<div class=\"mc-column content-text active-extra-styles \" data-block-type=\"unstyled\" data-block-weight=\"11\" data-block-id=\"25\">\n<p class=\"content-text__container \" style=\"text-align: justify;\" data-track-category=\"Link no Texto\" data-track-links=\"\">Ari deixou esposa e dois filhos, de 24 e 32 anos.<\/p>\n<p style=\"text-align: justify;\"><img loading=\"lazy\" decoding=\"async\" class=\"lazy loaded\" src=\"https:\/\/i2.wp.com\/s2.glbimg.com\/IjXx_wcV_4ZSoqu2gkHI4qRStIk=\/0x79:960x1170\/984x0\/smart\/filters:strip_icc()\/i.s3.glbimg.com\/v1\/AUTH_59edd422c0c84a879bd37670ae4f538a\/internal_photos\/bs\/2020\/t\/G\/bMlIkGQ7WwIwcN3JUDqQ\/whatsapp-image-2020-10-06-at-16.06.47.jpeg?resize=629%2C714&amp;ssl=1\" alt=\"Ari Gon\u00e7alves Soares, de 56 anos, deixa esposa e dois filhos \u2014 Foto: Cedida \" width=\"629\" height=\"714\" data-src=\"https:\/\/i2.wp.com\/s2.glbimg.com\/IjXx_wcV_4ZSoqu2gkHI4qRStIk=\/0x79:960x1170\/984x0\/smart\/filters:strip_icc()\/i.s3.glbimg.com\/v1\/AUTH_59edd422c0c84a879bd37670ae4f538a\/internal_photos\/bs\/2020\/t\/G\/bMlIkGQ7WwIwcN3JUDqQ\/whatsapp-image-2020-10-06-at-16.06.47.jpeg?resize=629%2C714&amp;ssl=1\" data-was-processed=\"true\" \/><\/p>\n<p>Fonte: G1<\/p>\n<\/div>\n<\/div>\n<\/div>\n<\/div>\n<\/div>\n","protected":false},"excerpt":{"rendered":"<p>Um vel\u00f3rio realizado nesta ter\u00e7a-feira (6) chamou a aten\u00e7\u00e3o em\u00a0Fl\u00f3rida Paulista. O motivo foram dois barris de chope colocados no local para familiares e amigos que foram se despedir de Ari Gon\u00e7alves Soares, de 56 anos, que morreu na noite da segunda-feira (5).\u00a0A bebida durante o vel\u00f3rio nem de longe representava indiferen\u00e7a com a morte [&hellip;]<\/p>\n","protected":false},"author":1,"featured_media":36414,"comment_status":"closed","ping_status":"open","sticky":false,"template":"","format":"standard","meta":{"footnotes":""},"categories":[114,110],"tags":[],"class_list":["post-36413","post","type-post","status-publish","format-standard","has-post-thumbnail","hentry","category-geralecomercio","category-noticiasdestaque"],"_links":{"self":[{"href":"https:\/\/jorgezanoni.com.br\/2019\/wp-json\/wp\/v2\/posts\/36413","targetHints":{"allow":["GET"]}}],"collection":[{"href":"https:\/\/jorgezanoni.com.br\/2019\/wp-json\/wp\/v2\/posts"}],"about":[{"href":"https:\/\/jorgezanoni.com.br\/2019\/wp-json\/wp\/v2\/types\/post"}],"author":[{"embeddable":true,"href":"https:\/\/jorgezanoni.com.br\/2019\/wp-json\/wp\/v2\/users\/1"}],"replies":[{"embeddable":true,"href":"https:\/\/jorgezanoni.com.br\/2019\/wp-json\/wp\/v2\/comments?post=36413"}],"version-history":[{"count":0,"href":"https:\/\/jorgezanoni.com.br\/2019\/wp-json\/wp\/v2\/posts\/36413\/revisions"}],"wp:featuredmedia":[{"embeddable":true,"href":"https:\/\/jorgezanoni.com.br\/2019\/wp-json\/wp\/v2\/media\/36414"}],"wp:attachment":[{"href":"https:\/\/jorgezanoni.com.br\/2019\/wp-json\/wp\/v2\/media?parent=36413"}],"wp:term":[{"taxonomy":"category","embeddable":true,"href":"https:\/\/jorgezanoni.com.br\/2019\/wp-json\/wp\/v2\/categories?post=36413"},{"taxonomy":"post_tag","embeddable":true,"href":"https:\/\/jorgezanoni.com.br\/2019\/wp-json\/wp\/v2\/tags?post=36413"}],"curies":[{"name":"wp","href":"https:\/\/api.w.org\/{rel}","templated":true}]}}