{"id":36402,"date":"2020-10-07T00:34:54","date_gmt":"2020-10-07T00:34:54","guid":{"rendered":"https:\/\/jorgezanoni.com.br\/2019\/?p=36402"},"modified":"2020-10-07T00:34:54","modified_gmt":"2020-10-07T00:34:54","slug":"local-que-era-ponto-de-carroca-virou-moradia-de-andarilhos","status":"publish","type":"post","link":"https:\/\/jorgezanoni.com.br\/2019\/local-que-era-ponto-de-carroca-virou-moradia-de-andarilhos\/","title":{"rendered":"Local que era ponto de carro\u00e7a virou moradia de andarilhos"},"content":{"rendered":"<p style=\"text-align: justify;\">Onde antes era um ponto de carro\u00e7as de aluguel, na Rua Martim Afonso pr\u00f3ximo da Esta\u00e7\u00e3o Rodovi\u00e1ria de Dracena, virou espa\u00e7o para abrigar andarilhos.<\/p>\n<p style=\"text-align: justify;\">Moradores das imedia\u00e7\u00f5es dizem que se v\u00ea de tudo pelo local, sujeira, restos de comidas, consumo exagerado de aguardente, palavr\u00f5es, brigas e algo mais.<\/p>\n<p style=\"text-align: justify;\">At\u00e9 uma casa com papel\u00e3o e outros materiais os desocupados fizeram. Hoje (6) no per\u00edodo da tarde ao menos tr\u00eas pessoas estavam no local, mas dizem que \u00e9 comum ter um n\u00famero maior.<\/p>\n<p style=\"text-align: justify;\">Pedem que a Secretaria de A\u00e7\u00e3o Social d\u00ea uma passada pelo local e que se fa\u00e7a alguma coisa para acabar com essa pr\u00e1tica por l\u00e1.<\/p>\n<p><img loading=\"lazy\" decoding=\"async\" class=\"alignnone size-full wp-image-36404\" src=\"https:\/\/jorgezanoni.com.br\/2019\/wp-content\/uploads\/2020\/10\/IMG_7015.jpg\" alt=\"\" width=\"800\" height=\"532\" srcset=\"https:\/\/jorgezanoni.com.br\/2019\/wp-content\/uploads\/2020\/10\/IMG_7015.jpg 800w, https:\/\/jorgezanoni.com.br\/2019\/wp-content\/uploads\/2020\/10\/IMG_7015-300x200.jpg 300w, https:\/\/jorgezanoni.com.br\/2019\/wp-content\/uploads\/2020\/10\/IMG_7015-768x511.jpg 768w, https:\/\/jorgezanoni.com.br\/2019\/wp-content\/uploads\/2020\/10\/IMG_7015-696x463.jpg 696w, https:\/\/jorgezanoni.com.br\/2019\/wp-content\/uploads\/2020\/10\/IMG_7015-632x420.jpg 632w\" sizes=\"auto, (max-width: 800px) 100vw, 800px\" \/><\/p>\n","protected":false},"excerpt":{"rendered":"<p>Onde antes era um ponto de carro\u00e7as de aluguel, na Rua Martim Afonso pr\u00f3ximo da Esta\u00e7\u00e3o Rodovi\u00e1ria de Dracena, virou espa\u00e7o para abrigar andarilhos. Moradores das imedia\u00e7\u00f5es dizem que se v\u00ea de tudo pelo local, sujeira, restos de comidas, consumo exagerado de aguardente, palavr\u00f5es, brigas e algo mais. At\u00e9 uma casa com papel\u00e3o e outros [&hellip;]<\/p>\n","protected":false},"author":1,"featured_media":36403,"comment_status":"closed","ping_status":"open","sticky":false,"template":"","format":"standard","meta":{"footnotes":""},"categories":[179,184,110],"tags":[],"class_list":["post-36402","post","type-post","status-publish","format-standard","has-post-thumbnail","hentry","category-cidadeseregiao","category-dracena","category-noticiasdestaque"],"_links":{"self":[{"href":"https:\/\/jorgezanoni.com.br\/2019\/wp-json\/wp\/v2\/posts\/36402","targetHints":{"allow":["GET"]}}],"collection":[{"href":"https:\/\/jorgezanoni.com.br\/2019\/wp-json\/wp\/v2\/posts"}],"about":[{"href":"https:\/\/jorgezanoni.com.br\/2019\/wp-json\/wp\/v2\/types\/post"}],"author":[{"embeddable":true,"href":"https:\/\/jorgezanoni.com.br\/2019\/wp-json\/wp\/v2\/users\/1"}],"replies":[{"embeddable":true,"href":"https:\/\/jorgezanoni.com.br\/2019\/wp-json\/wp\/v2\/comments?post=36402"}],"version-history":[{"count":0,"href":"https:\/\/jorgezanoni.com.br\/2019\/wp-json\/wp\/v2\/posts\/36402\/revisions"}],"wp:featuredmedia":[{"embeddable":true,"href":"https:\/\/jorgezanoni.com.br\/2019\/wp-json\/wp\/v2\/media\/36403"}],"wp:attachment":[{"href":"https:\/\/jorgezanoni.com.br\/2019\/wp-json\/wp\/v2\/media?parent=36402"}],"wp:term":[{"taxonomy":"category","embeddable":true,"href":"https:\/\/jorgezanoni.com.br\/2019\/wp-json\/wp\/v2\/categories?post=36402"},{"taxonomy":"post_tag","embeddable":true,"href":"https:\/\/jorgezanoni.com.br\/2019\/wp-json\/wp\/v2\/tags?post=36402"}],"curies":[{"name":"wp","href":"https:\/\/api.w.org\/{rel}","templated":true}]}}