{"id":36373,"date":"2020-10-06T16:56:03","date_gmt":"2020-10-06T16:56:03","guid":{"rendered":"https:\/\/jorgezanoni.com.br\/2019\/?p=36373"},"modified":"2020-10-06T16:56:03","modified_gmt":"2020-10-06T16:56:03","slug":"homem-morre-baleado-pela-pm-e-dois-sao-presos-apos-roubo-a-agencia-dos-correios-de-estrela-do-norte","status":"publish","type":"post","link":"https:\/\/jorgezanoni.com.br\/2019\/homem-morre-baleado-pela-pm-e-dois-sao-presos-apos-roubo-a-agencia-dos-correios-de-estrela-do-norte\/","title":{"rendered":"Homem morre baleado pela PM e dois s\u00e3o presos ap\u00f3s roubo a ag\u00eancia dos Correios de Estrela do Norte"},"content":{"rendered":"<h2 class=\"content-head__subtitle\" style=\"text-align: justify;\"><strong>Indiv\u00edduos fugiram sentido a Presidente Prudente levando dinheiro e celular, mas durante o percurso foram interceptados pela Pol\u00edcia Militar.<\/strong><\/h2>\n<div class=\"mc-column content-text active-extra-styles \" data-block-type=\"unstyled\" data-block-weight=\"52\" data-block-id=\"2\">\n<p class=\"content-text__container \" style=\"text-align: justify;\" data-track-category=\"Link no Texto\" data-track-links=\"\">Um roubo na ag\u00eancia dos Correios de\u00a0<a href=\"http:\/\/g1.globo.com\/sp\/presidente-prudente-regiao\/cidade\/estrela-do-norte-sp.html\">Estrela do Norte (SP)<\/a>\u00a0foi registrado nesta ter\u00e7a-feira (6). A sequ\u00eancia de fatos ap\u00f3s o crime acabou com um dos envolvidos morto depois de ser baleado em decorr\u00eancia de interven\u00e7\u00e3o da Pol\u00edcia Militar e dois indiv\u00edduos presos em flagrante. Uma arma de fogo foi apreendida.<\/p>\n<\/div>\n<div class=\"wall protected-content\">\n<div class=\"mc-column content-text active-extra-styles \" style=\"text-align: justify;\" data-block-type=\"unstyled\" data-block-weight=\"5\" data-block-id=\"3\">\n<p class=\"content-text__container \" data-track-category=\"Link no Texto\" data-track-links=\"\">A ocorr\u00eancia est\u00e1 em andamento.<\/p>\n<\/div>\n<div class=\"mc-column content-text active-extra-styles \" style=\"text-align: justify;\" data-block-type=\"unstyled\" data-block-weight=\"35\" data-block-id=\"4\">\n<p class=\"content-text__container \" data-track-category=\"Link no Texto\" data-track-links=\"\">De acordo com as primeiras informa\u00e7\u00f5es da Pol\u00edcia Militar ao\u00a0<strong>G1<\/strong>, tr\u00eas bandidos armados e encapuzados invadiram a ag\u00eancia, renderam pessoas que ali estavam e anunciaram o assalto. Foram subtra\u00eddos dinheiro e pertences das v\u00edtimas.<\/p>\n<\/div>\n<div class=\"mc-column content-text active-extra-styles \" style=\"text-align: justify;\" data-block-type=\"unstyled\" data-block-weight=\"10\" data-block-id=\"5\">\n<p class=\"content-text__container \" data-track-category=\"Link no Texto\" data-track-links=\"\">Na sequ\u00eancia, o grupo fugiu sentido a Presidente Prudente.<\/p>\n<\/div>\n<div class=\"mc-column content-text active-extra-styles \" style=\"text-align: justify;\" data-block-type=\"unstyled\" data-block-weight=\"34\" data-block-id=\"6\">\n<p class=\"content-text__container \" data-track-category=\"Link no Texto\" data-track-links=\"\">No entanto, durante o percurso pela Rodovia Assis Chateaubriand (SP-425), os indiv\u00edduos viram que estavam cercados por policiais militares e entraram em uma estrada de terra, pr\u00f3ximo ao trevo da cidade de\u00a0<a href=\"http:\/\/g1.globo.com\/sp\/presidente-prudente-regiao\/cidade\/tarabai.html\">Tarabai (SP)<\/a>.<\/p>\n<\/div>\n<div class=\"mc-column content-text active-extra-styles \" style=\"text-align: justify;\" data-block-type=\"unstyled\" data-block-weight=\"32\" data-block-id=\"7\">\n<p class=\"content-text__container \" data-track-category=\"Link no Texto\" data-track-links=\"\">Ainda segundo relatou ao\u00a0<strong>G1\u00a0<\/strong>a corpora\u00e7\u00e3o, os militares perseguiram os ladr\u00f5es, que pararam em uma granja e efetuaram disparos contra as equipes. Os policiais revidaram e um dos indiv\u00edduos foi atingido.<\/p>\n<\/div>\n<div class=\"mc-column content-text active-extra-styles \" style=\"text-align: justify;\" data-block-type=\"unstyled\" data-block-weight=\"31\" data-block-id=\"8\">\n<p class=\"content-text__container \" data-track-category=\"Link no Texto\" data-track-links=\"\">Em seguida, os indiv\u00edduos embarcaram novamente no carro; o condutor tentou atropelar os policiais, bateu na viatura e fugiu. A PM acompanhou e em um posto de combust\u00edveis interceptou os envolvidos.<\/p>\n<\/div>\n<div class=\"mc-column content-text active-extra-styles \" style=\"text-align: justify;\" data-block-type=\"unstyled\" data-block-weight=\"21\" data-block-id=\"9\">\n<p class=\"content-text__container \" data-track-category=\"Link no Texto\" data-track-links=\"\">O indiv\u00edduo alvejado foi socorrido pelo Corpo de Bombeiros para o Pronto-socorro de Tarabai e os outros dois homens foram presos.<\/p>\n<\/div>\n<div class=\"content-ads content-ads--reveal\" style=\"text-align: justify;\" data-block-type=\"ads\" data-block-id=\"10\">\n<div id=\"banner_materia2\" class=\"tag-manager-publicidade-container mc-has-reveal mc-has-ad-lazyload\" data-id=\"banner_materia2\"><\/div>\n<\/div>\n<div class=\"mc-column content-text active-extra-styles \" style=\"text-align: justify;\" data-block-type=\"unstyled\" data-block-weight=\"30\" data-block-id=\"11\">\n<p class=\"content-text__container \" data-track-category=\"Link no Texto\" data-track-links=\"\">De acordo com a corpora\u00e7\u00e3o, o homem baleado foi levado ao Pronto-socorro com parada cardiorrespirat\u00f3ria. Na unidade de sa\u00fade, os bombeiros foram informados de que o indiv\u00edduo j\u00e1 estava morto.<\/p>\n<\/div>\n<div class=\"mc-column content-text active-extra-styles \" style=\"text-align: justify;\" data-block-type=\"unstyled\" data-block-weight=\"12\" data-block-id=\"12\">\n<p class=\"content-text__container \" data-track-category=\"Link no Texto\" data-track-links=\"\">Uma arma de fogo foi localizada no carro dos envolvidos e apreendida.<\/p>\n<\/div>\n<div class=\"mc-column content-text active-extra-styles \" style=\"text-align: justify;\" data-block-type=\"unstyled\" data-block-weight=\"12\" data-block-id=\"13\">\n<p class=\"content-text__container \" data-track-category=\"Link no Texto\" data-track-links=\"\">O\u00a0<strong>G1\u00a0<\/strong>solicitou um posicionamento aos Correios, mas ainda n\u00e3o obteve resposta.<\/p>\n<\/div>\n<div class=\"row medium-uncollapsed content-media content-photo\" data-block-type=\"backstage-photo\" data-block-id=\"14\">\n<div class=\"mc-column content-media__container\">\n<figure style=\"text-align: justify;\"><img decoding=\"async\" class=\"i-amphtml-fill-content i-amphtml-replaced-content\" src=\"https:\/\/s2.glbimg.com\/BzFwr2HV9pjwzR7iWrmITLeXx14=\/0x0:1280x960\/984x0\/smart\/filters:strip_icc()\/i.s3.glbimg.com\/v1\/AUTH_59edd422c0c84a879bd37670ae4f538a\/internal_photos\/bs\/2020\/A\/K\/tj9rNFQjioajhbZjimpA\/t187fl5f7c90fa637cf.jpeg\" sizes=\"(max-width: 1366px) 648px, 100vw\" srcset=\"https:\/\/s2.glbimg.com\/8rQ7Yy9ApYkEBertiwBmlTzvrfQ=\/0x0:1280x960\/1000x0\/smart\/filters:strip_icc()\/i.s3.glbimg.com\/v1\/AUTH_59edd422c0c84a879bd37670ae4f538a\/internal_photos\/bs\/2020\/A\/K\/tj9rNFQjioajhbZjimpA\/t187fl5f7c90fa637cf.jpeg 1000w, https:\/\/s2.glbimg.com\/BzFwr2HV9pjwzR7iWrmITLeXx14=\/0x0:1280x960\/984x0\/smart\/filters:strip_icc()\/i.s3.glbimg.com\/v1\/AUTH_59edd422c0c84a879bd37670ae4f538a\/internal_photos\/bs\/2020\/A\/K\/tj9rNFQjioajhbZjimpA\/t187fl5f7c90fa637cf.jpeg 984w, https:\/\/s2.glbimg.com\/56dapsO6MsIJWwgkFmQDD0W2M38=\/0x0:1280x960\/640x0\/smart\/filters:strip_icc()\/i.s3.glbimg.com\/v1\/AUTH_59edd422c0c84a879bd37670ae4f538a\/internal_photos\/bs\/2020\/A\/K\/tj9rNFQjioajhbZjimpA\/t187fl5f7c90fa637cf.jpeg 640w, https:\/\/s2.glbimg.com\/zcwvk1Q9PMM_bpUZsmHbNZByo7Y=\/0x0:1280x960\/600x0\/smart\/filters:strip_icc()\/i.s3.glbimg.com\/v1\/AUTH_59edd422c0c84a879bd37670ae4f538a\/internal_photos\/bs\/2020\/A\/K\/tj9rNFQjioajhbZjimpA\/t187fl5f7c90fa637cf.jpeg 600w\" alt=\"Crime ocorreu nesta ter\u00e7a-feira (6), em Estrela do Norte \u2014 Foto: Raqueline Barros\/Cedida\" \/><\/figure>\n<p class=\"content-media__description \" style=\"text-align: justify;\">Crime ocorreu nesta ter\u00e7a-feira (6), em Estrela do Norte \u2014 Foto: Raqueline Barros\/Cedida<\/p>\n<p>Fonte: G1<\/p>\n<\/div>\n<\/div>\n<\/div>\n","protected":false},"excerpt":{"rendered":"<p>Indiv\u00edduos fugiram sentido a Presidente Prudente levando dinheiro e celular, mas durante o percurso foram interceptados pela Pol\u00edcia Militar. Um roubo na ag\u00eancia dos Correios de\u00a0Estrela do Norte (SP)\u00a0foi registrado nesta ter\u00e7a-feira (6). A sequ\u00eancia de fatos ap\u00f3s o crime acabou com um dos envolvidos morto depois de ser baleado em decorr\u00eancia de interven\u00e7\u00e3o da [&hellip;]<\/p>\n","protected":false},"author":1,"featured_media":36374,"comment_status":"closed","ping_status":"open","sticky":false,"template":"","format":"standard","meta":{"footnotes":""},"categories":[110,2],"tags":[],"class_list":["post-36373","post","type-post","status-publish","format-standard","has-post-thumbnail","hentry","category-noticiasdestaque","category-policial"],"_links":{"self":[{"href":"https:\/\/jorgezanoni.com.br\/2019\/wp-json\/wp\/v2\/posts\/36373","targetHints":{"allow":["GET"]}}],"collection":[{"href":"https:\/\/jorgezanoni.com.br\/2019\/wp-json\/wp\/v2\/posts"}],"about":[{"href":"https:\/\/jorgezanoni.com.br\/2019\/wp-json\/wp\/v2\/types\/post"}],"author":[{"embeddable":true,"href":"https:\/\/jorgezanoni.com.br\/2019\/wp-json\/wp\/v2\/users\/1"}],"replies":[{"embeddable":true,"href":"https:\/\/jorgezanoni.com.br\/2019\/wp-json\/wp\/v2\/comments?post=36373"}],"version-history":[{"count":0,"href":"https:\/\/jorgezanoni.com.br\/2019\/wp-json\/wp\/v2\/posts\/36373\/revisions"}],"wp:featuredmedia":[{"embeddable":true,"href":"https:\/\/jorgezanoni.com.br\/2019\/wp-json\/wp\/v2\/media\/36374"}],"wp:attachment":[{"href":"https:\/\/jorgezanoni.com.br\/2019\/wp-json\/wp\/v2\/media?parent=36373"}],"wp:term":[{"taxonomy":"category","embeddable":true,"href":"https:\/\/jorgezanoni.com.br\/2019\/wp-json\/wp\/v2\/categories?post=36373"},{"taxonomy":"post_tag","embeddable":true,"href":"https:\/\/jorgezanoni.com.br\/2019\/wp-json\/wp\/v2\/tags?post=36373"}],"curies":[{"name":"wp","href":"https:\/\/api.w.org\/{rel}","templated":true}]}}