{"id":36370,"date":"2020-10-06T16:05:31","date_gmt":"2020-10-06T16:05:31","guid":{"rendered":"https:\/\/jorgezanoni.com.br\/2019\/?p=36370"},"modified":"2020-10-06T16:05:31","modified_gmt":"2020-10-06T16:05:31","slug":"duas-granjas-de-bastos-registram-mortes-de-35-mil-galinhas-por-causa-do-calor","status":"publish","type":"post","link":"https:\/\/jorgezanoni.com.br\/2019\/duas-granjas-de-bastos-registram-mortes-de-35-mil-galinhas-por-causa-do-calor\/","title":{"rendered":"Duas Granjas de Bastos registram mortes de 35 mil Galinhas por causa do Calor"},"content":{"rendered":"<p style=\"text-align: justify;\"><strong>As altas temperaturas registradas nos \u00faltimos dias t\u00eam provocado a morte de mais de 30 mil galinhas em Bastos (SP), cidade que tem a maior produ\u00e7\u00e3o de ovos do estado de S\u00e3o Paulo.<\/strong><\/p>\n<p>Em uma das granjas do munic\u00edpio, que tem um plantel de 800 mil aves, produtores relataram que 30 mil morreram por causa do calor. Em outra, de 35 mil, pelo menos 5 mil galinhas perderam a vida para as altas temperaturas.<\/p>\n<p>Os avicultores disseram que nunca viram um calor t\u00e3o forte que durou por tanto tempo na cidade. De acordo com o Inmet, Bastos registrou temperaturas acima de 40\u00baC nesta semana, chegando a atingir 41,4\u00baC neste s\u00e1bado (3). Al\u00e9m disso, a umidade relativa do ar est\u00e1 complicada, ficando abaixo de 9% em alguns momentos.<\/p>\n<p>Por causa disso, os produtores relataram que as galinhas est\u00e3o se alimentando menos e bebendo mais \u00e1gua, o que faz elas botarem ovos menores e em menos quantidade. A estimativa \u00e9 de que 30% da produ\u00e7\u00e3o deve cair por conta disso.<\/p>\n<p>As granjas de Bastos comandam 36% da produ\u00e7\u00e3o do estado, segundo a Secretaria de Agricultura e Abastecimento. Com a produ\u00e7\u00e3o menor, os produtores informaram que o pre\u00e7o do produto deve subir nos pr\u00f3ximos dias.<\/p>\n<p>Para tentar amenizar o calor e, consequentemente, o preju\u00edzo, os avicultores est\u00e3o jogando \u00e1gua com um produto \u00e0 base de eucalipto nas galinhas. Por\u00e9m, segundo o avicultor e veterin\u00e1rio S\u00e9rgio Kakimoto \u00e9 preciso ter cuidado com o vapor que esse sistema pode gerar.<\/p>\n<p><strong>&#8220;A combina\u00e7\u00e3o do forte calor e da baixa umidade relativa do ar que chegou a 9% em alguns dias tem sido fatal para as galinhas e a ventila\u00e7\u00e3o nem sempre funciona porque o ar quente pode sufocar as aves.&#8221;<\/strong><\/p>\n<p>Ainda segundo S\u00e9rgio a morte de tantas galinhas n\u00e3o acontecia desde 2012. Na \u00e9poca, as aves morreram em um \u00fanico dia de muito calor, dessa vez o problema se arrasta h\u00e1 pelo menos uma semana, desde o in\u00edcio da onda de calor na regi\u00e3o.<\/p>\n<p>Fonte: G1<\/p>\n","protected":false},"excerpt":{"rendered":"<p>As altas temperaturas registradas nos \u00faltimos dias t\u00eam provocado a morte de mais de 30 mil galinhas em Bastos (SP), cidade que tem a maior produ\u00e7\u00e3o de ovos do estado de S\u00e3o Paulo. Em uma das granjas do munic\u00edpio, que tem um plantel de 800 mil aves, produtores relataram que 30 mil morreram por causa [&hellip;]<\/p>\n","protected":false},"author":1,"featured_media":36371,"comment_status":"closed","ping_status":"open","sticky":false,"template":"","format":"standard","meta":{"footnotes":""},"categories":[114,110],"tags":[],"class_list":["post-36370","post","type-post","status-publish","format-standard","has-post-thumbnail","hentry","category-geralecomercio","category-noticiasdestaque"],"_links":{"self":[{"href":"https:\/\/jorgezanoni.com.br\/2019\/wp-json\/wp\/v2\/posts\/36370","targetHints":{"allow":["GET"]}}],"collection":[{"href":"https:\/\/jorgezanoni.com.br\/2019\/wp-json\/wp\/v2\/posts"}],"about":[{"href":"https:\/\/jorgezanoni.com.br\/2019\/wp-json\/wp\/v2\/types\/post"}],"author":[{"embeddable":true,"href":"https:\/\/jorgezanoni.com.br\/2019\/wp-json\/wp\/v2\/users\/1"}],"replies":[{"embeddable":true,"href":"https:\/\/jorgezanoni.com.br\/2019\/wp-json\/wp\/v2\/comments?post=36370"}],"version-history":[{"count":0,"href":"https:\/\/jorgezanoni.com.br\/2019\/wp-json\/wp\/v2\/posts\/36370\/revisions"}],"wp:featuredmedia":[{"embeddable":true,"href":"https:\/\/jorgezanoni.com.br\/2019\/wp-json\/wp\/v2\/media\/36371"}],"wp:attachment":[{"href":"https:\/\/jorgezanoni.com.br\/2019\/wp-json\/wp\/v2\/media?parent=36370"}],"wp:term":[{"taxonomy":"category","embeddable":true,"href":"https:\/\/jorgezanoni.com.br\/2019\/wp-json\/wp\/v2\/categories?post=36370"},{"taxonomy":"post_tag","embeddable":true,"href":"https:\/\/jorgezanoni.com.br\/2019\/wp-json\/wp\/v2\/tags?post=36370"}],"curies":[{"name":"wp","href":"https:\/\/api.w.org\/{rel}","templated":true}]}}