{"id":36317,"date":"2020-10-06T12:15:26","date_gmt":"2020-10-06T12:15:26","guid":{"rendered":"https:\/\/jorgezanoni.com.br\/2019\/?p=36317"},"modified":"2020-10-06T15:45:10","modified_gmt":"2020-10-06T15:45:10","slug":"aniversariantes-do-dia-06-10-20","status":"publish","type":"post","link":"https:\/\/jorgezanoni.com.br\/2019\/aniversariantes-do-dia-06-10-20\/","title":{"rendered":"Aniversariantes do Dia 06\/10\/20"},"content":{"rendered":"<p>PARABENIZAMOS OS ANIVERSARIANTES DE HOJE:<\/p>\n<p><img loading=\"lazy\" decoding=\"async\" class=\"alignnone size-full wp-image-36318\" src=\"https:\/\/jorgezanoni.com.br\/2019\/wp-content\/uploads\/2020\/10\/Bruna-Lopes.jpg\" alt=\"\" width=\"1440\" height=\"1440\" srcset=\"https:\/\/jorgezanoni.com.br\/2019\/wp-content\/uploads\/2020\/10\/Bruna-Lopes.jpg 1440w, https:\/\/jorgezanoni.com.br\/2019\/wp-content\/uploads\/2020\/10\/Bruna-Lopes-300x300.jpg 300w, https:\/\/jorgezanoni.com.br\/2019\/wp-content\/uploads\/2020\/10\/Bruna-Lopes-1024x1024.jpg 1024w, https:\/\/jorgezanoni.com.br\/2019\/wp-content\/uploads\/2020\/10\/Bruna-Lopes-150x150.jpg 150w, https:\/\/jorgezanoni.com.br\/2019\/wp-content\/uploads\/2020\/10\/Bruna-Lopes-768x768.jpg 768w, https:\/\/jorgezanoni.com.br\/2019\/wp-content\/uploads\/2020\/10\/Bruna-Lopes-696x696.jpg 696w, https:\/\/jorgezanoni.com.br\/2019\/wp-content\/uploads\/2020\/10\/Bruna-Lopes-1068x1068.jpg 1068w, https:\/\/jorgezanoni.com.br\/2019\/wp-content\/uploads\/2020\/10\/Bruna-Lopes-420x420.jpg 420w\" sizes=\"auto, (max-width: 1440px) 100vw, 1440px\" \/>Bruna Lopes<\/p>\n<p><img loading=\"lazy\" decoding=\"async\" class=\"alignnone size-full wp-image-36361\" src=\"https:\/\/jorgezanoni.com.br\/2019\/wp-content\/uploads\/2020\/10\/Dayane-Xavier-e-ele-Willian-roza.jpg\" alt=\"\" width=\"552\" height=\"828\" srcset=\"https:\/\/jorgezanoni.com.br\/2019\/wp-content\/uploads\/2020\/10\/Dayane-Xavier-e-ele-Willian-roza.jpg 552w, https:\/\/jorgezanoni.com.br\/2019\/wp-content\/uploads\/2020\/10\/Dayane-Xavier-e-ele-Willian-roza-200x300.jpg 200w, https:\/\/jorgezanoni.com.br\/2019\/wp-content\/uploads\/2020\/10\/Dayane-Xavier-e-ele-Willian-roza-280x420.jpg 280w\" sizes=\"auto, (max-width: 552px) 100vw, 552px\" \/>Willian Roza e Dayane Xavier<\/p>\n<p><img loading=\"lazy\" decoding=\"async\" class=\"alignnone size-full wp-image-36319\" src=\"https:\/\/jorgezanoni.com.br\/2019\/wp-content\/uploads\/2020\/10\/Favbiana-Marcella.jpg\" alt=\"\" width=\"1920\" height=\"1934\" srcset=\"https:\/\/jorgezanoni.com.br\/2019\/wp-content\/uploads\/2020\/10\/Favbiana-Marcella.jpg 1920w, https:\/\/jorgezanoni.com.br\/2019\/wp-content\/uploads\/2020\/10\/Favbiana-Marcella-298x300.jpg 298w, https:\/\/jorgezanoni.com.br\/2019\/wp-content\/uploads\/2020\/10\/Favbiana-Marcella-1017x1024.jpg 1017w, https:\/\/jorgezanoni.com.br\/2019\/wp-content\/uploads\/2020\/10\/Favbiana-Marcella-150x150.jpg 150w, https:\/\/jorgezanoni.com.br\/2019\/wp-content\/uploads\/2020\/10\/Favbiana-Marcella-768x774.jpg 768w, https:\/\/jorgezanoni.com.br\/2019\/wp-content\/uploads\/2020\/10\/Favbiana-Marcella-1525x1536.jpg 1525w, https:\/\/jorgezanoni.com.br\/2019\/wp-content\/uploads\/2020\/10\/Favbiana-Marcella-696x701.jpg 696w, https:\/\/jorgezanoni.com.br\/2019\/wp-content\/uploads\/2020\/10\/Favbiana-Marcella-1068x1076.jpg 1068w, https:\/\/jorgezanoni.com.br\/2019\/wp-content\/uploads\/2020\/10\/Favbiana-Marcella-417x420.jpg 417w\" sizes=\"auto, (max-width: 1920px) 100vw, 1920px\" \/>Fabiana Marcella<\/p>\n<p><img loading=\"lazy\" decoding=\"async\" class=\"alignnone size-full wp-image-36363\" src=\"https:\/\/jorgezanoni.com.br\/2019\/wp-content\/uploads\/2020\/10\/Liliane-Pompilio-Bizacha.jpg\" alt=\"\" width=\"720\" height=\"1280\" srcset=\"https:\/\/jorgezanoni.com.br\/2019\/wp-content\/uploads\/2020\/10\/Liliane-Pompilio-Bizacha.jpg 720w, https:\/\/jorgezanoni.com.br\/2019\/wp-content\/uploads\/2020\/10\/Liliane-Pompilio-Bizacha-169x300.jpg 169w, https:\/\/jorgezanoni.com.br\/2019\/wp-content\/uploads\/2020\/10\/Liliane-Pompilio-Bizacha-576x1024.jpg 576w, https:\/\/jorgezanoni.com.br\/2019\/wp-content\/uploads\/2020\/10\/Liliane-Pompilio-Bizacha-696x1237.jpg 696w, https:\/\/jorgezanoni.com.br\/2019\/wp-content\/uploads\/2020\/10\/Liliane-Pompilio-Bizacha-236x420.jpg 236w\" sizes=\"auto, (max-width: 720px) 100vw, 720px\" \/>Liliane Pompilio Bizacha<\/p>\n<p><img loading=\"lazy\" decoding=\"async\" class=\"alignnone size-full wp-image-36320\" src=\"https:\/\/jorgezanoni.com.br\/2019\/wp-content\/uploads\/2020\/10\/Luciano-Gerlin-da-Silva.jpg\" alt=\"\" width=\"1280\" height=\"960\" srcset=\"https:\/\/jorgezanoni.com.br\/2019\/wp-content\/uploads\/2020\/10\/Luciano-Gerlin-da-Silva.jpg 1280w, https:\/\/jorgezanoni.com.br\/2019\/wp-content\/uploads\/2020\/10\/Luciano-Gerlin-da-Silva-300x225.jpg 300w, https:\/\/jorgezanoni.com.br\/2019\/wp-content\/uploads\/2020\/10\/Luciano-Gerlin-da-Silva-1024x768.jpg 1024w, https:\/\/jorgezanoni.com.br\/2019\/wp-content\/uploads\/2020\/10\/Luciano-Gerlin-da-Silva-768x576.jpg 768w, https:\/\/jorgezanoni.com.br\/2019\/wp-content\/uploads\/2020\/10\/Luciano-Gerlin-da-Silva-80x60.jpg 80w, https:\/\/jorgezanoni.com.br\/2019\/wp-content\/uploads\/2020\/10\/Luciano-Gerlin-da-Silva-265x198.jpg 265w, https:\/\/jorgezanoni.com.br\/2019\/wp-content\/uploads\/2020\/10\/Luciano-Gerlin-da-Silva-696x522.jpg 696w, https:\/\/jorgezanoni.com.br\/2019\/wp-content\/uploads\/2020\/10\/Luciano-Gerlin-da-Silva-1068x801.jpg 1068w, https:\/\/jorgezanoni.com.br\/2019\/wp-content\/uploads\/2020\/10\/Luciano-Gerlin-da-Silva-560x420.jpg 560w\" sizes=\"auto, (max-width: 1280px) 100vw, 1280px\" \/>Luciano Gerlin da Silva<\/p>\n<p><img loading=\"lazy\" decoding=\"async\" class=\"alignnone size-full wp-image-36321\" src=\"https:\/\/jorgezanoni.com.br\/2019\/wp-content\/uploads\/2020\/10\/Lurdes-Balestra-Tavares.jpg\" alt=\"\" width=\"1080\" height=\"1350\" srcset=\"https:\/\/jorgezanoni.com.br\/2019\/wp-content\/uploads\/2020\/10\/Lurdes-Balestra-Tavares.jpg 1080w, https:\/\/jorgezanoni.com.br\/2019\/wp-content\/uploads\/2020\/10\/Lurdes-Balestra-Tavares-240x300.jpg 240w, https:\/\/jorgezanoni.com.br\/2019\/wp-content\/uploads\/2020\/10\/Lurdes-Balestra-Tavares-819x1024.jpg 819w, https:\/\/jorgezanoni.com.br\/2019\/wp-content\/uploads\/2020\/10\/Lurdes-Balestra-Tavares-768x960.jpg 768w, https:\/\/jorgezanoni.com.br\/2019\/wp-content\/uploads\/2020\/10\/Lurdes-Balestra-Tavares-696x870.jpg 696w, https:\/\/jorgezanoni.com.br\/2019\/wp-content\/uploads\/2020\/10\/Lurdes-Balestra-Tavares-1068x1335.jpg 1068w, https:\/\/jorgezanoni.com.br\/2019\/wp-content\/uploads\/2020\/10\/Lurdes-Balestra-Tavares-336x420.jpg 336w\" sizes=\"auto, (max-width: 1080px) 100vw, 1080px\" \/>Lurdes Balestra Tavares<\/p>\n<p><img loading=\"lazy\" decoding=\"async\" class=\"alignnone size-full wp-image-36322\" src=\"https:\/\/jorgezanoni.com.br\/2019\/wp-content\/uploads\/2020\/10\/Marcelo-Jos\u00e9-de-Lima.jpg\" alt=\"\" width=\"1440\" height=\"1440\" srcset=\"https:\/\/jorgezanoni.com.br\/2019\/wp-content\/uploads\/2020\/10\/Marcelo-Jos\u00e9-de-Lima.jpg 1440w, https:\/\/jorgezanoni.com.br\/2019\/wp-content\/uploads\/2020\/10\/Marcelo-Jos\u00e9-de-Lima-300x300.jpg 300w, https:\/\/jorgezanoni.com.br\/2019\/wp-content\/uploads\/2020\/10\/Marcelo-Jos\u00e9-de-Lima-1024x1024.jpg 1024w, https:\/\/jorgezanoni.com.br\/2019\/wp-content\/uploads\/2020\/10\/Marcelo-Jos\u00e9-de-Lima-150x150.jpg 150w, https:\/\/jorgezanoni.com.br\/2019\/wp-content\/uploads\/2020\/10\/Marcelo-Jos\u00e9-de-Lima-768x768.jpg 768w, https:\/\/jorgezanoni.com.br\/2019\/wp-content\/uploads\/2020\/10\/Marcelo-Jos\u00e9-de-Lima-696x696.jpg 696w, https:\/\/jorgezanoni.com.br\/2019\/wp-content\/uploads\/2020\/10\/Marcelo-Jos\u00e9-de-Lima-1068x1068.jpg 1068w, https:\/\/jorgezanoni.com.br\/2019\/wp-content\/uploads\/2020\/10\/Marcelo-Jos\u00e9-de-Lima-420x420.jpg 420w\" sizes=\"auto, (max-width: 1440px) 100vw, 1440px\" \/>Marcelo Jos\u00e9 de Lima<\/p>\n<p><img loading=\"lazy\" decoding=\"async\" class=\"alignnone size-full wp-image-36323\" src=\"https:\/\/jorgezanoni.com.br\/2019\/wp-content\/uploads\/2020\/10\/Maria-Lucia-Carneiro-Tavares.jpg\" alt=\"\" width=\"480\" height=\"480\" srcset=\"https:\/\/jorgezanoni.com.br\/2019\/wp-content\/uploads\/2020\/10\/Maria-Lucia-Carneiro-Tavares.jpg 480w, https:\/\/jorgezanoni.com.br\/2019\/wp-content\/uploads\/2020\/10\/Maria-Lucia-Carneiro-Tavares-300x300.jpg 300w, https:\/\/jorgezanoni.com.br\/2019\/wp-content\/uploads\/2020\/10\/Maria-Lucia-Carneiro-Tavares-150x150.jpg 150w, https:\/\/jorgezanoni.com.br\/2019\/wp-content\/uploads\/2020\/10\/Maria-Lucia-Carneiro-Tavares-420x420.jpg 420w\" sizes=\"auto, (max-width: 480px) 100vw, 480px\" \/> Maria Lucia Carneiro Tavares<\/p>\n<p><img loading=\"lazy\" decoding=\"async\" class=\"alignnone size-full wp-image-36324\" src=\"https:\/\/jorgezanoni.com.br\/2019\/wp-content\/uploads\/2020\/10\/Marilza-Milharesi-Bonilha.jpg\" alt=\"\" width=\"1224\" height=\"1236\" srcset=\"https:\/\/jorgezanoni.com.br\/2019\/wp-content\/uploads\/2020\/10\/Marilza-Milharesi-Bonilha.jpg 1224w, https:\/\/jorgezanoni.com.br\/2019\/wp-content\/uploads\/2020\/10\/Marilza-Milharesi-Bonilha-297x300.jpg 297w, https:\/\/jorgezanoni.com.br\/2019\/wp-content\/uploads\/2020\/10\/Marilza-Milharesi-Bonilha-1014x1024.jpg 1014w, https:\/\/jorgezanoni.com.br\/2019\/wp-content\/uploads\/2020\/10\/Marilza-Milharesi-Bonilha-150x150.jpg 150w, https:\/\/jorgezanoni.com.br\/2019\/wp-content\/uploads\/2020\/10\/Marilza-Milharesi-Bonilha-768x776.jpg 768w, https:\/\/jorgezanoni.com.br\/2019\/wp-content\/uploads\/2020\/10\/Marilza-Milharesi-Bonilha-696x703.jpg 696w, https:\/\/jorgezanoni.com.br\/2019\/wp-content\/uploads\/2020\/10\/Marilza-Milharesi-Bonilha-1068x1078.jpg 1068w, https:\/\/jorgezanoni.com.br\/2019\/wp-content\/uploads\/2020\/10\/Marilza-Milharesi-Bonilha-416x420.jpg 416w\" sizes=\"auto, (max-width: 1224px) 100vw, 1224px\" \/>Marilza Milharesi Bonilha<\/p>\n<p><img loading=\"lazy\" decoding=\"async\" class=\"alignnone size-full wp-image-36325\" src=\"https:\/\/jorgezanoni.com.br\/2019\/wp-content\/uploads\/2020\/10\/Mario-Ebizawa.jpg\" alt=\"\" width=\"486\" height=\"960\" srcset=\"https:\/\/jorgezanoni.com.br\/2019\/wp-content\/uploads\/2020\/10\/Mario-Ebizawa.jpg 486w, https:\/\/jorgezanoni.com.br\/2019\/wp-content\/uploads\/2020\/10\/Mario-Ebizawa-152x300.jpg 152w, https:\/\/jorgezanoni.com.br\/2019\/wp-content\/uploads\/2020\/10\/Mario-Ebizawa-213x420.jpg 213w\" sizes=\"auto, (max-width: 486px) 100vw, 486px\" \/> Mario Ebisawa<\/p>\n<p><img loading=\"lazy\" decoding=\"async\" class=\"alignnone size-full wp-image-36326\" src=\"https:\/\/jorgezanoni.com.br\/2019\/wp-content\/uploads\/2020\/10\/Neide-Vieira-da-Silva.jpg\" alt=\"\" width=\"572\" height=\"810\" srcset=\"https:\/\/jorgezanoni.com.br\/2019\/wp-content\/uploads\/2020\/10\/Neide-Vieira-da-Silva.jpg 572w, https:\/\/jorgezanoni.com.br\/2019\/wp-content\/uploads\/2020\/10\/Neide-Vieira-da-Silva-212x300.jpg 212w, https:\/\/jorgezanoni.com.br\/2019\/wp-content\/uploads\/2020\/10\/Neide-Vieira-da-Silva-297x420.jpg 297w\" sizes=\"auto, (max-width: 572px) 100vw, 572px\" \/> Neide Vieira da Silva<\/p>\n<p><img loading=\"lazy\" decoding=\"async\" class=\"alignnone size-full wp-image-36327\" src=\"https:\/\/jorgezanoni.com.br\/2019\/wp-content\/uploads\/2020\/10\/Patricia-Onishi.jpg\" alt=\"\" width=\"512\" height=\"640\" srcset=\"https:\/\/jorgezanoni.com.br\/2019\/wp-content\/uploads\/2020\/10\/Patricia-Onishi.jpg 512w, https:\/\/jorgezanoni.com.br\/2019\/wp-content\/uploads\/2020\/10\/Patricia-Onishi-240x300.jpg 240w, https:\/\/jorgezanoni.com.br\/2019\/wp-content\/uploads\/2020\/10\/Patricia-Onishi-336x420.jpg 336w\" sizes=\"auto, (max-width: 512px) 100vw, 512px\" \/> Patr\u00edcia Onishi<\/p>\n<p><img loading=\"lazy\" decoding=\"async\" class=\"alignnone size-full wp-image-36330\" src=\"https:\/\/jorgezanoni.com.br\/2019\/wp-content\/uploads\/2020\/10\/san.jpg\" alt=\"\" width=\"960\" height=\"956\" srcset=\"https:\/\/jorgezanoni.com.br\/2019\/wp-content\/uploads\/2020\/10\/san.jpg 960w, https:\/\/jorgezanoni.com.br\/2019\/wp-content\/uploads\/2020\/10\/san-300x300.jpg 300w, https:\/\/jorgezanoni.com.br\/2019\/wp-content\/uploads\/2020\/10\/san-150x150.jpg 150w, https:\/\/jorgezanoni.com.br\/2019\/wp-content\/uploads\/2020\/10\/san-768x765.jpg 768w, https:\/\/jorgezanoni.com.br\/2019\/wp-content\/uploads\/2020\/10\/san-696x693.jpg 696w, https:\/\/jorgezanoni.com.br\/2019\/wp-content\/uploads\/2020\/10\/san-422x420.jpg 422w\" sizes=\"auto, (max-width: 960px) 100vw, 960px\" \/>San Hiramatsu<\/p>\n<p><img loading=\"lazy\" decoding=\"async\" class=\"alignnone size-full wp-image-36331\" src=\"https:\/\/jorgezanoni.com.br\/2019\/wp-content\/uploads\/2020\/10\/Valdecir-Junior-Siena.jpg\" alt=\"\" width=\"572\" height=\"572\" srcset=\"https:\/\/jorgezanoni.com.br\/2019\/wp-content\/uploads\/2020\/10\/Valdecir-Junior-Siena.jpg 572w, https:\/\/jorgezanoni.com.br\/2019\/wp-content\/uploads\/2020\/10\/Valdecir-Junior-Siena-300x300.jpg 300w, https:\/\/jorgezanoni.com.br\/2019\/wp-content\/uploads\/2020\/10\/Valdecir-Junior-Siena-150x150.jpg 150w, https:\/\/jorgezanoni.com.br\/2019\/wp-content\/uploads\/2020\/10\/Valdecir-Junior-Siena-420x420.jpg 420w\" sizes=\"auto, (max-width: 572px) 100vw, 572px\" \/>Valdeci Junior Siena<\/p>\n<p><img loading=\"lazy\" decoding=\"async\" class=\"alignnone size-full wp-image-36364\" src=\"https:\/\/jorgezanoni.com.br\/2019\/wp-content\/uploads\/2020\/10\/Vin\u00edcius-Cardoso-ta-fazendo-6-aninho.jpg\" alt=\"\" width=\"960\" height=\"1280\" srcset=\"https:\/\/jorgezanoni.com.br\/2019\/wp-content\/uploads\/2020\/10\/Vin\u00edcius-Cardoso-ta-fazendo-6-aninho.jpg 960w, https:\/\/jorgezanoni.com.br\/2019\/wp-content\/uploads\/2020\/10\/Vin\u00edcius-Cardoso-ta-fazendo-6-aninho-225x300.jpg 225w, https:\/\/jorgezanoni.com.br\/2019\/wp-content\/uploads\/2020\/10\/Vin\u00edcius-Cardoso-ta-fazendo-6-aninho-768x1024.jpg 768w, https:\/\/jorgezanoni.com.br\/2019\/wp-content\/uploads\/2020\/10\/Vin\u00edcius-Cardoso-ta-fazendo-6-aninho-696x928.jpg 696w, https:\/\/jorgezanoni.com.br\/2019\/wp-content\/uploads\/2020\/10\/Vin\u00edcius-Cardoso-ta-fazendo-6-aninho-315x420.jpg 315w\" sizes=\"auto, (max-width: 960px) 100vw, 960px\" \/>Vin\u00edcius Cardoso (6 anos)<\/p>\n","protected":false},"excerpt":{"rendered":"<p>PARABENIZAMOS OS ANIVERSARIANTES DE HOJE: Bruna Lopes Willian Roza e Dayane Xavier Fabiana Marcella Liliane Pompilio Bizacha Luciano Gerlin da Silva Lurdes Balestra Tavares Marcelo Jos\u00e9 de Lima Maria Lucia Carneiro Tavares Marilza Milharesi Bonilha Mario Ebisawa Neide Vieira da Silva Patr\u00edcia Onishi San Hiramatsu Valdeci Junior Siena Vin\u00edcius Cardoso (6 anos)<\/p>\n","protected":false},"author":1,"featured_media":36327,"comment_status":"closed","ping_status":"open","sticky":false,"template":"","format":"standard","meta":{"footnotes":""},"categories":[174],"tags":[],"class_list":["post-36317","post","type-post","status-publish","format-standard","has-post-thumbnail","hentry","category-aniversariantes"],"_links":{"self":[{"href":"https:\/\/jorgezanoni.com.br\/2019\/wp-json\/wp\/v2\/posts\/36317","targetHints":{"allow":["GET"]}}],"collection":[{"href":"https:\/\/jorgezanoni.com.br\/2019\/wp-json\/wp\/v2\/posts"}],"about":[{"href":"https:\/\/jorgezanoni.com.br\/2019\/wp-json\/wp\/v2\/types\/post"}],"author":[{"embeddable":true,"href":"https:\/\/jorgezanoni.com.br\/2019\/wp-json\/wp\/v2\/users\/1"}],"replies":[{"embeddable":true,"href":"https:\/\/jorgezanoni.com.br\/2019\/wp-json\/wp\/v2\/comments?post=36317"}],"version-history":[{"count":0,"href":"https:\/\/jorgezanoni.com.br\/2019\/wp-json\/wp\/v2\/posts\/36317\/revisions"}],"wp:featuredmedia":[{"embeddable":true,"href":"https:\/\/jorgezanoni.com.br\/2019\/wp-json\/wp\/v2\/media\/36327"}],"wp:attachment":[{"href":"https:\/\/jorgezanoni.com.br\/2019\/wp-json\/wp\/v2\/media?parent=36317"}],"wp:term":[{"taxonomy":"category","embeddable":true,"href":"https:\/\/jorgezanoni.com.br\/2019\/wp-json\/wp\/v2\/categories?post=36317"},{"taxonomy":"post_tag","embeddable":true,"href":"https:\/\/jorgezanoni.com.br\/2019\/wp-json\/wp\/v2\/tags?post=36317"}],"curies":[{"name":"wp","href":"https:\/\/api.w.org\/{rel}","templated":true}]}}