{"id":36310,"date":"2020-10-06T01:24:10","date_gmt":"2020-10-06T01:24:10","guid":{"rendered":"https:\/\/jorgezanoni.com.br\/2019\/?p=36310"},"modified":"2020-10-06T01:24:10","modified_gmt":"2020-10-06T01:24:10","slug":"dracena-registra-a-23a-morte-de-morador-por-covid-19","status":"publish","type":"post","link":"https:\/\/jorgezanoni.com.br\/2019\/dracena-registra-a-23a-morte-de-morador-por-covid-19\/","title":{"rendered":"Dracena registra a 23\u00aa morte de morador por COVID-19"},"content":{"rendered":"<div class=\"kvgmc6g5 cxmmr5t8 oygrvhab hcukyx3x c1et5uql ii04i59q\">\n<div dir=\"auto\" style=\"text-align: justify;\">NOTA OFICIAL<\/div>\n<\/div>\n<div class=\"o9v6fnle cxmmr5t8 oygrvhab hcukyx3x c1et5uql ii04i59q\" style=\"text-align: justify;\">\n<div dir=\"auto\">Vig\u00e9simo terceiro falecimento por Covid-19<\/div>\n<\/div>\n<div class=\"o9v6fnle cxmmr5t8 oygrvhab hcukyx3x c1et5uql ii04i59q\" style=\"text-align: justify;\">\n<div dir=\"auto\">Um homem de 72 anos faleceu hoje (05) no in\u00edcio da tarde em Dracena.<\/div>\n<\/div>\n<div class=\"o9v6fnle cxmmr5t8 oygrvhab hcukyx3x c1et5uql ii04i59q\" style=\"text-align: justify;\">\n<div dir=\"auto\">Ele era morador do nosso munic\u00edpio, estava internado na Santa Casa desde o dia 24 de setembro e j\u00e1 tinha a confirma\u00e7\u00e3o de Covid-19.<\/div>\n<\/div>\n<div class=\"o9v6fnle cxmmr5t8 oygrvhab hcukyx3x c1et5uql ii04i59q\" style=\"text-align: justify;\">\n<div dir=\"auto\">A Prefeitura de Dracena lamenta o ocorrido e externa solidariedade aos familiares e amigos da v\u00edtima.<\/div>\n<div dir=\"auto\"><\/div>\n<\/div>\n<div dir=\"auto\" style=\"text-align: justify;\">Fonte: https:\/\/www.facebook.com\/prefeituramunicipaldracena<\/div>\n","protected":false},"excerpt":{"rendered":"<p>NOTA OFICIAL Vig\u00e9simo terceiro falecimento por Covid-19 Um homem de 72 anos faleceu hoje (05) no in\u00edcio da tarde em Dracena. Ele era morador do nosso munic\u00edpio, estava internado na Santa Casa desde o dia 24 de setembro e j\u00e1 tinha a confirma\u00e7\u00e3o de Covid-19. A Prefeitura de Dracena lamenta o ocorrido e externa solidariedade [&hellip;]<\/p>\n","protected":false},"author":1,"featured_media":36311,"comment_status":"closed","ping_status":"open","sticky":false,"template":"","format":"standard","meta":{"footnotes":""},"categories":[178,110],"tags":[],"class_list":["post-36310","post","type-post","status-publish","format-standard","has-post-thumbnail","hentry","category-notadefalecimento","category-noticiasdestaque"],"_links":{"self":[{"href":"https:\/\/jorgezanoni.com.br\/2019\/wp-json\/wp\/v2\/posts\/36310","targetHints":{"allow":["GET"]}}],"collection":[{"href":"https:\/\/jorgezanoni.com.br\/2019\/wp-json\/wp\/v2\/posts"}],"about":[{"href":"https:\/\/jorgezanoni.com.br\/2019\/wp-json\/wp\/v2\/types\/post"}],"author":[{"embeddable":true,"href":"https:\/\/jorgezanoni.com.br\/2019\/wp-json\/wp\/v2\/users\/1"}],"replies":[{"embeddable":true,"href":"https:\/\/jorgezanoni.com.br\/2019\/wp-json\/wp\/v2\/comments?post=36310"}],"version-history":[{"count":0,"href":"https:\/\/jorgezanoni.com.br\/2019\/wp-json\/wp\/v2\/posts\/36310\/revisions"}],"wp:featuredmedia":[{"embeddable":true,"href":"https:\/\/jorgezanoni.com.br\/2019\/wp-json\/wp\/v2\/media\/36311"}],"wp:attachment":[{"href":"https:\/\/jorgezanoni.com.br\/2019\/wp-json\/wp\/v2\/media?parent=36310"}],"wp:term":[{"taxonomy":"category","embeddable":true,"href":"https:\/\/jorgezanoni.com.br\/2019\/wp-json\/wp\/v2\/categories?post=36310"},{"taxonomy":"post_tag","embeddable":true,"href":"https:\/\/jorgezanoni.com.br\/2019\/wp-json\/wp\/v2\/tags?post=36310"}],"curies":[{"name":"wp","href":"https:\/\/api.w.org\/{rel}","templated":true}]}}