{"id":36307,"date":"2020-10-06T01:09:51","date_gmt":"2020-10-06T01:09:51","guid":{"rendered":"https:\/\/jorgezanoni.com.br\/2019\/?p=36307"},"modified":"2020-10-06T01:09:51","modified_gmt":"2020-10-06T01:09:51","slug":"motorista-e-abordado-sob-suspeita-de-furtar-combustivel-de-caminhao-tanque-placas-de-dracena-em-adamantina","status":"publish","type":"post","link":"https:\/\/jorgezanoni.com.br\/2019\/motorista-e-abordado-sob-suspeita-de-furtar-combustivel-de-caminhao-tanque-placas-de-dracena-em-adamantina\/","title":{"rendered":"Motorista \u00e9 abordado sob suspeita de furtar combust\u00edvel de caminh\u00e3o-tanque placas de Dracena, em Adamantina"},"content":{"rendered":"<h2 class=\"content-head__subtitle\" style=\"text-align: justify;\"><strong>Condutor foi parado pela Pol\u00edcia Militar Rodovi\u00e1ria na Rodovia Comandante Jo\u00e3o Ribeiro de Barros (SP-294). Per\u00edcia apontou que um dos compartimentos estava com o lacre rompido.<\/strong><\/h2>\n<div class=\"mc-column content-text active-extra-styles \" style=\"text-align: justify;\" data-block-type=\"unstyled\" data-block-weight=\"20\" data-block-id=\"2\">\n<p class=\"content-text__container \" data-track-category=\"Link no Texto\" data-track-links=\"\">Um motorista de 29 anos foi abordado nesta segunda-feira (5), em\u00a0<a href=\"https:\/\/g1.globo.com\/sp\/presidente-prudente-regiao\/cidade\/adamantina\/\">Adamantina<\/a>, suspeito de furtar combust\u00edvel do caminh\u00e3o-tanque que conduzia.<\/p>\n<\/div>\n<div class=\"wall protected-content\">\n<div class=\"mc-column content-text active-extra-styles \" style=\"text-align: justify;\" data-block-type=\"unstyled\" data-block-weight=\"28\" data-block-id=\"3\">\n<p class=\"content-text__container \" data-track-category=\"Link no Texto\" data-track-links=\"\">A Pol\u00edcia Militar Rodovi\u00e1ria recebeu uma den\u00fancia an\u00f4nima que indicava o condutor do caminh\u00e3o-tanque como suspeito de retirar combust\u00edvel de dentro do tanque do ve\u00edculo de maneira il\u00edcita.<\/p>\n<\/div>\n<div class=\"mc-column content-text active-extra-styles \" style=\"text-align: justify;\" data-block-type=\"unstyled\" data-block-weight=\"16\" data-block-id=\"4\">\n<p class=\"content-text__container \" data-track-category=\"Link no Texto\" data-track-links=\"\">A abordagem e vistoria ocorreram no km 590,1 da Rodovia Comandante Jo\u00e3o Ribeiro de Barros (SP-294).<\/p>\n<\/div>\n<div class=\"mc-column content-text active-extra-styles \" style=\"text-align: justify;\" data-block-type=\"unstyled\" data-block-weight=\"33\" data-block-id=\"5\">\n<p class=\"content-text__container \" data-track-category=\"Link no Texto\" data-track-links=\"\">O condutor do caminh\u00e3o, com placas de Dracena, que iria abastecer postos na regi\u00e3o, carregou o ve\u00edculo com 20 mil litros de \u00e1lcool et\u00edlico, conforme constava em nota, em uma usina, em Luc\u00e9lia.<\/p>\n<\/div>\n<div class=\"mc-column content-text active-extra-styles \" style=\"text-align: justify;\" data-block-type=\"unstyled\" data-block-weight=\"21\" data-block-id=\"6\">\n<p class=\"content-text__container \" data-track-category=\"Link no Texto\" data-track-links=\"\">Na caixa de ferramentas do ve\u00edculo foram encontrados 100 litros de etanol e 20 litros de gasolina armazenados em seis gal\u00f5es.<\/p>\n<\/div>\n<div class=\"mc-column content-text active-extra-styles \" style=\"text-align: justify;\" data-block-type=\"unstyled\" data-block-weight=\"28\" data-block-id=\"7\">\n<p class=\"content-text__container \" data-track-category=\"Link no Texto\" data-track-links=\"\">De acordo com a pol\u00edcia, o homem relatou que comprou os gal\u00f5es, j\u00e1 carregados, de uma pessoa n\u00e3o conhecida, pelo valor total de R$ 100, dentro da usina.<\/p>\n<\/div>\n<div class=\"mc-column content-text active-extra-styles \" style=\"text-align: justify;\" data-block-type=\"unstyled\" data-block-weight=\"45\" data-block-id=\"8\">\n<p class=\"content-text__container \" data-track-category=\"Link no Texto\" data-track-links=\"\">O caminh\u00e3o e os gal\u00f5es foram periciados pela Pol\u00edcia Cient\u00edfica. Segundo a pol\u00edcia, o perito verificou que o tanque de combust\u00edvel do caminh\u00e3o, com tr\u00eas reparti\u00e7\u00f5es, tinha um dos lacres do Centro de Tecnologia Mineral (Cetem) da \u201cboca do tanque\u201d (parte superior do caminh\u00e3o) rompido.<\/p>\n<\/div>\n<div class=\"mc-column content-text active-extra-styles \" style=\"text-align: justify;\" data-block-type=\"unstyled\" data-block-weight=\"13\" data-block-id=\"9\">\n<p class=\"content-text__container \" data-track-category=\"Link no Texto\" data-track-links=\"\">O caso foi registrado na Pol\u00edcia Civil e os seis gal\u00f5es foram apreendidos.<\/p>\n<\/div>\n<div class=\"content-ads content-ads--reveal\" style=\"text-align: justify;\" data-block-type=\"ads\" data-block-id=\"10\">\n<div id=\"banner_materia2\" class=\"tag-manager-publicidade-container mc-has-reveal mc-has-ad-lazyload\" data-id=\"banner_materia2\"><\/div>\n<\/div>\n<div class=\"mc-column content-text active-extra-styles \" style=\"text-align: justify;\" data-block-type=\"unstyled\" data-block-weight=\"18\" data-block-id=\"11\">\n<p class=\"content-text__container \" data-track-category=\"Link no Texto\" data-track-links=\"\">O condutor, que \u00e9 morador de Fl\u00f3rida Paulista, e o caminh\u00e3o foram liberados, segundo a Pol\u00edcia Militar Rodovi\u00e1ria.<\/p>\n<\/div>\n<div class=\"mc-column content-text active-extra-styles \" style=\"text-align: justify;\" data-block-type=\"unstyled\" data-block-weight=\"8\" data-block-id=\"12\">\n<p class=\"content-text__container \" data-track-category=\"Link no Texto\" data-track-links=\"\">O caso continua em investiga\u00e7\u00e3o pela Pol\u00edcia Civil.<\/p>\n<\/div>\n<div class=\"row medium-uncollapsed content-media content-photo\" data-block-type=\"backstage-photo\" data-block-id=\"13\">\n<div class=\"mc-column content-media__container\">\n<figure style=\"text-align: justify;\"><img decoding=\"async\" class=\"i-amphtml-fill-content i-amphtml-replaced-content\" src=\"https:\/\/s2.glbimg.com\/k_UhlcSluDSrrlIZ10I-pZ0Kn_w=\/0x0:1032x581\/984x0\/smart\/filters:strip_icc()\/i.s3.glbimg.com\/v1\/AUTH_59edd422c0c84a879bd37670ae4f538a\/internal_photos\/bs\/2020\/I\/R\/zYQvhHSviwjQAy8cV0nQ\/whatsapp-image-2020-10-05-at-19.56.55.jpeg\" sizes=\"(max-width: 1366px) 648px, 100vw\" srcset=\"https:\/\/s2.glbimg.com\/45dXKlvF-1cUO-re75zNKne5wbs=\/0x0:1032x581\/1000x0\/smart\/filters:strip_icc()\/i.s3.glbimg.com\/v1\/AUTH_59edd422c0c84a879bd37670ae4f538a\/internal_photos\/bs\/2020\/I\/R\/zYQvhHSviwjQAy8cV0nQ\/whatsapp-image-2020-10-05-at-19.56.55.jpeg 1000w, https:\/\/s2.glbimg.com\/k_UhlcSluDSrrlIZ10I-pZ0Kn_w=\/0x0:1032x581\/984x0\/smart\/filters:strip_icc()\/i.s3.glbimg.com\/v1\/AUTH_59edd422c0c84a879bd37670ae4f538a\/internal_photos\/bs\/2020\/I\/R\/zYQvhHSviwjQAy8cV0nQ\/whatsapp-image-2020-10-05-at-19.56.55.jpeg 984w, https:\/\/s2.glbimg.com\/W_CN9s5KteCuTx5L6RaGZFKbZcU=\/0x0:1032x581\/640x0\/smart\/filters:strip_icc()\/i.s3.glbimg.com\/v1\/AUTH_59edd422c0c84a879bd37670ae4f538a\/internal_photos\/bs\/2020\/I\/R\/zYQvhHSviwjQAy8cV0nQ\/whatsapp-image-2020-10-05-at-19.56.55.jpeg 640w, https:\/\/s2.glbimg.com\/966n6UTI_ckaXnhyKZvgCF2Tc2c=\/0x0:1032x581\/600x0\/smart\/filters:strip_icc()\/i.s3.glbimg.com\/v1\/AUTH_59edd422c0c84a879bd37670ae4f538a\/internal_photos\/bs\/2020\/I\/R\/zYQvhHSviwjQAy8cV0nQ\/whatsapp-image-2020-10-05-at-19.56.55.jpeg 600w\" alt=\"Gal\u00f5es com combust\u00edvel foram encontrados na caixa de ferramentas do caminh\u00e3o \u2014 Foto: Pol\u00edcia Militar Rodovi\u00e1ria\" \/><\/figure>\n<p class=\"content-media__description \" style=\"text-align: justify;\">Gal\u00f5es com combust\u00edvel foram encontrados na caixa de ferramentas do caminh\u00e3o \u2014 Foto: Pol\u00edcia Militar Rodovi\u00e1ria<\/p>\n<p style=\"text-align: justify;\">Fonte: G1 e PMR<\/p>\n<\/div>\n<\/div>\n<\/div>\n","protected":false},"excerpt":{"rendered":"<p>Condutor foi parado pela Pol\u00edcia Militar Rodovi\u00e1ria na Rodovia Comandante Jo\u00e3o Ribeiro de Barros (SP-294). Per\u00edcia apontou que um dos compartimentos estava com o lacre rompido. Um motorista de 29 anos foi abordado nesta segunda-feira (5), em\u00a0Adamantina, suspeito de furtar combust\u00edvel do caminh\u00e3o-tanque que conduzia. A Pol\u00edcia Militar Rodovi\u00e1ria recebeu uma den\u00fancia an\u00f4nima que indicava [&hellip;]<\/p>\n","protected":false},"author":1,"featured_media":36308,"comment_status":"closed","ping_status":"open","sticky":false,"template":"","format":"standard","meta":{"footnotes":""},"categories":[110,2],"tags":[],"class_list":["post-36307","post","type-post","status-publish","format-standard","has-post-thumbnail","hentry","category-noticiasdestaque","category-policial"],"_links":{"self":[{"href":"https:\/\/jorgezanoni.com.br\/2019\/wp-json\/wp\/v2\/posts\/36307","targetHints":{"allow":["GET"]}}],"collection":[{"href":"https:\/\/jorgezanoni.com.br\/2019\/wp-json\/wp\/v2\/posts"}],"about":[{"href":"https:\/\/jorgezanoni.com.br\/2019\/wp-json\/wp\/v2\/types\/post"}],"author":[{"embeddable":true,"href":"https:\/\/jorgezanoni.com.br\/2019\/wp-json\/wp\/v2\/users\/1"}],"replies":[{"embeddable":true,"href":"https:\/\/jorgezanoni.com.br\/2019\/wp-json\/wp\/v2\/comments?post=36307"}],"version-history":[{"count":0,"href":"https:\/\/jorgezanoni.com.br\/2019\/wp-json\/wp\/v2\/posts\/36307\/revisions"}],"wp:featuredmedia":[{"embeddable":true,"href":"https:\/\/jorgezanoni.com.br\/2019\/wp-json\/wp\/v2\/media\/36308"}],"wp:attachment":[{"href":"https:\/\/jorgezanoni.com.br\/2019\/wp-json\/wp\/v2\/media?parent=36307"}],"wp:term":[{"taxonomy":"category","embeddable":true,"href":"https:\/\/jorgezanoni.com.br\/2019\/wp-json\/wp\/v2\/categories?post=36307"},{"taxonomy":"post_tag","embeddable":true,"href":"https:\/\/jorgezanoni.com.br\/2019\/wp-json\/wp\/v2\/tags?post=36307"}],"curies":[{"name":"wp","href":"https:\/\/api.w.org\/{rel}","templated":true}]}}